{"id":10865,"date":"2005-01-01T00:00:00","date_gmt":"2005-01-01T00:00:00","guid":{"rendered":"https:\/\/demop.netbaz.be\/2021\/jp\/2005\/01\/01\/l-eau-enjeu-de-conflit\/"},"modified":"2005-01-01T00:00:00","modified_gmt":"2005-01-01T00:00:00","slug":"l-eau-enjeu-de-conflit","status":"publish","type":"post","link":"https:\/\/www.justicepaix.be\/en\/l-eau-enjeu-de-conflit\/","title":{"rendered":"Water: a conflict issue"},"content":{"rendered":"<p>Cette \u00e9tude, \u00e9crite par L\u00e9on Saur, est l&rsquo;une des contributions de Justice et Paix \u00e0 la Campagne commune \u00abL&rsquo;acc\u00e8s \u00e0 l&rsquo;eau : un droit \u00e9conomique et social\u00bb de Justice et Paix &#038; Entraide et Fraternit\u00e9.<\/p>\n<p><em>Order by <a href=\"\/en\/info@justicepaix.be\/\">e-mail<\/a> ou au +32 (0) 2 738 08 01. (27 pages, 5\u20ac)<\/em><\/p>","protected":false},"excerpt":{"rendered":"<p>Cette \u00e9tude, \u00e9crite par L\u00e9on Saur, est l&rsquo;une des contributions de Justice et Paix \u00e0 la Campagne commune \u00abL&rsquo;acc\u00e8s \u00e0 l&rsquo;eau : un droit \u00e9conomique et social\u00bb de Justice et Paix &#038; Entraide et Fraternit\u00e9. Commandez par courriel ou au +32 (0) 2 738 08 01. (27 pages, 5\u20ac)<\/p>","protected":false},"author":1,"featured_media":0,"comment_status":"closed","ping_status":"open","sticky":false,"template":"","format":"standard","meta":{"_acf_changed":false,"_seopress_robots_primary_cat":"","_seopress_titles_title":"","_seopress_titles_desc":"","_seopress_robots_index":"","footnotes":""},"categories":[2686],"tags":[2816,2823,2805,2825],"class_list":["post-10865","post","type-post","status-publish","format-standard","hentry","category-pre-2015","tag-eau","tag-etude","tag-geopolitique","tag-prevention-des-conflits"],"acf":[],"_links":{"self":[{"href":"https:\/\/www.justicepaix.be\/en\/wp-json\/wp\/v2\/posts\/10865","targetHints":{"allow":["GET"]}}],"collection":[{"href":"https:\/\/www.justicepaix.be\/en\/wp-json\/wp\/v2\/posts"}],"about":[{"href":"https:\/\/www.justicepaix.be\/en\/wp-json\/wp\/v2\/types\/post"}],"author":[{"embeddable":true,"href":"https:\/\/www.justicepaix.be\/en\/wp-json\/wp\/v2\/users\/1"}],"replies":[{"embeddable":true,"href":"https:\/\/www.justicepaix.be\/en\/wp-json\/wp\/v2\/comments?post=10865"}],"version-history":[{"count":0,"href":"https:\/\/www.justicepaix.be\/en\/wp-json\/wp\/v2\/posts\/10865\/revisions"}],"wp:attachment":[{"href":"https:\/\/www.justicepaix.be\/en\/wp-json\/wp\/v2\/media?parent=10865"}],"wp:term":[{"taxonomy":"category","embeddable":true,"href":"https:\/\/www.justicepaix.be\/en\/wp-json\/wp\/v2\/categories?post=10865"},{"taxonomy":"post_tag","embeddable":true,"href":"https:\/\/www.justicepaix.be\/en\/wp-json\/wp\/v2\/tags?post=10865"}],"curies":[{"name":"wp","href":"https:\/\/api.w.org\/{rel}","templated":true}]}}