{"id":10863,"date":"2005-01-01T00:00:00","date_gmt":"2005-01-01T00:00:00","guid":{"rendered":"https:\/\/demop.netbaz.be\/2021\/jp\/2005\/01\/01\/reconcilier-l-inconciliable-comment-rendre-justice-et-memoire\/"},"modified":"2005-01-01T00:00:00","modified_gmt":"2005-01-01T00:00:00","slug":"reconciling-the-irreconcilable-how-to-do-justice-and-memory","status":"publish","type":"post","link":"https:\/\/www.justicepaix.be\/en\/reconcilier-l-inconciliable-comment-rendre-justice-et-memoire\/","title":{"rendered":"Reconciling the irreconcilable? How to do justice and memory?"},"content":{"rendered":"<p>Resulting from the contributions of the study days organized on June 9 and 10, 2005, this file is a reflection on the strategies and tools to be implemented to manage a situation after a conflict.<\/p>\n<p><em>Order by <a href=\"\/en\/info@justicepaix.be\/\">e-mail<\/a> or at +32 (0) 2 738 08 01. (38 pages, \u20ac3)<\/em><\/p>","protected":false},"excerpt":{"rendered":"<p>Issu des apports des journ\u00e9es d&rsquo;\u00e9tude organis\u00e9es les 9 et 10 juin 2005, ce dossier est une r\u00e9flexion sur les strat\u00e9gies et outils \u00e0 mettre en oeuvre pour g\u00e9rer une situation apr\u00e8s un conflit. Commandez par courriel ou au +32 (0) 2 738 08 01. (38 pages, 3\u20ac)<\/p>","protected":false},"author":1,"featured_media":0,"comment_status":"closed","ping_status":"open","sticky":false,"template":"","format":"standard","meta":{"_acf_changed":false,"_seopress_robots_primary_cat":"","_seopress_titles_title":"","_seopress_titles_desc":"","_seopress_robots_index":"","footnotes":""},"categories":[2686],"tags":[2823,2796],"class_list":["post-10863","post","type-post","status-publish","format-standard","hentry","category-pre-2015","tag-etude","tag-lutte-contre-limpunite"],"acf":[],"_links":{"self":[{"href":"https:\/\/www.justicepaix.be\/en\/wp-json\/wp\/v2\/posts\/10863","targetHints":{"allow":["GET"]}}],"collection":[{"href":"https:\/\/www.justicepaix.be\/en\/wp-json\/wp\/v2\/posts"}],"about":[{"href":"https:\/\/www.justicepaix.be\/en\/wp-json\/wp\/v2\/types\/post"}],"author":[{"embeddable":true,"href":"https:\/\/www.justicepaix.be\/en\/wp-json\/wp\/v2\/users\/1"}],"replies":[{"embeddable":true,"href":"https:\/\/www.justicepaix.be\/en\/wp-json\/wp\/v2\/comments?post=10863"}],"version-history":[{"count":0,"href":"https:\/\/www.justicepaix.be\/en\/wp-json\/wp\/v2\/posts\/10863\/revisions"}],"wp:attachment":[{"href":"https:\/\/www.justicepaix.be\/en\/wp-json\/wp\/v2\/media?parent=10863"}],"wp:term":[{"taxonomy":"category","embeddable":true,"href":"https:\/\/www.justicepaix.be\/en\/wp-json\/wp\/v2\/categories?post=10863"},{"taxonomy":"post_tag","embeddable":true,"href":"https:\/\/www.justicepaix.be\/en\/wp-json\/wp\/v2\/tags?post=10863"}],"curies":[{"name":"wp","href":"https:\/\/api.w.org\/{rel}","templated":true}]}}