{"id":10620,"date":"2007-01-01T00:00:00","date_gmt":"2007-01-01T00:00:00","guid":{"rendered":"https:\/\/demop.netbaz.be\/2021\/jp\/2007\/01\/01\/la-securite-par-le-feu-nucleaire-versus-le-nucleaire-comme-menace-a-la-securite\/"},"modified":"2021-04-14T11:44:31","modified_gmt":"2021-04-14T11:44:31","slug":"la-securite-par-le-feu-nucleaire-versus-le-nucleaire-comme-menace-a-la-securite","status":"publish","type":"post","link":"https:\/\/www.justicepaix.be\/en\/la-securite-par-le-feu-nucleaire-versus-le-nucleaire-comme-menace-a-la-securite\/","title":{"rendered":"Security through nuclear fire versus nuclear power as a threat to security"},"content":{"rendered":"Depuis Hiroshima et Nagasaki, l\u2019arme nucl\u00e9aire s\u2019est r\u00e9pandue dans le monde, garantissant la s\u00e9curit\u00e9 des \u00c9tats qui la d\u00e9tiennent en d\u00e9courageant une attaque \u00e0 leur encontre.\n\nMais le pouvoir de destruction de ces armes fait peur et la volont\u00e9 de voir leur quantit\u00e9 diminuer et leur usage s\u00e9v\u00e8rement contr\u00f4l\u00e9 se fait sentir avec intensit\u00e9. Cette analyse passe en revue les d\u00e9buts du nucl\u00e9aire militaire, l\u2019\u00e9volution de la doctrine qui en formalise l\u2019utilisation et les enjeux actuels li\u00e9s aux faiblesses du Trait\u00e9 de Non-Prolif\u00e9ration.\n\n<a href=\"http:\/\/demop.netbaz.be\/2021\/jp\/wp-content\/uploads\/2007\/01\/pdf_2007AnalyseLasecuriteparlefeunucleaire.pdf\" data-description=\"10 pages\">2007AnalyseLasecuriteparlefeunucleaire.pdf<\/a>\n<h2 class=\"wp-block-heading\">Attachments<\/h2>\n\n\n\n<div class=\"wp-block-file\"><a href=\"http:\/\/demop.netbaz.be\/2021\/jp\/wp-content\/uploads\/2009\/09\/pdf_2007AnalyseLasecuriteparlefeunucleaire.pdf\">2007AnalyseLasecuriteparlefeunucleaire.pdf<\/a><\/div>","protected":false},"excerpt":{"rendered":"<p>Depuis Hiroshima et Nagasaki, l\u2019arme nucl\u00e9aire s\u2019est r\u00e9pandue dans le monde, garantissant la s\u00e9curit\u00e9 des \u00c9tats qui la d\u00e9tiennent en d\u00e9courageant une attaque \u00e0 leur encontre. Mais le pouvoir de destruction de ces armes fait peur et la volont\u00e9 de voir leur quantit\u00e9 diminuer et leur usage s\u00e9v\u00e8rement contr\u00f4l\u00e9 se fait sentir avec intensit\u00e9. Cette [&hellip;]<\/p>\n","protected":false},"author":1,"featured_media":0,"comment_status":"closed","ping_status":"open","sticky":false,"template":"","format":"standard","meta":{"_acf_changed":false,"_seopress_robots_primary_cat":"","_seopress_titles_title":"","_seopress_titles_desc":"","_seopress_robots_index":"","footnotes":""},"categories":[2686],"tags":[2799,2795,2805,2807],"class_list":["post-10620","post","type-post","status-publish","format-standard","hentry","category-pre-2015","tag-armes-desarmement","tag-article","tag-geopolitique","tag-organisations-internationales"],"acf":[],"_links":{"self":[{"href":"https:\/\/www.justicepaix.be\/en\/wp-json\/wp\/v2\/posts\/10620","targetHints":{"allow":["GET"]}}],"collection":[{"href":"https:\/\/www.justicepaix.be\/en\/wp-json\/wp\/v2\/posts"}],"about":[{"href":"https:\/\/www.justicepaix.be\/en\/wp-json\/wp\/v2\/types\/post"}],"author":[{"embeddable":true,"href":"https:\/\/www.justicepaix.be\/en\/wp-json\/wp\/v2\/users\/1"}],"replies":[{"embeddable":true,"href":"https:\/\/www.justicepaix.be\/en\/wp-json\/wp\/v2\/comments?post=10620"}],"version-history":[{"count":0,"href":"https:\/\/www.justicepaix.be\/en\/wp-json\/wp\/v2\/posts\/10620\/revisions"}],"wp:attachment":[{"href":"https:\/\/www.justicepaix.be\/en\/wp-json\/wp\/v2\/media?parent=10620"}],"wp:term":[{"taxonomy":"category","embeddable":true,"href":"https:\/\/www.justicepaix.be\/en\/wp-json\/wp\/v2\/categories?post=10620"},{"taxonomy":"post_tag","embeddable":true,"href":"https:\/\/www.justicepaix.be\/en\/wp-json\/wp\/v2\/tags?post=10620"}],"curies":[{"name":"wp","href":"https:\/\/api.w.org\/{rel}","templated":true}]}}