{"id":10578,"date":"2007-01-01T00:00:00","date_gmt":"2007-01-01T00:00:00","guid":{"rendered":"https:\/\/demop.netbaz.be\/2021\/jp\/2007\/01\/01\/prise-de-parole-de-chretiens\/"},"modified":"2007-01-01T00:00:00","modified_gmt":"2007-01-01T00:00:00","slug":"prise-de-parole-de-chretiens","status":"publish","type":"post","link":"https:\/\/www.justicepaix.be\/en\/prise-de-parole-de-chretiens\/","title":{"rendered":"Christian speaking"},"content":{"rendered":"<p>Prise de parole, vis-\u00e0-vis du monde politique belge, d\u2019un groupe de membres de Justice et Paix et de Pax Christi, Congolais et Belges, tous engag\u00e9s pour la paix et la solidarit\u00e9 internationale avec le Congo et convaincus  de la n\u00e9cessaire solidarit\u00e9 lucide des enjeux et du r\u00f4le actif que la Belgique peut jouer en faveur de la paix et de la d\u00e9mocratie dans ce pays.<\/p>","protected":false},"excerpt":{"rendered":"<p>Prise de parole, vis-\u00e0-vis du monde politique belge, d\u2019un groupe de membres de Justice et Paix et de Pax Christi, Congolais et Belges, tous engag\u00e9s pour la paix et la solidarit\u00e9 internationale avec le Congo et convaincus de la n\u00e9cessaire solidarit\u00e9 lucide des enjeux et du r\u00f4le actif que la Belgique peut jouer en faveur [&hellip;]<\/p>\n","protected":false},"author":1,"featured_media":0,"comment_status":"closed","ping_status":"open","sticky":false,"template":"","format":"standard","meta":{"_acf_changed":false,"_seopress_robots_primary_cat":"","_seopress_titles_title":"","_seopress_titles_desc":"","_seopress_robots_index":"","footnotes":""},"categories":[2686],"tags":[2794,2795,2804,2792],"class_list":["post-10578","post","type-post","status-publish","format-standard","hentry","category-pre-2015","tag-afrique-centrale","tag-article","tag-questions-ethiques-et-theologiques","tag-rd-congo"],"acf":[],"_links":{"self":[{"href":"https:\/\/www.justicepaix.be\/en\/wp-json\/wp\/v2\/posts\/10578","targetHints":{"allow":["GET"]}}],"collection":[{"href":"https:\/\/www.justicepaix.be\/en\/wp-json\/wp\/v2\/posts"}],"about":[{"href":"https:\/\/www.justicepaix.be\/en\/wp-json\/wp\/v2\/types\/post"}],"author":[{"embeddable":true,"href":"https:\/\/www.justicepaix.be\/en\/wp-json\/wp\/v2\/users\/1"}],"replies":[{"embeddable":true,"href":"https:\/\/www.justicepaix.be\/en\/wp-json\/wp\/v2\/comments?post=10578"}],"version-history":[{"count":0,"href":"https:\/\/www.justicepaix.be\/en\/wp-json\/wp\/v2\/posts\/10578\/revisions"}],"wp:attachment":[{"href":"https:\/\/www.justicepaix.be\/en\/wp-json\/wp\/v2\/media?parent=10578"}],"wp:term":[{"taxonomy":"category","embeddable":true,"href":"https:\/\/www.justicepaix.be\/en\/wp-json\/wp\/v2\/categories?post=10578"},{"taxonomy":"post_tag","embeddable":true,"href":"https:\/\/www.justicepaix.be\/en\/wp-json\/wp\/v2\/tags?post=10578"}],"curies":[{"name":"wp","href":"https:\/\/api.w.org\/{rel}","templated":true}]}}