{"id":30019,"date":"2025-09-16T13:49:27","date_gmt":"2025-09-16T11:49:27","guid":{"rendered":"https:\/\/www.justicepaix.be\/?p=30019"},"modified":"2025-09-16T16:57:29","modified_gmt":"2025-09-16T14:57:29","slug":"conflit-israelo-palestinien-des-associations-plaident-pour-cesser-les-services-et-les-investissements-avec-israel-la-libre","status":"publish","type":"post","link":"http:\/\/www.justicepaix.be\/en\/conflit-israelo-palestinien-des-associations-plaident-pour-cesser-les-services-et-les-investissements-avec-israel-la-libre\/","title":{"rendered":"Conflit isra\u00e9lo-palestinien &#8211; Des associations plaident pour cesser les services et les investissements avec Isra\u00ebl &#8211; La Libre"},"content":{"rendered":"<p><\/p>\n\n\n\n<p>\u00a0NOUVEAU RAPPORT d&rsquo;Oxfam: Stop au commerce avec les colonies isra\u00e9liennes ill\u00e9gales.<\/p>\n\n\n\n<p><br>Aujourd\u2019hui, 82 organisations de la soci\u00e9t\u00e9 civile, dont 16 belges, lancent un appel urgent : il est temps de mettre fin \u00e0 toute forme de commerce avec les colonies isra\u00e9liennes ill\u00e9gales dans le territoire palestinien occup\u00e9.<br><br>Leur rapport r\u00e9v\u00e8le comment des entreprises \u2013 de la grande distribution aux g\u00e9ants de la finance et du tourisme \u2013 profitent directement de l\u2019occupation et de la colonisation du territoire palestinien.<\/p>\n\n\n\n<p>L&rsquo;article ci-dessous:<\/p>\n\n\n\n<p><\/p>\n\n\n\n<p>L&rsquo;interdiction d&rsquo;importation de produits isra\u00e9liens issus des colonies doit \u00eatre \u00e9tendue aux services et aux investissements, ressort-il d&rsquo;un rapport publi\u00e9 lundi par une alliance de plus de 80 organisations. En continuant \u00e0 n\u00e9gocier avec les territoires occup\u00e9s, les pays et les entreprises contribuent directement \u00e0 la crise humanitaire provoqu\u00e9e par Isra\u00ebl.<\/p>\n\n\n\n<p><\/p>\n\n\n\n<p>Le rapport \u00ab\u00a0Stop Trade with Settlements\u00a0\u00bb invite les pays \u00e0 interdire toute forme de commerce avec les territoires isra\u00e9liens ill\u00e9gaux. Il explique pourquoi les pays ne doivent pas seulement cesser d&rsquo;importer des produits, mais que tout \u00e9change doit aussi \u00eatre suspendu pour les services et les investissements afin de se conformer \u00e0 l&rsquo;avis de la Cour de justice internationale de juillet 2024.<\/p>\n\n\n\n<p>\u00ab\u00a0Cesser le commerce avec les colonies est une \u00e9tape indispensable pour garantir les droits humains, mettre fin \u00e0 l&rsquo;extension des territoires isra\u00e9liens et arr\u00eater l&rsquo;occupation ill\u00e9gale\u00a0\u00bb, explique Oxfam, membre de l&rsquo;alliance.<\/p>\n\n\n\n<p>\u00ab\u00a0La Cour de justice internationale est on ne peut plus clair: les pays comme la Belgique ont une obligation juridique d&rsquo;interdire toute forme de commerce et d&rsquo;investissement si ceux-ci contribuent \u00e0 maintenir l&rsquo;occupation ill\u00e9gale isra\u00e9lienne\u00a0\u00bb, commente Willem Staes, expert Moyen-Orient chez 11.11.11. \u00ab\u00a0L&rsquo;interdiction d&rsquo;importer des produits d\u00e9cr\u00e9t\u00e9e r\u00e9cemment par la Belgique reste en de\u00e7\u00e0 du seuil minimum. Cette interdiction doit inclure les services et les investissements. Le gouvernement doit rapidement passer \u00e0 la vitesse sup\u00e9rieure.\u00a0\u00bb<\/p>\n\n\n\n<p>L&rsquo;Union europ\u00e9enne reste le principal partenaire commercial d&rsquo;Isra\u00ebl, avec 42 milliards d&rsquo;euros d&rsquo;\u00e9changes commerciaux l&rsquo;an dernier.<\/p>\n\n\n\n<p><\/p>\n\n\n\n<p>D\u00e9couvrez l&rsquo;article sur le site de La Libre: <a href=\"https:\/\/www.lalibre.be\/dernieres-depeches\/2025\/09\/15\/conflit-israelo-palestinien-des-associations-plaident-pour-cesser-les-services-et-les-investissements-avec-israel-5JFBKAAZANGL3LM7G6GDG3ELTU\/\">https:\/\/www.lalibre.be\/dernieres-depeches\/2025\/09\/15\/conflit-israelo-palestinien-des-associations-plaident-pour-cesser-les-services-et-les-investissements-avec-israel-5JFBKAAZANGL3LM7G6GDG3ELTU\/<\/a><\/p>\n\n\n\n<p>Le rapport d&rsquo;Oxfam: <a href=\"https:\/\/www.oxfam.org\/en\/stop-trade-with-settlements\">https:\/\/www.oxfam.org\/en\/stop-trade-with-settlements<\/a><\/p>","protected":false},"excerpt":{"rendered":"<p>\u00a0NOUVEAU RAPPORT d&rsquo;Oxfam: Stop au commerce avec les colonies isra\u00e9liennes ill\u00e9gales. Aujourd\u2019hui, 82 organisations de la soci\u00e9t\u00e9 civile, dont 16 belges, lancent un appel urgent : il est temps de mettre fin \u00e0 toute forme de commerce avec les colonies isra\u00e9liennes ill\u00e9gales dans le territoire palestinien occup\u00e9. Leur rapport r\u00e9v\u00e8le comment des entreprises \u2013 de [&hellip;]<\/p>\n","protected":false},"author":63,"featured_media":23549,"comment_status":"open","ping_status":"open","sticky":false,"template":"","format":"standard","meta":{"_acf_changed":false,"_seopress_robots_primary_cat":"none","_seopress_titles_title":"","_seopress_titles_desc":"","_seopress_robots_index":"","footnotes":""},"categories":[2696,2846,2720,2721],"tags":[2831,3048,2824,3236,3140,2834],"class_list":["post-30019","post","type-post","status-publish","format-standard","has-post-thumbnail","hentry","category-actualites","category-dans-les-medias","category-communiques-de-presse","category-plaidoyer-politique","tag-acteurs-economiques","tag-belgique","tag-droits-humains","tag-gaza","tag-palestine","tag-union-europeenne"],"acf":[],"_links":{"self":[{"href":"http:\/\/www.justicepaix.be\/en\/wp-json\/wp\/v2\/posts\/30019","targetHints":{"allow":["GET"]}}],"collection":[{"href":"http:\/\/www.justicepaix.be\/en\/wp-json\/wp\/v2\/posts"}],"about":[{"href":"http:\/\/www.justicepaix.be\/en\/wp-json\/wp\/v2\/types\/post"}],"author":[{"embeddable":true,"href":"http:\/\/www.justicepaix.be\/en\/wp-json\/wp\/v2\/users\/63"}],"replies":[{"embeddable":true,"href":"http:\/\/www.justicepaix.be\/en\/wp-json\/wp\/v2\/comments?post=30019"}],"version-history":[{"count":3,"href":"http:\/\/www.justicepaix.be\/en\/wp-json\/wp\/v2\/posts\/30019\/revisions"}],"predecessor-version":[{"id":30024,"href":"http:\/\/www.justicepaix.be\/en\/wp-json\/wp\/v2\/posts\/30019\/revisions\/30024"}],"wp:featuredmedia":[{"embeddable":true,"href":"http:\/\/www.justicepaix.be\/en\/wp-json\/wp\/v2\/media\/23549"}],"wp:attachment":[{"href":"http:\/\/www.justicepaix.be\/en\/wp-json\/wp\/v2\/media?parent=30019"}],"wp:term":[{"taxonomy":"category","embeddable":true,"href":"http:\/\/www.justicepaix.be\/en\/wp-json\/wp\/v2\/categories?post=30019"},{"taxonomy":"post_tag","embeddable":true,"href":"http:\/\/www.justicepaix.be\/en\/wp-json\/wp\/v2\/tags?post=30019"}],"curies":[{"name":"wp","href":"https:\/\/api.w.org\/{rel}","templated":true}]}}