{"id":29961,"date":"2025-05-01T15:58:35","date_gmt":"2025-05-01T13:58:35","guid":{"rendered":"https:\/\/www.justicepaix.be\/?p=29961"},"modified":"2025-08-04T16:00:00","modified_gmt":"2025-08-04T14:00:00","slug":"la-guerre-ca-nous-regarde","status":"publish","type":"post","link":"http:\/\/www.justicepaix.be\/en\/la-guerre-ca-nous-regarde\/","title":{"rendered":"La guerre, \u00e7a nous regarde\u00a0!"},"content":{"rendered":"<p><strong>Menez avec vos jeunes un projet d\u2019\u00e9ducation \u00e0 la citoyennet\u00e9 mondiale et solidaire autour du respect de la dignit\u00e9 humaine dans les conflits arm\u00e9s et participez \u00e0 r\u00e9duire les sentiments d\u2019indiff\u00e9rence, de peur ou d\u2019impuissance face \u00e0 la guerre.<\/strong><\/p>\n\n\n\n<p><\/p>\n\n\n\n<h2 class=\"wp-block-heading\"><strong>LA GUERRE, \u00c7A NOUS REGARDE !<\/strong><\/h2>\n\n\n\n<p>Les images de la guerre sont omnipr\u00e9sentes dans notre quotidien, que cela soit dans les journaux, \u00e0 la t\u00e9l\u00e9vision, sur les r\u00e9seaux sociaux ou dans les jeux vid\u00e9o. Une \u00e9cole bombard\u00e9e, une ambulance cribl\u00e9e de balles, un barrage d\u00e9truit, \u2026 autant de cons\u00e9quences des conflits arm\u00e9s auxquelles nous ne pouvons nous habituer, au risque de les banaliser. Elles constituent des&nbsp;<strong>violations du droit international humanitaire<\/strong>, ce dernier prot\u00e8ge les civil\u00b7es, leurs biens et leur environnement, tout en garantissant \u00e9galement les droits des personnes combattantes bless\u00e9es ou prisonni\u00e8res.<\/p>\n\n\n\n<p><\/p>\n\n\n\n<p><strong>Un accompagnement de qualit\u00e9<\/strong><\/p>\n\n\n\n<ul class=\"wp-block-list\">\n<li>B\u00e9n\u00e9ficiez de formations d\u00e9di\u00e9es aux enseignant\u00b7es (2 modules) et d\u2019animations gratuites pour les \u00e9l\u00e8ves (4 modules).<\/li>\n\n\n\n<li>Profitez de ressources p\u00e9dagogiques vari\u00e9es qui combinent l\u2019expertise de 2 ONG, d\u2019un soutien m\u00e9thodologique personnalis\u00e9, et d\u2019un financement jusqu\u2019\u00e0 1000\u202f\u20ac<\/li>\n<\/ul>\n\n\n\n<p>Justice &amp; Paix et La Croix-Rouge de Belgique vous proposent un\u00a0<strong>accompagnement gratuit<\/strong>\u00a0pour analyser les cons\u00e9quences humaines et environnementales des guerres et le r\u00f4le du droit international humanitaire. Pour mener \u00e0 bien ce projet, nous mettons \u00e0 votre disposition des\u00a0<strong>conseils m\u00e9thodologiques, des animations scolaires, des outils p\u00e9dagogiques et nous vous proposons un soutien financier et promotionnel<\/strong>.<\/p>\n\n\n\n<p><br><\/p>\n\n\n\n<h3 class=\"wp-block-heading\"><strong>En Pratique<\/strong><\/h3>\n\n\n\n<ul class=\"wp-block-list\">\n<li>Vous trouvez des informations plus d\u00e9taill\u00e9es dans le dossier de pr\u00e9sentation et de candidature.<\/li>\n\n\n\n<li>Cet appel \u00e0 projet s\u2019adresse aux jeunes de 4\u00e8me, 5\u00e8me et 6\u00e8me ann\u00e9es de l\u2019enseignement secondaire.<\/li>\n\n\n\n<li>Pour candidater, compl\u00e9tez le dossier de candidature et envoyez-le \u00e0\u00a0<a href=\"mailto:ecm@croix-rouge.be?subject=Demande%20d%27information&amp;body=Bonjour,\">ecm@croix-rouge.be<\/a>.<\/li>\n\n\n\n<li>Date limite d\u2019envoi des candidatures :\u00a0<strong>30 septembre 2025<\/strong>.<\/li>\n<\/ul>\n\n\n\n<p><\/p>\n\n\n\n<div class=\"wp-block-buttons is-content-justification-center is-layout-flex wp-container-core-buttons-is-layout-a89b3969 wp-block-buttons-is-layout-flex\">\n<div class=\"wp-block-button is-style-outline is-style-outline--1\"><a class=\"wp-block-button__link has-central-palette-6-color has-central-palette-1-background-color has-text-color has-background has-link-color wp-element-button\"><strong>DOSSIER DE CANIDATURE<\/strong><\/a><\/div>\n<\/div>\n\n\n\n<p><\/p>\n\n\n\n<p><strong>Plus d&rsquo;informations ?<\/strong><\/p>\n\n\n\n<p>Contactez laure.didier@justicepaix.be, ou t\u00e9l\u00e9chargez notre guide ci dessous.<\/p>\n\n\n\n<p><\/p>\n\n\n\n<div class=\"wp-block-buttons is-content-justification-center is-layout-flex wp-container-core-buttons-is-layout-a89b3969 wp-block-buttons-is-layout-flex\">\n<div class=\"wp-block-button\"><a class=\"wp-block-button__link has-white-color has-central-palette-1-background-color has-text-color has-background has-link-color wp-element-button\" href=\"https:\/\/www.croix-rouge.be\/content\/uploads\/sites\/13\/2025\/08\/CRB-CJP-2025-2026-Guide-et-balises-VF.pdf\"><strong>GUIDES ET BALISES<\/strong><\/a><\/div>\n<\/div>\n\n\n\n<p><\/p>","protected":false},"excerpt":{"rendered":"<p>Menez avec vos jeunes un projet d\u2019\u00e9ducation \u00e0 la citoyennet\u00e9 mondiale et solidaire autour du respect de la dignit\u00e9 humaine dans les conflits arm\u00e9s et participez \u00e0 r\u00e9duire les sentiments d\u2019indiff\u00e9rence, de peur ou d\u2019impuissance face \u00e0 la guerre. LA GUERRE, \u00c7A NOUS REGARDE ! Les images de la guerre sont omnipr\u00e9sentes dans notre quotidien, [&hellip;]<\/p>\n","protected":false},"author":63,"featured_media":29966,"comment_status":"open","ping_status":"open","sticky":false,"template":"","format":"standard","meta":{"_acf_changed":false,"_seopress_robots_primary_cat":"none","_seopress_titles_title":"","_seopress_titles_desc":"","_seopress_robots_index":"","footnotes":""},"categories":[2696,2719,2740],"tags":[],"class_list":["post-29961","post","type-post","status-publish","format-standard","has-post-thumbnail","hentry","category-actualites","category-nos-publications","category-outils-pedagogiques-notre-offre"],"acf":[],"_links":{"self":[{"href":"http:\/\/www.justicepaix.be\/en\/wp-json\/wp\/v2\/posts\/29961","targetHints":{"allow":["GET"]}}],"collection":[{"href":"http:\/\/www.justicepaix.be\/en\/wp-json\/wp\/v2\/posts"}],"about":[{"href":"http:\/\/www.justicepaix.be\/en\/wp-json\/wp\/v2\/types\/post"}],"author":[{"embeddable":true,"href":"http:\/\/www.justicepaix.be\/en\/wp-json\/wp\/v2\/users\/63"}],"replies":[{"embeddable":true,"href":"http:\/\/www.justicepaix.be\/en\/wp-json\/wp\/v2\/comments?post=29961"}],"version-history":[{"count":2,"href":"http:\/\/www.justicepaix.be\/en\/wp-json\/wp\/v2\/posts\/29961\/revisions"}],"predecessor-version":[{"id":29965,"href":"http:\/\/www.justicepaix.be\/en\/wp-json\/wp\/v2\/posts\/29961\/revisions\/29965"}],"wp:featuredmedia":[{"embeddable":true,"href":"http:\/\/www.justicepaix.be\/en\/wp-json\/wp\/v2\/media\/29966"}],"wp:attachment":[{"href":"http:\/\/www.justicepaix.be\/en\/wp-json\/wp\/v2\/media?parent=29961"}],"wp:term":[{"taxonomy":"category","embeddable":true,"href":"http:\/\/www.justicepaix.be\/en\/wp-json\/wp\/v2\/categories?post=29961"},{"taxonomy":"post_tag","embeddable":true,"href":"http:\/\/www.justicepaix.be\/en\/wp-json\/wp\/v2\/tags?post=29961"}],"curies":[{"name":"wp","href":"https:\/\/api.w.org\/{rel}","templated":true}]}}