{"id":29861,"date":"2025-07-08T14:16:08","date_gmt":"2025-07-08T12:16:08","guid":{"rendered":"https:\/\/www.justicepaix.be\/?p=29861"},"modified":"2025-07-08T14:23:21","modified_gmt":"2025-07-08T12:23:21","slug":"desordre-international-quand-les-puissances-jouent-a-shi-fu-mi","status":"publish","type":"post","link":"http:\/\/www.justicepaix.be\/en\/desordre-international-quand-les-puissances-jouent-a-shi-fu-mi\/","title":{"rendered":"D\u00e9sordre international : quand les puissances jouent \u00e0 Shi Fu Mi"},"content":{"rendered":"<p><\/p>\n\n\n\n<div class=\"wp-block-columns alignwide is-layout-flex wp-container-core-columns-is-layout-28f84493 wp-block-columns-is-layout-flex\">\n<div class=\"wp-block-column is-layout-flow wp-block-column-is-layout-flow\" style=\"flex-basis:56%\">\n<h2 class=\"wp-block-heading\">Une revue consacr\u00e9e aux nouveaux rapports de force mondiaux<\/h2>\n\n\n\n<p>Le nouveau num\u00e9ro de cette revue est une invitation \u00e0 r\u00e9fl\u00e9chir sur les enjeux qui fa\u00e7onnent notre \u00e9poque. Nous vivons une \u00e8re de bouleversements o\u00f9 la question du droit et de la d\u00e9mocratie se pose avec acuit\u00e9. Les d\u00e9fis g\u00e9opolitiques, l\u2019\u00e9volution rapide des technologies et les crises multiples appellent \u00e0 une r\u00e9flexion profonde sur nos syst\u00e8mes juridiques et politiques. Le droit, pilier de nos soci\u00e9t\u00e9s, se trouve mis \u00e0 l\u2019\u00e9preuve dans un monde de plus en plus fragment\u00e9, o\u00f9 les institutions internationales peinent \u00e0 r\u00e9tablir un ordre fond\u00e9 sur des principes communs.<br><\/p>\n\n\n\n<p>En parall\u00e8le, la d\u00e9mocratie semble vaciller, avec des menaces sur la repr\u00e9sentativit\u00e9 et des d\u00e9rives autoritaires qui se font jour \u00e0 l\u2019\u00e9chelle mondiale. Dans ce contexte, l\u2019intelligence artificielle, bien qu&rsquo;encore en d\u00e9veloppement, \u00e9merge comme un enjeu strat\u00e9gique majeur, modifiant les rapports de pouvoir et les \u00e9quilibres mondiaux. \u00c0 travers cette revue, nous esp\u00e9rons ouvrir le d\u00e9bat sur la mani\u00e8re dont ces rapports de force red\u00e9finissent nos soci\u00e9t\u00e9s, tout en rappelant que le droit et la d\u00e9mocratie doivent rester au coeur de nos pr\u00e9occupations.<br>Good reading !<\/p>\n\n\n\n<p><\/p>\n\n\n\n<p><strong>Louise, charg\u00e9e d&rsquo;animation et de recherches sur les conflits internationaux.<\/strong><\/p>\n\n\n\n<p><\/p>\n<\/div>\n\n\n\n<div class=\"wp-block-column is-layout-flow wp-block-column-is-layout-flow\" style=\"flex-basis:44%\">\n<figure class=\"wp-block-image size-full\"><img fetchpriority=\"high\" decoding=\"async\" width=\"1400\" height=\"1400\" src=\"https:\/\/www.justicepaix.be\/wp-content\/uploads\/2025\/07\/Ilustration.jpg\" alt=\"\" class=\"wp-image-29865\" srcset=\"https:\/\/www.justicepaix.be\/wp-content\/uploads\/2025\/07\/Ilustration.jpg 1400w, https:\/\/www.justicepaix.be\/wp-content\/uploads\/2025\/07\/Ilustration-300x300.jpg 300w, https:\/\/www.justicepaix.be\/wp-content\/uploads\/2025\/07\/Ilustration-1024x1024.jpg 1024w, https:\/\/www.justicepaix.be\/wp-content\/uploads\/2025\/07\/Ilustration-150x150.jpg 150w, https:\/\/www.justicepaix.be\/wp-content\/uploads\/2025\/07\/Ilustration-768x768.jpg 768w, https:\/\/www.justicepaix.be\/wp-content\/uploads\/2025\/07\/Ilustration-12x12.jpg 12w\" sizes=\"(max-width: 1400px) 100vw, 1400px\" \/><\/figure>\n<\/div>\n<\/div>\n\n\n\n<div class=\"wp-block-columns alignwide is-layout-flex wp-container-core-columns-is-layout-28f84493 wp-block-columns-is-layout-flex\">\n<div class=\"wp-block-column is-layout-flow wp-block-column-is-layout-flow\">\n<h2 class=\"wp-block-heading\">You too can participate in the writing of our quarterly magazine: Pour Parler de Paix<\/h2>\n\n\n\n<p><\/p>\n\n\n\n<p>This review is written by part of&nbsp;<a href=\"https:\/\/www.justicepaix.be\/en\/our-team\/\" data-type=\"link\" data-id=\"https:\/\/www.justicepaix.be\/notre-equipe\/\">our team<\/a>&nbsp;permanent staff and&nbsp;<strong>thanks to the valuable help of our volunteers<\/strong>. Vous voulez rejoindre le comit\u00e9 de r\u00e9daction? Vous souhaitez vous exprimer sur un sujet? Contactez Louise Lesoil :&nbsp;<strong><a href=\"mailto:sarah.verries@justicepaix.be\" target=\"_blank\" rel=\"noreferrer noopener\">louise.lesoil@justicepaix.be<\/a><\/strong>, Or <a href=\"https:\/\/www.justicepaix.be\/en\/become-a-volunteer-at-justice-peace\/\" target=\"_blank\" rel=\"noreferrer noopener\"><strong>Click here<\/strong><\/a> to complete the volunteer form.<\/p>\n<\/div>\n<\/div>\n\n\n\n<div class=\"wp-block-columns alignwide is-layout-flex wp-container-core-columns-is-layout-28f84493 wp-block-columns-is-layout-flex\">\n<div class=\"wp-block-column is-layout-flow wp-block-column-is-layout-flow\">\n<h2 class=\"wp-block-heading\">Vous souhaitez recevoir notre revue en version papier?<\/h2>\n\n\n\n<p><\/p>\n\n\n\n<p>THE&nbsp;<strong>To Talk About Peace<\/strong>&nbsp;est disponible en version PDF gratuitement ci-dessous. Vous pouvez \u00e9galement recevoir la revue en version papier \u00e0 votre domicile<strong> en vous&nbsp;<a href=\"https:\/\/www.justicepaix.be\/en\/subscription-to-to-talk-about-peace\/\">subscribe here<\/a>.<\/strong><\/p>\n\n\n\n<p>Si vous souhaitez nous soutenir, vous avez la possibilit\u00e9 de souscrire \u00e0 un abonnement de soutien \u00e0 partir de 15\u20ac sur <strong>le compte de Justice &amp; Paix : BE30 0682 3529 1311<\/strong> avec la communication <strong>\u00ab\u00a0Don PPPX\u00a0\u00bb<\/strong>.<\/p>\n<\/div>\n<\/div>\n\n\n\n<p><\/p>\n\n\n\n<div class=\"wp-block-columns alignwide is-layout-flex wp-container-core-columns-is-layout-28f84493 wp-block-columns-is-layout-flex\">\n<div class=\"wp-block-column is-layout-flow wp-block-column-is-layout-flow\">\n<div data-wp-interactive=\"core\/file\" class=\"wp-block-file\"><object data-wp-bind--hidden=\"!state.hasPdfPreview\" hidden class=\"wp-block-file__embed\" data=\"https:\/\/www.justicepaix.be\/wp-content\/uploads\/2025\/07\/Justice-Paix-Pour-parler-de-paix-N\u00b0130.pdf\" type=\"application\/pdf\" style=\"width:100%;height:600px\" aria-label=\"Embed of Justice &amp; Paix-Pour parler de paix-N\u00b0130.\"><\/object><a id=\"wp-block-file--media-4e770fa6-935a-470c-9731-10597e9a4151\" href=\"https:\/\/www.justicepaix.be\/wp-content\/uploads\/2025\/07\/Justice-Paix-Pour-parler-de-paix-N\u00b0130.pdf\">Justice &#038; Paix-Pour parler de paix-N\u00b0130<\/a><a href=\"https:\/\/www.justicepaix.be\/wp-content\/uploads\/2025\/07\/Justice-Paix-Pour-parler-de-paix-N\u00b0130.pdf\" class=\"wp-block-file__button wp-element-button\" download aria-describedby=\"wp-block-file--media-4e770fa6-935a-470c-9731-10597e9a4151\">Download<\/a><\/div>\n<\/div>\n<\/div>\n\n\n\n<p><\/p>","protected":false},"excerpt":{"rendered":"<p>Une revue consacr\u00e9e aux nouveaux rapports de force mondiaux Le nouveau num\u00e9ro de cette revue est une invitation \u00e0 r\u00e9fl\u00e9chir sur les enjeux qui fa\u00e7onnent notre \u00e9poque. Nous vivons une \u00e8re de bouleversements o\u00f9 la question du droit et de la d\u00e9mocratie se pose avec acuit\u00e9. Les d\u00e9fis g\u00e9opolitiques, l\u2019\u00e9volution rapide des technologies et les [&hellip;]<\/p>\n","protected":false},"author":63,"featured_media":29863,"comment_status":"open","ping_status":"open","sticky":false,"template":"","format":"standard","meta":{"_acf_changed":false,"_seopress_robots_primary_cat":"none","_seopress_titles_title":"","_seopress_titles_desc":"","_seopress_robots_index":"","footnotes":""},"categories":[2696,2726],"tags":[2831,2899,2825],"class_list":["post-29861","post","type-post","status-publish","format-standard","has-post-thumbnail","hentry","category-actualites","category-les-numeros","tag-acteurs-economiques","tag-democratie-2","tag-prevention-des-conflits"],"acf":[],"_links":{"self":[{"href":"http:\/\/www.justicepaix.be\/en\/wp-json\/wp\/v2\/posts\/29861","targetHints":{"allow":["GET"]}}],"collection":[{"href":"http:\/\/www.justicepaix.be\/en\/wp-json\/wp\/v2\/posts"}],"about":[{"href":"http:\/\/www.justicepaix.be\/en\/wp-json\/wp\/v2\/types\/post"}],"author":[{"embeddable":true,"href":"http:\/\/www.justicepaix.be\/en\/wp-json\/wp\/v2\/users\/63"}],"replies":[{"embeddable":true,"href":"http:\/\/www.justicepaix.be\/en\/wp-json\/wp\/v2\/comments?post=29861"}],"version-history":[{"count":3,"href":"http:\/\/www.justicepaix.be\/en\/wp-json\/wp\/v2\/posts\/29861\/revisions"}],"predecessor-version":[{"id":29869,"href":"http:\/\/www.justicepaix.be\/en\/wp-json\/wp\/v2\/posts\/29861\/revisions\/29869"}],"wp:featuredmedia":[{"embeddable":true,"href":"http:\/\/www.justicepaix.be\/en\/wp-json\/wp\/v2\/media\/29863"}],"wp:attachment":[{"href":"http:\/\/www.justicepaix.be\/en\/wp-json\/wp\/v2\/media?parent=29861"}],"wp:term":[{"taxonomy":"category","embeddable":true,"href":"http:\/\/www.justicepaix.be\/en\/wp-json\/wp\/v2\/categories?post=29861"},{"taxonomy":"post_tag","embeddable":true,"href":"http:\/\/www.justicepaix.be\/en\/wp-json\/wp\/v2\/tags?post=29861"}],"curies":[{"name":"wp","href":"https:\/\/api.w.org\/{rel}","templated":true}]}}