{"id":29762,"date":"2025-06-18T12:35:40","date_gmt":"2025-06-18T10:35:40","guid":{"rendered":"https:\/\/www.justicepaix.be\/?p=29762"},"modified":"2025-06-18T12:36:29","modified_gmt":"2025-06-18T10:36:29","slug":"minerais-de-guerre-lurgence-dune-politique-environnementale","status":"publish","type":"post","link":"http:\/\/www.justicepaix.be\/en\/minerais-de-guerre-lurgence-dune-politique-environnementale\/","title":{"rendered":"Minerais de guerre\u202f: l\u2019urgence d\u2019une politique environnementale\u00a0\u00a0"},"content":{"rendered":"<p><\/p>\n\n\n\n<p>L\u2019extraction des ressources mini\u00e8res est trop souvent le terreau des conflits arm\u00e9s et de la destruction environnementale. Les Nations<s>&#8211;<\/s>Unies l\u2019ont d\u2019ailleurs soulign\u00e9\u202f: 40% des conflits arm\u00e9s internes de ces 60 derni\u00e8res ann\u00e9es sont li\u00e9s aux ressources naturelles. Un pays riche en gisements est malheureusement plus expos\u00e9 aux risques de conflits. Au-del\u00e0 des vies humaines, c\u2019est l\u2019environnement qui en paie le lourd tribut.&nbsp;&nbsp;<\/p>\n\n\n\n<h3 class=\"wp-block-heading\"><strong>Les recommandations de Justice &amp; Paix pour une action politique \u00e9clair\u00e9e<\/strong>&nbsp;<\/h3>\n\n\n\n<ul class=\"wp-block-list\">\n<li>R\u00e9glementer plus strictement la provenance et le commerce des m\u00e9taux strat\u00e9giques, en incluant l\u2019ensemble de la cha\u00eene d\u2019approvisionnement et en mesurant l\u2019impact \u00e9cologique de l\u2019extraction.\u00a0<\/li>\n<\/ul>\n\n\n\n<ul class=\"wp-block-list\">\n<li>Mieux contr\u00f4ler les flux des armes l\u00e9g\u00e8res et de petits calibres par un syst\u00e8me de tra\u00e7abilit\u00e9 rigoureux \u00e0 l\u2019\u00e9gard des entreprises.\u00a0\u00a0<\/li>\n<\/ul>\n\n\n\n<ul class=\"wp-block-list\">\n<li>Responsabiliser davantage les grandes entreprises en adoptant le trait\u00e9 des Nations<s>&#8211;<\/s>Unies sur les soci\u00e9t\u00e9s transnationales et les droits humains, qui est toujours en n\u00e9gociation au sein du Conseil des droits de l\u2019homme depuis 11 ans.\u202fCombien de temps faudra-t-il encore attendre\u202f?\u00a0<\/li>\n<\/ul>\n\n\n\n<ul class=\"wp-block-list\">\n<li>L\u2019engagement r\u00e9el de la communaut\u00e9 internationale en faveur de la paix est n\u00e9cessaire, ainsi que l\u2019abandon du \u00ab\u202fdeux poids deux mesures\u202f\u00bb et des strat\u00e9gies politiques.\u00a0\u00a0<\/li>\n<\/ul>\n\n\n\n<ul class=\"wp-block-list\">\n<li>Promouvoir une gestion plus durable des ressources, qui tienne compte \u00e0 la fois des droits humains et des aspirations des communaut\u00e9s locales.\u00a0<\/li>\n<\/ul>\n\n\n\n<ul class=\"wp-block-list\">\n<li>Cr\u00e9er une synergie d\u2019actions pour une refonte du mod\u00e8le \u00e9conomique des pays \u00e0 faibles revenus, riches en ressources mini\u00e8res vis-\u00e0-vis des pays \u00e9conomiquement forts, et \u00e9mergents.\u00a0<\/li>\n<\/ul>\n\n\n\n<p>Pour approfondir les liens entre hyper-extractivisme, conflits et environnement, d\u00e9couvrez l\u2019analyse de Merlin Fotabong Assoua : <a href=\"https:\/\/www.justicepaix.be\/en\/lextractivisme-des-minerais-dans-les-zones-en-conflit\/\">https:\/\/www.justicepaix.be\/lextractivisme-des-minerais-dans-les-zones-en-conflit\/<\/a><\/p>\n\n\n\n<p><\/p>\n\n\n\n<h3 class=\"wp-block-heading\">Contact : <\/h3>\n\n\n\n<p><\/p>\n\n\n\n<p><strong>Clara Gobbe <\/strong><\/p>\n\n\n\n<p><em>Charg\u00e9e de plaidoyer ressources naturelles &#8211; RDC et P\u00e9rou<\/em><\/p>\n\n\n\n<p><strong><a href=\"mailto:clara.gobbe@justicepaix.be\" target=\"_blank\" rel=\"noreferrer noopener\"><em>clara.gobbe@justicepaix.be<\/em><\/a><\/strong><\/p>\n\n\n\n<p><\/p>","protected":false},"excerpt":{"rendered":"<p>L\u2019extraction des ressources mini\u00e8res est trop souvent le terreau des conflits arm\u00e9s et de la destruction environnementale. Les Nations&#8211;Unies l\u2019ont d\u2019ailleurs soulign\u00e9\u202f: 40% des conflits arm\u00e9s internes de ces 60 derni\u00e8res ann\u00e9es sont li\u00e9s aux ressources naturelles. Un pays riche en gisements est malheureusement plus expos\u00e9 aux risques de conflits. Au-del\u00e0 des vies humaines, c\u2019est [&hellip;]<\/p>\n","protected":false},"author":63,"featured_media":29544,"comment_status":"open","ping_status":"open","sticky":false,"template":"","format":"standard","meta":{"_acf_changed":false,"_seopress_robots_primary_cat":"none","_seopress_titles_title":"","_seopress_titles_desc":"","_seopress_robots_index":"","footnotes":""},"categories":[2721],"tags":[2831,3203,2825,2792,2811],"class_list":["post-29762","post","type-post","status-publish","format-standard","has-post-thumbnail","hentry","category-plaidoyer-politique","tag-acteurs-economiques","tag-policy-brief","tag-prevention-des-conflits","tag-rd-congo","tag-ressources-naturelles"],"acf":[],"_links":{"self":[{"href":"http:\/\/www.justicepaix.be\/en\/wp-json\/wp\/v2\/posts\/29762","targetHints":{"allow":["GET"]}}],"collection":[{"href":"http:\/\/www.justicepaix.be\/en\/wp-json\/wp\/v2\/posts"}],"about":[{"href":"http:\/\/www.justicepaix.be\/en\/wp-json\/wp\/v2\/types\/post"}],"author":[{"embeddable":true,"href":"http:\/\/www.justicepaix.be\/en\/wp-json\/wp\/v2\/users\/63"}],"replies":[{"embeddable":true,"href":"http:\/\/www.justicepaix.be\/en\/wp-json\/wp\/v2\/comments?post=29762"}],"version-history":[{"count":1,"href":"http:\/\/www.justicepaix.be\/en\/wp-json\/wp\/v2\/posts\/29762\/revisions"}],"predecessor-version":[{"id":29765,"href":"http:\/\/www.justicepaix.be\/en\/wp-json\/wp\/v2\/posts\/29762\/revisions\/29765"}],"wp:featuredmedia":[{"embeddable":true,"href":"http:\/\/www.justicepaix.be\/en\/wp-json\/wp\/v2\/media\/29544"}],"wp:attachment":[{"href":"http:\/\/www.justicepaix.be\/en\/wp-json\/wp\/v2\/media?parent=29762"}],"wp:term":[{"taxonomy":"category","embeddable":true,"href":"http:\/\/www.justicepaix.be\/en\/wp-json\/wp\/v2\/categories?post=29762"},{"taxonomy":"post_tag","embeddable":true,"href":"http:\/\/www.justicepaix.be\/en\/wp-json\/wp\/v2\/tags?post=29762"}],"curies":[{"name":"wp","href":"https:\/\/api.w.org\/{rel}","templated":true}]}}