{"id":29412,"date":"2025-03-27T17:06:00","date_gmt":"2025-03-27T16:06:00","guid":{"rendered":"https:\/\/www.justicepaix.be\/?p=29412"},"modified":"2026-04-07T13:40:24","modified_gmt":"2026-04-07T11:40:24","slug":"la-mine-de-demain-regard-critique-sur-la-mine-urbaine","status":"publish","type":"post","link":"http:\/\/www.justicepaix.be\/en\/la-mine-de-demain-regard-critique-sur-la-mine-urbaine\/","title":{"rendered":"La mine de demain\u00a0: regard critique sur la mine urbaine"},"content":{"rendered":"\n<p>Face \u00e0 la rar\u00e9faction des mati\u00e8res premi\u00e8res et \u00e0 la crise environnementale, il appara\u00eet de plus en plus que nos d\u00e9chets d&rsquo;aujourd&rsquo;hui sont nos ressources de demain. <em>Et si la vraie solution \u00e9tait de consommer moins, plut\u00f4t que de mieux jeter ?<\/em><\/p>\n\n\n\n<div class=\"wp-block-cover\"><img fetchpriority=\"high\" decoding=\"async\" width=\"1024\" height=\"683\" class=\"wp-block-cover__image-background wp-image-29415\" alt=\"\" src=\"https:\/\/www.justicepaix.be\/wp-content\/uploads\/2025\/03\/Photo-51-1024x683.jpg\" data-object-fit=\"cover\" srcset=\"https:\/\/www.justicepaix.be\/wp-content\/uploads\/2025\/03\/Photo-51-1024x683.jpg 1024w, https:\/\/www.justicepaix.be\/wp-content\/uploads\/2025\/03\/Photo-51-300x200.jpg 300w, https:\/\/www.justicepaix.be\/wp-content\/uploads\/2025\/03\/Photo-51-768x512.jpg 768w, https:\/\/www.justicepaix.be\/wp-content\/uploads\/2025\/03\/Photo-51-1536x1024.jpg 1536w, https:\/\/www.justicepaix.be\/wp-content\/uploads\/2025\/03\/Photo-51-18x12.jpg 18w, https:\/\/www.justicepaix.be\/wp-content\/uploads\/2025\/03\/Photo-51.jpg 1920w\" sizes=\"(max-width: 1024px) 100vw, 1024px\" \/><span aria-hidden=\"true\" class=\"wp-block-cover__background has-background-dim\"><\/span><div class=\"wp-block-cover__inner-container is-layout-flow wp-block-cover-is-layout-flow\">\n<p class=\"has-text-align-center has-large-font-size\"><\/p>\n<\/div><\/div>\n\n\n\n<p><\/p>\n\n\n\n<p>Longtemps rel\u00e9gu\u00e9s \u00e0 l\u2019arri\u00e8re-plan des pr\u00e9occupations humaines, les d\u00e9chets qui d\u00e9vastent notre plan\u00e8te sont aujourd\u2019hui au c\u0153ur des enjeux environnementaux, \u00e9conomiques et g\u00e9ostrat\u00e9giques les plus pressants. D\u2019un c\u00f4t\u00e9, l\u2019urbanisation acc\u00e9l\u00e9r\u00e9e, la croissance d\u00e9mographique soutenue et la consommation \u00e0 outrance conduisent \u00e0 une augmentation exponentielle de la production mondiale de d\u00e9chets. De l\u2019autre, la prise de conscience \u00e9cologique, la rar\u00e9faction des mati\u00e8res premi\u00e8res et la hausse de leurs prix sur les march\u00e9s internationaux am\u00e8nent \u00e0 reconsid\u00e9rer nos d\u00e9chets comme de v\u00e9ritables \u00ab&nbsp;mati\u00e8res premi\u00e8res de substitution&nbsp;\u00bb. Dans un tel contexte, un nouvel espoir semble se dessiner&nbsp;: celui des mines urbaines&nbsp;: pourquoi continuer d\u2019extraire les m\u00e9taux du sol, avec tous les dommages environnementaux que cela engendre, lorsque ces m\u00eames m\u00e9taux sont pr\u00e9sents en quantit\u00e9 dans nos poubelles&nbsp;? Cependant, en offrant une alternative \u00e0 l\u2019extraction mini\u00e8re traditionnelle, le mod\u00e8le de la mine urbaine pourrait bien dissimuler d&rsquo;autres contradictions qu\u2019il convient d\u2019explorer.<\/p>\n\n\n\n<h3 class=\"wp-block-heading\"><strong>La mine urbaine, de quoi parle-t-on&nbsp;?<\/strong><\/h3>\n\n\n\n<p>On d\u00e9signe g\u00e9n\u00e9ralement les mines urbaines comme l\u2019ensemble des d\u00e9chets produits par l\u2019humain dont on peut extraire des mati\u00e8res premi\u00e8res par le recyclage. Si le concept englobe divers mat\u00e9riaux secondaires (plastiques, papiers, eaux us\u00e9es), il trouve une pertinence particuli\u00e8re dans le domaine des d\u00e9chets \u00e9lectroniques ou \u00ab&nbsp;E-d\u00e9chets&nbsp;\u00bb. Ces derniers constituent une cat\u00e9gorie \u00ab&nbsp;\u00e0 haute valeur ajout\u00e9e&nbsp;\u00bb, caract\u00e9ris\u00e9e par leur richesse en m\u00e9taux rares. En Europe, ces d\u00e9chets sont cat\u00e9goris\u00e9s sous l&rsquo;appellation D3E (D\u00e9chets d&rsquo;\u00c9quipements \u00c9lectriques et \u00c9lectroniques) et comprennent des appareils aussi vari\u00e9s que les smartphones, fours, ordinateurs ou machines \u00e0 laver. L&rsquo;importance de ces E-d\u00e9chets est d\u2019autant plus probante qu\u2019ils repr\u00e9sentent aujourd&rsquo;hui l&rsquo;un des flux de d\u00e9chets \u00e0 la croissance la plus rapide au niveau mondial. On estime qu\u2019\u00e0 l\u2019heure actuelle, <a href=\"https:\/\/www.youtube.com\/watch?v=Ex4GvGb2Wgw&amp;t=2864s\">les m\u00e9taux accumul\u00e9s par les humains et mis en circulation constituent un stock \u00e9quivalent \u00e0 celui encore enfui sous terre<\/a>. Plus encore, selon un rapport de la Global e-Sustainability Initiative (GeSI) et de l&rsquo;universit\u00e9 des Nations-Unies, <a href=\"https:\/\/conseils.xpair.com\/lettres_expert\/dominique-bidou\/mines-urbaines-sous-exploitees.htm\">certaines mines urbaines renfermeraient des concentrations en m\u00e9taux pr\u00e9cieux 40 \u00e0 50 fois plus importantes que dans les mines traditionnelles<\/a>.<\/p>\n\n\n\n<p>De mani\u00e8re g\u00e9n\u00e9rale, l&rsquo;exploitation des d\u00e9chets offre trois avantages majeurs qui en font aujourd\u2019hui une solution particuli\u00e8rement prometteuse. Premi\u00e8rement, recycler les d\u00e9chets, c\u2019est avant tout \u00e9viter qu\u2019ils ne polluent notre environnement. En effet, le recyclage permet de r\u00e9duire m\u00e9caniquement la quantit\u00e9 de d\u00e9chet et ainsi d\u2019att\u00e9nuer leur impact n\u00e9gatif sur les \u00e9cosyst\u00e8mes et la sant\u00e9 publique. Deuxi\u00e8mement, la production de m\u00e9taux par le recyclage s\u2019av\u00e8re significativement moins \u00e9nergivore et moins polluante que leur extraction \u00ab&nbsp;primaire&nbsp;\u00bb. L\u2019exploitation de ces ressources \u00ab&nbsp;secondaires&nbsp;\u00bb devrait ainsi limiter les d\u00e9gradations environnementales associ\u00e9es \u00e0 l\u2019extraction mini\u00e8re conventionnelle. Enfin, alors que les mati\u00e8res premi\u00e8res se rar\u00e9fient et que la demande mondiale augmente, la mine urbaine repr\u00e9sente une opportunit\u00e9 g\u00e9ostrat\u00e9gique de taille permettant aux \u00c9tats de s\u00e9curiser leurs approvisionnements en m\u00e9taux strat\u00e9giques<a href=\"#_ftn1\" id=\"_ftnref1\">[1]<\/a> et ainsi de gagner en souverainet\u00e9.<\/p>\n\n\n\n<p>On le comprend, les mines urbaines portent en elle l\u2019espoir d\u2019une r\u00e9volution \u00e9cologique en puissance. Elles permettraient de faire d\u2019une pierre trois coups, en freinant la production de d\u00e9chets, en limitant la d\u00e9gradation de l\u2019environnement caus\u00e9e par l\u2019extraction mini\u00e8re et en assurant aux \u00c9tats importateurs plus d\u2019ind\u00e9pendance. Loin de rester une simple abstraction th\u00e9orique, la mine urbaine s\u2019impose progressivement comme un nouveau mod\u00e8le minier \u00e0 l\u2019\u00e9chelle internationale. <a href=\"https:\/\/documents.worldbank.org\/en\/publication\/documents-reports\/documentdetail\/697271544470229584\/what-a-waste-2-0-a-global-snapshot-of-solid-waste-management-to-2050\">Ces vingt derni\u00e8res ann\u00e9es, la Banque mondiale a soutenu 329 projets de gestion et des d\u00e9chets solides dans le monde pour un total de 4,5 milliards de dollars<\/a>. Au niveau Europ\u00e9en, la mine urbaine est reconnue comme une ressource strat\u00e9gique incontournable depuis 2008, l&rsquo;Union europ\u00e9enne ayant int\u00e9gr\u00e9 dans son <a href=\"https:\/\/eur-lex.europa.eu\/legal-content\/EN\/TXT\/?uri=CELEX%3A32024R1252&amp;qid=1720020986785\">plan pour les mati\u00e8res premi\u00e8res critiques<\/a><a href=\"#_ftn2\" id=\"_ftnref2\">[2]<\/a> l&rsquo;objectif d\u2019assurer 15 % de son approvisionnement via le recyclage sur son propre territoire. Enfin, l\u2019usine de recyclage belge <a href=\"https:\/\/or.fr\/produits\/marques\/umicore#:~:text=Umicore%20dispose%20d%27une%20capacit%C3%A9%20de%20production%20annuelle%20de,qualit%C3%A9%20destin%C3%A9s%20%C3%A0%20un%20usage%20industriel%20et%20commercial.\" target=\"_blank\" rel=\"noreferrer noopener\">Umicore, leader europ\u00e9en du recyclage des D3E, dispose \u00e0 elle seule d&rsquo;une capacit\u00e9 de production de pr\u00e8s de 100 tonnes d&rsquo;or par an <\/a>, une quantit\u00e9 comparable, voire sup\u00e9rieure, \u00e0 celle des plus grandes mines conventionnelles du monde.<\/p>\n\n\n\n<p>Cependant, le recyclage pr\u00e9sente des obstacles complexes souvent ignor\u00e9s. Au-del\u00e0 de l\u2019enthousiasme suscit\u00e9, il faut se poser la question suivante : ce mod\u00e8le est-il vraiment \u00e0 la hauteur des d\u00e9fis qu\u2019il pr\u00e9tend r\u00e9soudre ?<\/p>\n\n\n\n<h3 class=\"wp-block-heading\"><strong>Les limites du recyclage industriel<\/strong><\/h3>\n\n\n\n<p>Si le mod\u00e8le de la mine urbaine para\u00eet prometteur, sa mise en \u0153uvre effective rencontre plusieurs obstacles qui limitent non seulement son efficacit\u00e9 extractive, mais aussi et surtout ses b\u00e9n\u00e9fices environnementaux. Tout d\u2019abord, la complexit\u00e9 des appareils \u00e9lectroniques modernes rend leur recyclage particuli\u00e8rement difficile. Chaque constructeur utilise une technologie de fabrication distincte, avec une composition chimique unique, n\u00e9cessitant des proc\u00e9d\u00e9s de recyclage diff\u00e9rents. Par ailleurs, diverses pratiques industrielles, telles que l\u2019usage dispersif de m\u00e9taux (par exemple, des pigments ou colorants dans les encres et les peintures), condamnent le potentiel recyclable de nombreux objets \u00e9lectroniques. De plus, face \u00e0 la hausse des prix de certains m\u00e9taux, les constructeurs ont tendance \u00e0 diminuer la quantit\u00e9 de m\u00e9taux co\u00fbteux dans la fabrication de leurs produits, ce qui torpille le mod\u00e8le du recycleur qui a tout int\u00e9r\u00eat \u00e0 la haute concentration de m\u00e9taux dans les objets qu\u2019il recycle.<\/p>\n\n\n\n<p>Une fois l&rsquo;objet fabriqu\u00e9 et utilis\u00e9, le principal obstacle provient des consommateur\u00b7rices, qui ont tendance \u00e0 conserver leurs appareils \u00e9lectroniques inutilis\u00e9s plut\u00f4t que de les remettre dans une fili\u00e8re de recyclage adapt\u00e9e. Ce comportement est devenu si courant qu\u2019il est d\u00e9sormais d\u00e9sign\u00e9 sous le terme d&rsquo;\u00ab <a href=\"https:\/\/knowledge.em-lyon.com\/les-mines-urbaines\/\">hibernation \u00e9lectronique<\/a> \u00bb. <a href=\"https:\/\/www.lavenir.net\/actu\/belgique\/2024\/11\/19\/12-appareils-electro-inutilises-dorment-dans-chaque-foyer-belge-infogaphies-OLAPZZPCQFFGFDYZR4OLWM3JVQ\/\">En moyenne un foyer belge contient 106 \u00e9quipements \u00e9lectroniques dont 12 sont cass\u00e9s ou inutilis\u00e9s. Cela signifie qu\u2019en Belgique, 55 millions d\u2019appareils \u00e9lectroniques dorment au fond de nos tiroirs<\/a>.<\/p>\n\n\n\n<p>Le recyclage est ensuite limit\u00e9 par plusieurs facteurs technico-\u00e9conomiques complexes. En effet, la concentration en m\u00e9taux des mines urbaines n\u2019est pas toujours plus \u00e9lev\u00e9e que celle des mines \u00ab&nbsp;primaires&nbsp;\u00bb. Certains m\u00e9taux rares pr\u00e9sentent en r\u00e9alit\u00e9 une tr\u00e8s faible concentration dans les d\u00e9chets \u00e9lectroniques et demandent des proc\u00e9d\u00e9s de recyclage particuli\u00e8rement \u00e9nergivore et parfois plus couteux que leur extraction depuis les sols. Dans certains cas, la r\u00e9cup\u00e9ration de ces m\u00e9taux n\u00e9cessite m\u00eame des traitements chimiques polluants qui annulent tout simplement les b\u00e9n\u00e9fices environnementaux du recyclage. Il convient \u00e9galement de casser le mythe du recyclage infini. <a href=\"https:\/\/www.systext.org\/node\/2097\">En effet, des pertes surviennent \u00e0 chaque \u00e9tape du processus de recyclage, et le m\u00e9tal finit par se dissiper. Par exemple, des m\u00e9taux courants comme le fer, le cuivre ou le nickel ne r\u00e9sistent qu\u2019\u00e0 2 ou 3 cycles avant de se perdre.<\/a><\/p>\n\n\n\n<p>L\u2019argument \u00e9cologique de la mine urbaine est \u00e9galement mis \u00e0 mal par la privatisation du secteur. La gestion des d\u00e9chets repr\u00e9sente aujourd\u2019hui un secteur \u00e9conomique strat\u00e9gique et <a href=\"https:\/\/www.jstor.org\/stable\/j.ctv11312kd\">une industrie lucrative qui p\u00e8se pas moins de 200 milliards de dollars<\/a>. Si la promesse \u00e9cologique du recyclage reste un argument de vente, la r\u00e9alit\u00e9 est que les entreprises priv\u00e9es charg\u00e9es du recyclage ciblent les m\u00e9taux \u00e0 haute rentabilit\u00e9 \u00e9conomique, aux d\u00e9pens des m\u00e9taux moins pr\u00e9cieux et plus polluants. En outre, ces entreprises privil\u00e9gient g\u00e9n\u00e9ralement des pratiques qui maximisent leurs profits imm\u00e9diats, au d\u00e9triment des objectifs \u00e0 long terme de d\u00e9veloppement durable et de r\u00e9duction de l&rsquo;impact environnemental global. Ce mod\u00e8le, orient\u00e9 vers la rentabilit\u00e9, soul\u00e8ve ainsi des interrogations s\u00e9rieuses sur la r\u00e9elle efficacit\u00e9 \u00e9cologique de la mine urbaine.<\/p>\n\n\n\n<p>Enfin, l\u2019\u00e9volution constante de notre consommation annule encore les maigres b\u00e9n\u00e9fices \u00e9cologiques du recyclage. En effet, tout comme la production d\u2019\u00e9nergie renouvelable a tendance \u00e0 s\u2019ajouter \u00e0 celle des \u00e9nergies fossiles plut\u00f4t que de la remplacer, la consommation de mat\u00e9riaux recycl\u00e9s a tendance \u00e0 s\u2019ajouter \u00e0 celle des mati\u00e8res premi\u00e8res extraites directement depuis les sols. En fait, tant que la consommation globale continue d&rsquo;augmenter, la demande de ressources naturelles ne cessera, elle aussi, de cro\u00eetre. Le recyclage peut, certes, r\u00e9duire l&rsquo;impact de l&rsquo;extraction des ressources, mais il ne peut pas compenser l&rsquo;augmentation constante de la consommation. Autrement dit, m\u00eame avec un recyclage parfait, il faudra toujours aller chercher de nouvelles mati\u00e8res premi\u00e8res dans les sols pour satisfaire une demande toujours croissante.<\/p>\n\n\n\n<h3 class=\"wp-block-heading\"><strong>Le meilleur d\u00e9chet est celui qu\u2019on ne produit pas<\/strong><\/h3>\n\n\n\n<p>En fin de compte, notre int\u00e9r\u00eat pour les mines urbaines questionne encore et toujours le r\u00e9alisme de la technologie et de la technocratie en l\u2019\u00e9tat. Le recyclage, pr\u00e9sent\u00e9 comme une solution technique \u00e0 la crise environnementale, s&rsquo;av\u00e8re moins une solution \u00e9cologique qu&rsquo;un moyen de perp\u00e9tuer un mod\u00e8le \u00e9conomique extractiviste rentable sous couvert de durabilit\u00e9. En outre, derri\u00e8re la promesse des mines urbaines se cache un probl\u00e8me de fond&nbsp;: la croissance continue des besoins humains en m\u00e9taux et autres ressources. Il est donc crucial de se poser la question suivante : la mine urbaine est-elle une solution v\u00e9ritablement durable ou une tentative de panser les sympt\u00f4mes d\u2019un mod\u00e8le de croissance insoutenable ? En r\u00e9alit\u00e9, m\u00eame si l\u2019id\u00e9e de r\u00e9cup\u00e9rer les m\u00e9taux pr\u00e9sents dans nos poubelles est louable, elle ne r\u00e9pond pas aux causes profondes du probl\u00e8me, \u00e0 savoir, la surconsommation. Au-del\u00e0 de l&rsquo;am\u00e9lioration des pratiques de recyclage, ce sont avant tout nos modes de consommation qu\u2019il est urgent de repenser.<\/p>\n\n\n\n<p>Commen\u00e7ons par privil\u00e9gier la r\u00e9paration et la r\u00e9utilisation de nos appareils \u00e9lectroniques&nbsp;: de nombreux objets peuvent \u00eatre r\u00e9par\u00e9s, prolongeant ainsi leur dur\u00e9e de vie en r\u00e9duisant la demande en nouvelle ressource. Lorsque nos appareils ne sont plus utilisables, assurons-nous de les d\u00e9poser dans une fili\u00e8re de recyclage adapt\u00e9e. En Belgique, l\u2019ASBL Recupel, sp\u00e9cialis\u00e9e dans la collecte et le recyclage des appareils \u00e9lectroniques, propose un r\u00e9seau \u00e9tendu de points de d\u00e9p\u00f4t accessibles \u00e0 tous\u00b7tes. Mais surtout, adoptons une consommation plus sobre&nbsp;: avant d\u2019acheter un appareil \u00e9lectronique, questionnons-nous sur sa r\u00e9elle n\u00e9cessit\u00e9 et privil\u00e9gions des appareils reconditionn\u00e9s ou modulaires, con\u00e7us pour \u00eatre facilement r\u00e9parable. Enfin, soutenons les initiatives locales engag\u00e9es dans l\u2019\u00e9conomie circulaire.<\/p>\n\n\n\n<p>La transition vers une soci\u00e9t\u00e9 sobre et \u00e9cologique d\u00e9pendra de notre capacit\u00e9 \u00e0 remettre en question nos besoins r\u00e9els, \u00e0 r\u00e9sister au marketing excessif et \u00e0 d\u00e9construire la culture de la surconsommation. En fin de compte, face \u00e0 la crise environnementale et l\u2019\u00e9puisement des ressources naturelles, il appara\u00eet de plus en plus que, malgr\u00e9 tout, ce sont nos modes de consommation qui doivent \u00e9voluer et que&nbsp;sobri\u00e9t\u00e9 et d\u00e9croissance&nbsp;sont les mots cl\u00e9s de notre avenir.<\/p>\n\n\n\n<p><strong>Martin Rutsaert.<\/strong><\/p>\n\n\n\n<hr class=\"wp-block-separator has-alpha-channel-opacity\"\/>\n\n\n\n<p><a href=\"#_ftnref1\" id=\"_ftn1\">[1]<\/a> Un m\u00e9tal est strat\u00e9gique quand il est indispensable \u00e0 la politique \u00e9conomique d\u2019un \u00c9tat (s\u00e9curit\u00e9, d\u00e9fense, politique \u00e9nerg\u00e9tique, etc.)<\/p>\n\n\n\n<p><a href=\"#_ftnref2\" id=\"_ftn2\">[2]<\/a> Un m\u00e9tal est critique lorsqu\u2019il pr\u00e9sente un risque \u00e9lev\u00e9 de rupture d\u2019approvisionnement.<\/p>\n","protected":false},"excerpt":{"rendered":"<p>Cette analyse questionne les avantages environnementaux de la mine urbaine, nouveau mod\u00e8le minier vant\u00e9 pour sa durabilit\u00e9. <\/p>","protected":false},"author":57,"featured_media":29415,"comment_status":"open","ping_status":"open","sticky":false,"template":"","format":"standard","meta":{"_acf_changed":false,"_seopress_robots_primary_cat":"none","_seopress_titles_title":"","_seopress_titles_desc":"","_seopress_robots_index":"","footnotes":""},"categories":[2696,2722,2719],"tags":[2814,2873,2832,2811,2834],"class_list":["post-29412","post","type-post","status-publish","format-standard","has-post-thumbnail","hentry","category-actualites","category-articles-nos-publications","category-nos-publications","tag-developpement-durable","tag-ecologie-2","tag-responsabilite-du-consommateur","tag-ressources-naturelles","tag-union-europeenne"],"acf":[],"_links":{"self":[{"href":"http:\/\/www.justicepaix.be\/en\/wp-json\/wp\/v2\/posts\/29412","targetHints":{"allow":["GET"]}}],"collection":[{"href":"http:\/\/www.justicepaix.be\/en\/wp-json\/wp\/v2\/posts"}],"about":[{"href":"http:\/\/www.justicepaix.be\/en\/wp-json\/wp\/v2\/types\/post"}],"author":[{"embeddable":true,"href":"http:\/\/www.justicepaix.be\/en\/wp-json\/wp\/v2\/users\/57"}],"replies":[{"embeddable":true,"href":"http:\/\/www.justicepaix.be\/en\/wp-json\/wp\/v2\/comments?post=29412"}],"version-history":[{"count":4,"href":"http:\/\/www.justicepaix.be\/en\/wp-json\/wp\/v2\/posts\/29412\/revisions"}],"predecessor-version":[{"id":30982,"href":"http:\/\/www.justicepaix.be\/en\/wp-json\/wp\/v2\/posts\/29412\/revisions\/30982"}],"wp:featuredmedia":[{"embeddable":true,"href":"http:\/\/www.justicepaix.be\/en\/wp-json\/wp\/v2\/media\/29415"}],"wp:attachment":[{"href":"http:\/\/www.justicepaix.be\/en\/wp-json\/wp\/v2\/media?parent=29412"}],"wp:term":[{"taxonomy":"category","embeddable":true,"href":"http:\/\/www.justicepaix.be\/en\/wp-json\/wp\/v2\/categories?post=29412"},{"taxonomy":"post_tag","embeddable":true,"href":"http:\/\/www.justicepaix.be\/en\/wp-json\/wp\/v2\/tags?post=29412"}],"curies":[{"name":"wp","href":"https:\/\/api.w.org\/{rel}","templated":true}]}}