{"id":17102,"date":"2020-12-08T11:24:31","date_gmt":"2020-12-08T11:24:31","guid":{"rendered":"https:\/\/demop.netbaz.be\/2021\/jp\/2020\/12\/08\/le-droit-a-l-eau-droit-purement-symbolique-ou-vecteur-d-un-veritable-changement\/"},"modified":"2021-07-06T14:17:30","modified_gmt":"2021-07-06T12:17:30","slug":"le-droit-a-l-eau-droit-purement-symbolique-ou-vecteur-d-un-veritable-changement","status":"publish","type":"post","link":"http:\/\/www.justicepaix.be\/en\/le-droit-a-l-eau-droit-purement-symbolique-ou-vecteur-d-un-veritable-changement\/","title":{"rendered":"THE RIGHT TO WATER, A PURELY SYMBOLIC RIGHT OR A VECTOR OF REAL CHANGE?"},"content":{"rendered":"\n<div class=\"wp-block-image\"><figure class=\"alignleft\"><img fetchpriority=\"high\" decoding=\"async\" width=\"2560\" height=\"1920\" src=\"http:\/\/demop.netbaz.be\/2021\/jp\/wp-content\/uploads\/2020\/12\/jpg_cap_de_l_eau-scaled.jpg\" alt=\"cap_de_l_eau.jpg\" class=\"wp-image-17101\" srcset=\"https:\/\/www.justicepaix.be\/wp-content\/uploads\/2020\/12\/jpg_cap_de_l_eau-scaled.jpg 2560w, https:\/\/www.justicepaix.be\/wp-content\/uploads\/2020\/12\/jpg_cap_de_l_eau-300x225.jpg 300w, https:\/\/www.justicepaix.be\/wp-content\/uploads\/2020\/12\/jpg_cap_de_l_eau-1024x768.jpg 1024w, https:\/\/www.justicepaix.be\/wp-content\/uploads\/2020\/12\/jpg_cap_de_l_eau-768x576.jpg 768w, https:\/\/www.justicepaix.be\/wp-content\/uploads\/2020\/12\/jpg_cap_de_l_eau-1536x1152.jpg 1536w, https:\/\/www.justicepaix.be\/wp-content\/uploads\/2020\/12\/jpg_cap_de_l_eau-2048x1536.jpg 2048w\" sizes=\"(max-width: 2560px) 100vw, 2560px\" \/><\/figure><\/div>\n\n\n\n<p class=\"post_excerpt\">A travers le monde, nombreuses sont les difficult\u00e9s pour avoir acc\u00e8s \u00e0 des sources d\u2019eau potable\u2026 Face \u00e0 ce constat, l\u2019acc\u00e8s \u00e0 l\u2019eau potable et \u00e0 l\u2019assainissement est devenu un enjeu important pour la Communaut\u00e9 internationale, davantage encore de nos jours face \u00e0 la pand\u00e9mie de Covid-19 qui a d\u00e9montr\u00e9 l\u2019importance cruciale d\u2019un acc\u00e8s \u00e0 de telles installations afin de pr\u00e9venir les maladies.<br>\n<\/p>\n\n\n\n<p><br>\n<bloc> Quelles sont les dispositions internationales ? <\/bloc><\/p>\n\n\n\n<!--more-->\n\n\n\n<p>Le droit \u00e0 l\u2019eau a pris de l\u2019importance sur la sc\u00e8ne internationale <span class=\"footnote_referrer\"><a role=\"button\" tabindex=\"0\" onclick=\"footnote_moveToReference_17102_1('footnote_plugin_reference_17102_1_1');\" onkeypress=\"footnote_moveToReference_17102_1('footnote_plugin_reference_17102_1_1');\" ><sup id=\"footnote_plugin_tooltip_17102_1_1\" class=\"footnote_plugin_tooltip_text\">[1]<\/sup><\/a><span id=\"footnote_plugin_tooltip_text_17102_1_1\" class=\"footnote_tooltip\">Notons que des dispositions relatives \u00e0 ce droit furent \u00e9galement prises \u00e0 des niveaux r\u00e9gionaux et nationaux et que des juridictions ou quasi-juridictions r\u00e9gionales ont vu le jour en mati\u00e8re&nbsp;&#x2026; <span class=\"footnote_tooltip_continue\"  onclick=\"footnote_moveToReference_17102_1('footnote_plugin_reference_17102_1_1');\">Continuer la lecture<\/span><\/span><\/span><script type=\"text\/javascript\"> jQuery('#footnote_plugin_tooltip_17102_1_1').tooltip({ tip: '#footnote_plugin_tooltip_text_17102_1_1', tipClass: 'footnote_tooltip', effect: 'fade', predelay: 0, fadeInSpeed: 200, delay: 400, fadeOutSpeed: 200, position: 'top center', relative: true, offset: [-7, 0], });<\/script> dans les ann\u00e9es 1970, notamment lors de la Conf\u00e9rence des Nations Unies sur l\u2019eau de 1977 o\u00f9 a \u00e9t\u00e9 \u00e9nonc\u00e9e pour la premi\u00e8re fois l\u2019id\u00e9e que l\u2019eau est un bien essentiel afin d\u2019assurer le respect de besoins fondamentaux. <\/p>\n\n\n\n<p>Depuis cette \u00e9poque, l\u2019acc\u00e8s \u00e0 l\u2019eau potable et \u00e0 l\u2019assainissement furent inscrits dans diff\u00e9rentes Conventions, dont la Convention sur l\u2019\u00e9limination de toutes les formes de discrimination \u00e0 l\u2019\u00e9gard des femmes de 1979 (article 14, \u00a7 2) et la Convention relative aux droits de l\u2019enfant de 1989 (articles 24 et 27, \u00a7 3). <\/p>\n\n\n\n<p>En 2002, une observation g\u00e9n\u00e9rale <span class=\"footnote_referrer\"><a role=\"button\" tabindex=\"0\" onclick=\"footnote_moveToReference_17102_1('footnote_plugin_reference_17102_1_2');\" onkeypress=\"footnote_moveToReference_17102_1('footnote_plugin_reference_17102_1_2');\" ><sup id=\"footnote_plugin_tooltip_17102_1_2\" class=\"footnote_plugin_tooltip_text\">[2]<\/sup><\/a><span id=\"footnote_plugin_tooltip_text_17102_1_2\" class=\"footnote_tooltip\">CDESC, Observation g\u00e9n\u00e9rale n\u00b015 sur le droit \u00e0 l\u2019eau, 2002.<\/span><\/span><script type=\"text\/javascript\"> jQuery('#footnote_plugin_tooltip_17102_1_2').tooltip({ tip: '#footnote_plugin_tooltip_text_17102_1_2', tipClass: 'footnote_tooltip', effect: 'fade', predelay: 0, fadeInSpeed: 200, delay: 400, fadeOutSpeed: 200, position: 'top center', relative: true, offset: [-7, 0], });<\/script>  reconnaissant \u00ab le droit \u00e0 l\u2019eau \u00bb a \u00e9t\u00e9 adopt\u00e9e par le Comit\u00e9 des droits \u00e9conomiques, sociaux et culturels (ci-apr\u00e8s CDESC). Le Pacte relatif \u00e0 ces droits ne mentionne pas express\u00e9ment le droit \u00e0 l\u2019eau mais le Comit\u00e9 a consid\u00e9r\u00e9 qu\u2019il relevait du droit \u00e0 un niveau de vie suffisant, reconnu \u00e0 l\u2019article 11. <strong>Celui-ci propose une liste non exhaustive qui permet donc de consid\u00e9rer le droit \u00e0 l\u2019eau comme faisant partie des garanties fondamentales permettant d\u2019assurer un niveau de vie suffisant<\/strong>. Dans cette observation g\u00e9n\u00e9rale, le CDESC pr\u00e9cise que les obligations des Etats sont de trois ordres : respecter, prot\u00e9ger et mettre en \u0153uvre le droit \u00e0 l\u2019eau (point 20). Aussi, l\u2019eau doit \u00eatre de qualit\u00e9, accessible, disponible, d\u2019un co\u00fbt abordable, et fournie sans discrimination aucune (points 2 et 12). <\/p>\n\n\n\n<p>En 2008, Catarina de Albuquerque fut d\u00e9sign\u00e9 comme premi\u00e8re rapporteuse sp\u00e9ciale de l\u2019ONU en mati\u00e8re de droit \u00e0 l\u2019eau et \u00e0 l\u2019assainissement. C\u2019est notamment sous son impulsion qu\u2019en 2010, les Nations Unies ont reconnu que \u00ab le droit \u00e0 l\u2019eau potable et \u00e0 l\u2019assainissement est un droit fondamental \u00bb. L\u2019Assembl\u00e9e G\u00e9n\u00e9rale des Nations Unies a en effet adopt\u00e9 le 28 juillet 2010 une R\u00e9solution \u00e0 ce sujet. Celle-ci est d\u2019une importance fondamentale puisqu\u2019elle consacre comme droit humain fondamental l\u2019acc\u00e8s \u00e0 l\u2019eau potable et \u00e0 l\u2019assainissement.<br>\n<\/p>\n\n\n\n<p><bloc> L\u2019acc\u00e8s \u00e0 l\u2019eau en pratique<\/bloc><\/p>\n\n\n\n<p>Toutes ces dispositions semblent promettre un acc\u00e8s \u00e0 l\u2019eau pour tous et partout \u00e0 travers le monde. Mais est-ce r\u00e9ellement le cas ?<br>\nDans les faits, malheureusement, le droit \u00e0 l\u2019eau et \u00e0 l\u2019assainissement n\u2019est pas un droit totalement acquis et ce dans de nombreux pays. Par exemple, les politiques adopt\u00e9es par Isra\u00ebl \u00e0 l\u2019\u00e9gard du Territoire palestinien impactent la jouissance du droit \u00e0 l\u2019eau et \u00e0 l\u2019assainissement ; au B\u00e9nin, la corruption d\u2019agents de la Soci\u00e9t\u00e9 nationale des eaux entrave la jouissance du droit \u00e0 l\u2019eau ; le droit \u00e0 l\u2019eau est menac\u00e9 par l\u2019exploitation mini\u00e8re en Equateur ; de nombreuses \u00e9coles en Afrique du Sud n\u2019ont pas ou peu acc\u00e8s \u00e0 l\u2019eau et \u00e0 l\u2019assainissement\u2026 Nous pouvons \u00e9galement souligner que des am\u00e9liorations doivent encore \u00eatre apport\u00e9es \u00e0 la situation\u2026 en Belgique. Le Comit\u00e9 se dit notamment pr\u00e9occup\u00e9 par les coupures d\u2019eau et recommande que soit garantie la fourniture d\u2019une quantit\u00e9 d\u2019eau et de services d\u2019assainissement minimales. <\/p>\n\n\n\n<p>De plus, certains groupes de personnes semblent avoir plus de difficult\u00e9s \u00e0 voir leurs droits \u00e0 l\u2019eau et \u00e0 l\u2019assainissement respect\u00e9s. Cela peut avoir de nombreuses cons\u00e9quences sur <strong>les enfants<\/strong>, notamment en mati\u00e8re de mortalit\u00e9 infantile (1000 enfants meurent chaque jour de maladies d\u00e9coulant des conditions d\u2019hygi\u00e8ne et d\u2019assainissement \u2013 <a href=\"https:\/\/www.un.org\/sustainabledevelopment\/fr\/water-and-sanitation\/\">voir ODD 6<\/a>) ou de droit \u00e0 l\u2019\u00e9ducation des jeunes filles, qui peut \u00eatre mise en p\u00e9ril. Selon des articles du PNUD et de l\u2019Unicef, ceci d\u00e9coule, entre autres, du fait que c\u2019est g\u00e9n\u00e9ralement aux femmes que revient la t\u00e2che de ramener de l\u2019eau potable, se situant parfois \u00e0 plusieurs heures de marche ou parce que certains parents refusent que leurs filles aillent \u00e0 l\u2019\u00e9cole en raison de l\u2019absence d\u2019installations sanitaires appropri\u00e9es. <\/p>\n\n\n\n<p>Les <strong>r\u00e9fugi\u00e9s et personnes d\u00e9plac\u00e9es dans leur propre pays<\/strong> peuvent \u00e9galement faire face \u00e0 de r\u00e9elles difficult\u00e9s pour que leur droit \u00e0 l\u2019eau et \u00e0 l\u2019assainissement soit respect\u00e9. Face \u00e0 certaines images de camps surpeupl\u00e9s et pr\u00e9caires accueillant ceux-ci, cela n\u2019est pas surprenant d\u2019apprendre que ces droits qui leurs sont reconnus ne sont pas satisfaits dans les faits (<a href=\"https:\/\/fr.unesco.org\/news\/qui-sont-exclus-leau.\">voir l\u2019article de l\u2019UNESCO sur les exclus de l\u2019eau<\/a>). <\/p>\n\n\n\n<p>Pour les <strong>peuples autochtones<\/strong>, l\u2019acc\u00e8s \u00e0 l\u2019eau est \u00e9troitement li\u00e9 \u00e0 la ma\u00eetrise de leurs terres, territoires et ressources. Mais bien souvent, ils ne sont pas en mesure de prouver que ces terres leur appartiennent. Ainsi, comme le rappelle le GITPA \u2013 le groupe international de travail pour les peuples autochtones \u2013, ils risquent d\u2019\u00eatre expropri\u00e9s et les sources naturelles d\u2019\u00eatre exploit\u00e9es par de puissantes entreprises, sans qu\u2019elles n\u2019aient \u00e9gard aux droits des personnes y vivant depuis des g\u00e9n\u00e9rations. <\/p>\n\n\n\n<p>Enfin, <strong>les personnes d\u00e9favoris\u00e9es vivant essentiellement en milieu rural<\/strong> constituent la majorit\u00e9 des personnes n\u2019ayant pas acc\u00e8s \u00e0 l\u2019eau potable et \u00e0 l\u2019assainissement. Leurs logements sont rarement reli\u00e9s aux r\u00e9seaux de distribution d\u2019eau et souvent d\u00e9pourvus d\u2019installations sanitaires. Dans les cas o\u00f9 les populations pauvres ont acc\u00e8s \u00e0 l\u2019eau courante, son d\u00e9bit est souvent r\u00e9duit en p\u00e9riode de p\u00e9nurie pour approvisionner les quartiers plus ais\u00e9s (voir l\u2019<a href=\"https:\/\/www.who.int\/fr\/news\/item\/18-06-2019-1-in-3-people-globally-do-not-have-access-to-safe-drinking-water-%E2%80%93-unicef-who\">article de l\u2019OMS<\/a>). <\/p>\n\n\n\n<p>\u00ab Nous ne pourrons vaincre aucune des maladies infectieuses<br>\nqui affligent les pays en d\u00e9veloppement tant que nous n&rsquo;aurons<br>\npas gagn\u00e9 la bataille pour l&rsquo;eau potable, l&rsquo;assainissement [\u2026] \u00bb.<br>\n(<strong>Kofi Annan<\/strong>)<br>\n<\/p>\n\n\n\n<p><bloc> Conclusion <\/bloc><\/p>\n\n\n\n<p>La reconnaissance du droit \u00e0 l\u2019eau fut avant tout une avanc\u00e9e symbolique. Celle-ci semble cependant aller au-del\u00e0 de cet aspect purement symbolique, comme en t\u00e9moigne \u00e9galement le 6e objectif de d\u00e9veloppement durable des Nations Unies, visant \u00e0 \u00ab garantir l\u2019acc\u00e8s \u00e0 des services d\u2019alimentation en eau et d\u2019assainissement g\u00e9r\u00e9s de fa\u00e7on durable \u00bb. <\/p>\n\n\n\n<p>Le 22 mars, c\u2019est la journ\u00e9e mondiale de l\u2019eau. La raison d\u2019\u00eatre d\u2019une telle journ\u00e9e est de mettre en lumi\u00e8re cet enjeu international et de sensibiliser aux progr\u00e8s qui sont encore \u00e0 r\u00e9aliser dans le domaine de l\u2019acc\u00e8s \u00e0 l\u2019eau et \u00e0 l\u2019assainissement pour tous. La vraie victoire sera atteinte le jour o\u00f9 une telle journ\u00e9e mondiale n\u2019aura plus lieu d\u2019\u00eatre, dans un monde o\u00f9 le droit \u00e0 l\u2019eau ne sera plus un objectif \u00e0 atteindre, mais une r\u00e9alit\u00e9 pour laquelle \u00e0 ce jour une grande partie de la population est encore amen\u00e9e \u00e0 se battre quotidiennement pour sa survie.<br>\n<\/p>\n\n\n\n<p><strong>Fanny Royen &amp; Isolde Legrand.<\/strong><br>\n<\/p>\n\n\n\n<figure class=\"wp-block-gallery columns-3 is-cropped wp-block-gallery-1 is-layout-flex wp-block-gallery-is-layout-flex\"><ul class=\"blocks-gallery-grid\"><li class=\"blocks-gallery-item\"><figure><a href=\"https:\/\/www.justicepaix.be\/wp-content\/uploads\/2020\/12\/jpg_cap_de_l_eau-scaled.jpg\"><img decoding=\"async\" width=\"2560\" height=\"1920\" src=\"https:\/\/www.justicepaix.be\/wp-content\/uploads\/2020\/12\/jpg_cap_de_l_eau-scaled.jpg\" alt=\"cap_de_l_eau.jpg\" data-id=\"17104\" class=\"wp-image-17104\" srcset=\"https:\/\/www.justicepaix.be\/wp-content\/uploads\/2020\/12\/jpg_cap_de_l_eau-scaled.jpg 2560w, https:\/\/www.justicepaix.be\/wp-content\/uploads\/2020\/12\/jpg_cap_de_l_eau-300x225.jpg 300w, https:\/\/www.justicepaix.be\/wp-content\/uploads\/2020\/12\/jpg_cap_de_l_eau-1024x768.jpg 1024w, https:\/\/www.justicepaix.be\/wp-content\/uploads\/2020\/12\/jpg_cap_de_l_eau-768x576.jpg 768w, https:\/\/www.justicepaix.be\/wp-content\/uploads\/2020\/12\/jpg_cap_de_l_eau-1536x1152.jpg 1536w, https:\/\/www.justicepaix.be\/wp-content\/uploads\/2020\/12\/jpg_cap_de_l_eau-2048x1536.jpg 2048w\" sizes=\"(max-width: 2560px) 100vw, 2560px\" \/><\/a><\/figure><\/li><li class=\"blocks-gallery-item\"><figure><a href=\"https:\/\/www.justicepaix.be\/wp-content\/uploads\/2020\/12\/jpg_cap_de_l_eau-scaled.jpg\"><img decoding=\"async\" width=\"2560\" height=\"1920\" src=\"https:\/\/www.justicepaix.be\/wp-content\/uploads\/2020\/12\/jpg_cap_de_l_eau-scaled.jpg\" alt=\"cap_de_l_eau.jpg\" data-id=\"17105\" class=\"wp-image-17105\" srcset=\"https:\/\/www.justicepaix.be\/wp-content\/uploads\/2020\/12\/jpg_cap_de_l_eau-scaled.jpg 2560w, https:\/\/www.justicepaix.be\/wp-content\/uploads\/2020\/12\/jpg_cap_de_l_eau-300x225.jpg 300w, https:\/\/www.justicepaix.be\/wp-content\/uploads\/2020\/12\/jpg_cap_de_l_eau-1024x768.jpg 1024w, https:\/\/www.justicepaix.be\/wp-content\/uploads\/2020\/12\/jpg_cap_de_l_eau-768x576.jpg 768w, https:\/\/www.justicepaix.be\/wp-content\/uploads\/2020\/12\/jpg_cap_de_l_eau-1536x1152.jpg 1536w, https:\/\/www.justicepaix.be\/wp-content\/uploads\/2020\/12\/jpg_cap_de_l_eau-2048x1536.jpg 2048w\" sizes=\"(max-width: 2560px) 100vw, 2560px\" \/><\/a><\/figure><\/li><\/ul><\/figure>\n\n\n\n<h2 class=\"wp-block-heading\">Documents joints<\/h2>\n\n\n\n<div class=\"wp-block-file\"><a href=\"http:\/\/demop.netbaz.be\/2021\/jp\/wp-content\/uploads\/2020\/12\/pdf_2020_analyse_droit_eau_purement_symbolique_ou_vecteur_d_un_veritable_changement.pdf\">Le droit \u00e0 l&rsquo;eau, droit purement symbolique ou vecteur d&rsquo;un v\u00e9ritable changement<\/a><\/div>\n<div class=\"speaker-mute footnotes_reference_container\"> <div class=\"footnote_container_prepare\"><p><span role=\"button\" tabindex=\"0\" class=\"footnote_reference_container_label pointer\" onclick=\"footnote_expand_collapse_reference_container_17102_1();\">Notes<\/span><span role=\"button\" tabindex=\"0\" class=\"footnote_reference_container_collapse_button\" style=\"display: none;\" onclick=\"footnote_expand_collapse_reference_container_17102_1();\">[<a id=\"footnote_reference_container_collapse_button_17102_1\">+<\/a>]<\/span><\/p><\/div> <div id=\"footnote_references_container_17102_1\" style=\"\"><table class=\"footnotes_table footnote-reference-container\"><caption class=\"accessibility\">Notes<\/caption> <tbody> \r\n\r\n<tr class=\"footnotes_plugin_reference_row\"> <th scope=\"row\" id=\"footnote_plugin_reference_17102_1_1\" class=\"footnote_plugin_index pointer\" onclick=\"footnote_moveToAnchor_17102_1('footnote_plugin_tooltip_17102_1_1');\"><a role=\"button\" tabindex=\"0\" class=\"footnote_plugin_link\" ><span class=\"footnote_index_arrow\">&#8593;<\/span>1<\/a><\/th> <td class=\"footnote_plugin_text\">Notons que des dispositions relatives \u00e0 ce droit furent \u00e9galement prises \u00e0 des niveaux r\u00e9gionaux et nationaux et que des juridictions ou quasi-juridictions r\u00e9gionales ont vu le jour en mati\u00e8re de promotion et de protection du droit \u00e0 l\u2019eau, \u00e9laborant un recueil de d\u00e9cisions.<\/td><\/tr>\r\n\r\n<tr class=\"footnotes_plugin_reference_row\"> <th scope=\"row\" id=\"footnote_plugin_reference_17102_1_2\" class=\"footnote_plugin_index pointer\" onclick=\"footnote_moveToAnchor_17102_1('footnote_plugin_tooltip_17102_1_2');\"><a role=\"button\" tabindex=\"0\" class=\"footnote_plugin_link\" ><span class=\"footnote_index_arrow\">&#8593;<\/span>2<\/a><\/th> <td class=\"footnote_plugin_text\">CDESC, Observation g\u00e9n\u00e9rale n\u00b015 sur le droit \u00e0 l\u2019eau, 2002.<\/td><\/tr>\r\n\r\n <\/tbody> <\/table> <\/div><\/div><script type=\"text\/javascript\"> function footnote_expand_reference_container_17102_1() { jQuery('#footnote_references_container_17102_1').show(); jQuery('#footnote_reference_container_collapse_button_17102_1').text('\u2212'); } function footnote_collapse_reference_container_17102_1() { jQuery('#footnote_references_container_17102_1').hide(); jQuery('#footnote_reference_container_collapse_button_17102_1').text('+'); } function footnote_expand_collapse_reference_container_17102_1() { if (jQuery('#footnote_references_container_17102_1').is(':hidden')) { footnote_expand_reference_container_17102_1(); } else { footnote_collapse_reference_container_17102_1(); } } function footnote_moveToReference_17102_1(p_str_TargetID) { footnote_expand_reference_container_17102_1(); var l_obj_Target = jQuery('#' + p_str_TargetID); if (l_obj_Target.length) { jQuery( 'html, body' ).delay( 0 ); jQuery('html, body').animate({ scrollTop: l_obj_Target.offset().top - window.innerHeight * 0.2 }, 380); } } function footnote_moveToAnchor_17102_1(p_str_TargetID) { footnote_expand_reference_container_17102_1(); var l_obj_Target = jQuery('#' + p_str_TargetID); if (l_obj_Target.length) { jQuery( 'html, body' ).delay( 0 ); jQuery('html, body').animate({ scrollTop: l_obj_Target.offset().top - window.innerHeight * 0.2 }, 380); } }<\/script>","protected":false},"excerpt":{"rendered":"<p>A travers le monde, nombreuses sont les difficult\u00e9s pour avoir acc\u00e8s \u00e0 des sources d\u2019eau potable\u2026 Face \u00e0 ce constat, l\u2019acc\u00e8s \u00e0 l\u2019eau potable et \u00e0 l\u2019assainissement est devenu un enjeu important pour la Communaut\u00e9 internationale, davantage encore de nos jours face \u00e0 la pand\u00e9mie de Covid-19 qui a d\u00e9montr\u00e9 l\u2019importance cruciale d\u2019un acc\u00e8s \u00e0 [&hellip;]<\/p>\n","protected":false},"author":57,"featured_media":17101,"comment_status":"closed","ping_status":"open","sticky":false,"template":"","format":"standard","meta":{"_acf_changed":false,"_seopress_robots_primary_cat":"","_seopress_titles_title":"","_seopress_titles_desc":"","_seopress_robots_index":"","footnotes":""},"categories":[2722],"tags":[2795,2802,2814,2816,2819],"class_list":["post-17102","post","type-post","status-publish","format-standard","has-post-thumbnail","hentry","category-articles-nos-publications","tag-article","tag-bonne-gouvernance","tag-developpement-durable","tag-eau","tag-questions-sociales"],"acf":[],"_links":{"self":[{"href":"http:\/\/www.justicepaix.be\/en\/wp-json\/wp\/v2\/posts\/17102","targetHints":{"allow":["GET"]}}],"collection":[{"href":"http:\/\/www.justicepaix.be\/en\/wp-json\/wp\/v2\/posts"}],"about":[{"href":"http:\/\/www.justicepaix.be\/en\/wp-json\/wp\/v2\/types\/post"}],"author":[{"embeddable":true,"href":"http:\/\/www.justicepaix.be\/en\/wp-json\/wp\/v2\/users\/57"}],"replies":[{"embeddable":true,"href":"http:\/\/www.justicepaix.be\/en\/wp-json\/wp\/v2\/comments?post=17102"}],"version-history":[{"count":0,"href":"http:\/\/www.justicepaix.be\/en\/wp-json\/wp\/v2\/posts\/17102\/revisions"}],"wp:featuredmedia":[{"embeddable":true,"href":"http:\/\/www.justicepaix.be\/en\/wp-json\/wp\/v2\/media\/17101"}],"wp:attachment":[{"href":"http:\/\/www.justicepaix.be\/en\/wp-json\/wp\/v2\/media?parent=17102"}],"wp:term":[{"taxonomy":"category","embeddable":true,"href":"http:\/\/www.justicepaix.be\/en\/wp-json\/wp\/v2\/categories?post=17102"},{"taxonomy":"post_tag","embeddable":true,"href":"http:\/\/www.justicepaix.be\/en\/wp-json\/wp\/v2\/tags?post=17102"}],"curies":[{"name":"wp","href":"https:\/\/api.w.org\/{rel}","templated":true}]}}