{"id":17097,"date":"2020-12-07T15:51:42","date_gmt":"2020-12-07T14:51:42","guid":{"rendered":"https:\/\/demop.netbaz.be\/2021\/jp\/2020\/12\/07\/le-deploiement-de-la-5g-quelle-realite-cachee\/"},"modified":"2022-07-12T12:43:53","modified_gmt":"2022-07-12T10:43:53","slug":"the-deployment-of-5g-what-a-hidden-reality","status":"publish","type":"post","link":"http:\/\/www.justicepaix.be\/en\/le-deploiement-de-la-5g-quelle-realite-cachee\/","title":{"rendered":"The deployment of 5G, what hidden reality?"},"content":{"rendered":"\n<div class=\"wp-block-image\"><figure class=\"alignleft\"><img fetchpriority=\"high\" decoding=\"async\" width=\"960\" height=\"640\" src=\"http:\/\/demop.netbaz.be\/2021\/jp\/wp-content\/uploads\/2020\/12\/jpg_5g_technology-5348131_960_720.jpg\" alt=\"5g_technology-5348131_960_720.jpg\" class=\"wp-image-17096\" srcset=\"https:\/\/www.justicepaix.be\/wp-content\/uploads\/2020\/12\/jpg_5g_technology-5348131_960_720.jpg 960w, https:\/\/www.justicepaix.be\/wp-content\/uploads\/2020\/12\/jpg_5g_technology-5348131_960_720-300x200.jpg 300w, https:\/\/www.justicepaix.be\/wp-content\/uploads\/2020\/12\/jpg_5g_technology-5348131_960_720-768x512.jpg 768w\" sizes=\"(max-width: 960px) 100vw, 960px\" \/><\/figure><\/div>\n\n\n\n<p class=\"post_excerpt\">La 5G se d\u00e9crit comme la plus rapide de tous les syst\u00e8mes de communication. Mais son d\u00e9ploiement, d\u00e9licat, couteux et  \u00e9nergivores requiert l\u2019utilisation de plus de ressources naturelles non renouvelables et en \u00e9puisement.<br>\n<\/p>\n\n\n\n<p><br>\n<em>Le num\u00e9rique a incarn\u00e9 l\u2019id\u00e9e de progr\u00e8s technologique \u00e0 notre \u00e9poque et a promis une croissance exponentielle du \u00ab tout au num\u00e9rique \u00bb.Puisqu\u2019on s\u2019en va vers le d\u00e9ploiement de la 5G, plus  on en doute des impacts.<br>\n <strong>\u00abOser ; le progr\u00e8s est \u00e0 un prix \u00bb oui, mais lequel ?\u00bb<\/strong><br>\nVictor Hugo<\/em><\/p>\n\n\n\n<!--more-->\n\n\n\n<p><bloc> Plus rapide et plus \u00e9nergivore pour des ressources limit\u00e9es ? <\/bloc><\/p>\n\n\n\n<p>L\u2019essor de l\u2019\u00e9lectronique dans nos soci\u00e9t\u00e9s a fait exploser la demande en m\u00e9taux ces derni\u00e8res ann\u00e9es <span class=\"footnote_referrer\"><a role=\"button\" tabindex=\"0\" onclick=\"footnote_moveToReference_17097_1('footnote_plugin_reference_17097_1_1');\" onkeypress=\"footnote_moveToReference_17097_1('footnote_plugin_reference_17097_1_1');\" ><sup id=\"footnote_plugin_tooltip_17097_1_1\" class=\"footnote_plugin_tooltip_text\">[1]<\/sup><\/a><span id=\"footnote_plugin_tooltip_text_17097_1_1\" class=\"footnote_tooltip\">Commission Justice et Paix, \u00ab Derri\u00e8re nos \u00e9crans : les enjeux de l\u2019exploitation mini\u00e8re \u00bb, Outil p\u00e9dagogique 2019.<\/span><\/span><script type=\"text\/javascript\"> jQuery('#footnote_plugin_tooltip_17097_1_1').tooltip({ tip: '#footnote_plugin_tooltip_text_17097_1_1', tipClass: 'footnote_tooltip', effect: 'fade', predelay: 0, fadeInSpeed: 200, delay: 400, fadeOutSpeed: 200, position: 'top center', relative: true, offset: [-7, 0], });<\/script>. Aujourd\u2019hui, nous utilisons trois fois plus de m\u00e9taux qu\u2019il y a 20 ans <span class=\"footnote_referrer\"><a role=\"button\" tabindex=\"0\" onclick=\"footnote_moveToReference_17097_1('footnote_plugin_reference_17097_1_2');\" onkeypress=\"footnote_moveToReference_17097_1('footnote_plugin_reference_17097_1_2');\" ><sup id=\"footnote_plugin_tooltip_17097_1_2\" class=\"footnote_plugin_tooltip_text\">[2]<\/sup><\/a><span id=\"footnote_plugin_tooltip_text_17097_1_2\" class=\"footnote_tooltip\">Derri\u00e8re nos \u00e9crans : op.cit.<\/span><\/span><script type=\"text\/javascript\"> jQuery('#footnote_plugin_tooltip_17097_1_2').tooltip({ tip: '#footnote_plugin_tooltip_text_17097_1_2', tipClass: 'footnote_tooltip', effect: 'fade', predelay: 0, fadeInSpeed: 200, delay: 400, fadeOutSpeed: 200, position: 'top center', relative: true, offset: [-7, 0], });<\/script>.  Zoom sur le smartphone : le GSM produit dans les ann\u00e9es 90 se composait d\u2019environ 20 m\u00e9taux tandis que le smartphone d\u2019aujourd\u2019hui contient plus de 45 m\u00e9taux. <\/p>\n\n\n\n<p>La 5G se veut le standard moderne de la t\u00e9l\u00e9phonie mobile du mill\u00e9naire qui voudrait compl\u00e9ter voire m\u00eame remplacer la 4G actuelle. Une avanc\u00e9e technologique de la t\u00e9l\u00e9communication  qui se veut r\u00e9volutionnaire et plus efficace que  tous les autres proc\u00e9d\u00e9s qu\u2019on conna\u00eet aujourd\u2019hui. A-t-elle peut-\u00eatre sans doute ses b\u00e9n\u00e9fices ?, mais \u00e9galement elle apporte une nouvelle menace tant pour les minerais \u00e9puisables et l\u2019environnement \u00e0 prot\u00e9ger.<\/p>\n\n\n\n<p>Le d\u00e9ploiement de la 5G, va certainement exiger l\u2019extractivisme de ses ressources naturelles qui ne sont pourtant pas renouvelables ? De surcro\u00eet l\u2019utilisation des m\u00e9taux rares que constituent ses composantes num\u00e9riques ?  Les ressources non renouvelables, ont une <a href=\"http:\/\/les.cahiers-developpement-durable.be\/vivre\/t1-p1-cha2-ressources-menacees\/\">dur\u00e9e de vie limit\u00e9e<\/a>, puisqu\u2019elles sont form\u00e9es lors de processus g\u00e9ologiques qui ont souvent dur\u00e9 des millions voire des milliards d\u2019ann\u00e9es ; par cons\u00e9quent, les stocks diminuent \u00e0 chaque fois qu\u2019on les utilise et ne se r\u00e9g\u00e9n\u00e8rent pas \u00e0 l\u2019\u00e9chelle d\u2019une vie humaine <span class=\"footnote_referrer\"><a role=\"button\" tabindex=\"0\" onclick=\"footnote_moveToReference_17097_1('footnote_plugin_reference_17097_1_3');\" onkeypress=\"footnote_moveToReference_17097_1('footnote_plugin_reference_17097_1_3');\" ><sup id=\"footnote_plugin_tooltip_17097_1_3\" class=\"footnote_plugin_tooltip_text\">[3]<\/sup><\/a><span id=\"footnote_plugin_tooltip_text_17097_1_3\" class=\"footnote_tooltip\">Commission  Justice et Paix, \u00ab ressources limit\u00e9es, conflits interminables \u00bb, Etude 2020.<\/span><\/span><script type=\"text\/javascript\"> jQuery('#footnote_plugin_tooltip_17097_1_3').tooltip({ tip: '#footnote_plugin_tooltip_text_17097_1_3', tipClass: 'footnote_tooltip', effect: 'fade', predelay: 0, fadeInSpeed: 200, delay: 400, fadeOutSpeed: 200, position: 'top center', relative: true, offset: [-7, 0], });<\/script>.  <\/p>\n\n\n\n<p>L\u2019OCDE a estim\u00e9, \u00e0 partir des niveaux connus en 1999, \u00ab<em>qu\u2019avec un taux de croissance annuel de leur production primaire de 2%, les r\u00e9serves de cuivre, plomb, nickel, argent, \u00e9tain et zinc ne d\u00e9passeraient pas 30 ann\u00e9es, l\u2019aluminium et le fer se situant <a href=\"https:\/\/www.eesc.europa.eu\/fr\/our-work\/opinions-information-reports\/opinions\/pour-une-consommation-plus-durable-la-duree-de-vie-des-produits-de-lindustrie-et-linformation-du-consommateur-au-service\">entre 60 et 80 ans<\/a> ; l\u2019\u00e8re de la raret\u00e9 se dessinerait donc pour un nombre croissant de mat\u00e9riaux<\/em> \u00bb <span class=\"footnote_referrer\"><a role=\"button\" tabindex=\"0\" onclick=\"footnote_moveToReference_17097_1('footnote_plugin_reference_17097_1_4');\" onkeypress=\"footnote_moveToReference_17097_1('footnote_plugin_reference_17097_1_4');\" ><sup id=\"footnote_plugin_tooltip_17097_1_4\" class=\"footnote_plugin_tooltip_text\">[4]<\/sup><\/a><span id=\"footnote_plugin_tooltip_text_17097_1_4\" class=\"footnote_tooltip\">Avis du comit\u00e9 \u00e9conomique et social europ\u00e9en, pour une consommation plus durable : la dur\u00e9e de vie des produits de l\u2019industrie et l\u2019information du consommateur au service d\u2019une confiance&nbsp;&#x2026; <span class=\"footnote_tooltip_continue\"  onclick=\"footnote_moveToReference_17097_1('footnote_plugin_reference_17097_1_4');\">Continuer la lecture<\/span><\/span><\/span><script type=\"text\/javascript\"> jQuery('#footnote_plugin_tooltip_17097_1_4').tooltip({ tip: '#footnote_plugin_tooltip_text_17097_1_4', tipClass: 'footnote_tooltip', effect: 'fade', predelay: 0, fadeInSpeed: 200, delay: 400, fadeOutSpeed: 200, position: 'top center', relative: true, offset: [-7, 0], });<\/script>. En d\u00e9pit de l\u2019am\u00e9lioration des techniques, le taux de concentration des m\u00e9taux rares, Coltan, cobalt, l\u2019or, le tantale, l\u2019\u00e9tain et le tungst\u00e8ne, etc., n\u00e9cessaires \u00e0 la fabrication des composants de nos objets num\u00e9riques diminue de plus en plus. Les exploitations futures, quant \u00e0 elles, pourront \u00eatre orient\u00e9es vers les profondeurs marines, requ\u00e9rant plus d\u2019\u00e9nergie. Une \u00e9tude de l&rsquo;ADEME en 2017 avan\u00e7ait que d&rsquo;ici \u00e0 2050 la demande en ressources min\u00e9rales doublerait ; \u00ab L\u2019argent en voie de disparition \u2026, le monde aura \u00e9puis\u00e9 ses r\u00e9serves en 2029 \u00bb, \u00abLa fin du cuivre en 2050\u00bb.  <\/p>\n\n\n\n<p>En effet, l\u2019internet, v\u00e9hicule \u00e9lectrique, robotisation, objets connect\u00e9s\u2026 produisent l\u2019effet inverse de celui recherch\u00e9  en termes de r\u00e9duction d\u2019\u00e9mission  de gaz \u00e0 effet de serre, de d\u00e9pendance aux <a href=\"https:\/\/story.backmarket.fr\/quelles-sont-les-consequences-environnementales-de-la-5g\/9603\/\">\u00e9nergies fossiles<\/a> et sobri\u00e9t\u00e9 num\u00e9rique, en regard de la multiplication des \u00e9quipements num\u00e9riques, consommation de mati\u00e8res premi\u00e8res, production de d\u00e9chets. <\/p>\n\n\n\n<p>Le fonctionnement de plusieurs milliards d\u2019objets connect\u00e9s n\u00e9cessite de l\u2019\u00e9lectricit\u00e9 pour faire tourner les machines, qui d\u00e9pend elle aussi des \u00e9nergies fossiles pour produire de l\u2019\u00e9nergie et faire tourner les turbines et contribue ainsi \u00e0 l\u2019\u00e9puisement des ressources fossiles; par exemple le p\u00e9trole \u00e0 extraire aujourd\u2019hui requiert plus de p\u00e9trole  investi dans l\u2019extraction pour en retirer une quantit\u00e9 \u00e9quivalente que par le pass\u00e9 <span class=\"footnote_referrer\"><a role=\"button\" tabindex=\"0\" onclick=\"footnote_moveToReference_17097_1('footnote_plugin_reference_17097_1_5');\" onkeypress=\"footnote_moveToReference_17097_1('footnote_plugin_reference_17097_1_5');\" ><sup id=\"footnote_plugin_tooltip_17097_1_5\" class=\"footnote_plugin_tooltip_text\">[5]<\/sup><\/a><span id=\"footnote_plugin_tooltip_text_17097_1_5\" class=\"footnote_tooltip\">La commission Justice et Paix, derri\u00e8res nos \u00e9crans : les enjeux de l\u2019exploitation mini\u00e8re, outil p\u00e9dagogique.<\/span><\/span><script type=\"text\/javascript\"> jQuery('#footnote_plugin_tooltip_17097_1_5').tooltip({ tip: '#footnote_plugin_tooltip_text_17097_1_5', tipClass: 'footnote_tooltip', effect: 'fade', predelay: 0, fadeInSpeed: 200, delay: 400, fadeOutSpeed: 200, position: 'top center', relative: true, offset: [-7, 0], });<\/script>.<br>\n<\/p>\n\n\n\n<p><bloc> Face cach\u00e9e du num\u00e9rique et impact \u00e9cologique<\/bloc><\/p>\n\n\n\n<p>Dans une \u00e8re num\u00e9rique et un monde hyper-connect\u00e9, il appara\u00eet difficile au citoyen de r\u00e9sister \u00e0 l\u2019appel consum\u00e9riste de toujours se mettre \u00e0 jour en utilisant les derni\u00e8res parutions d\u2019appareils qui semblent offrir pourtant plus de facilit\u00e9s, d\u2019efficacit\u00e9 et de rendement. Il sied de noter n\u00e9anmoins que la contrepartie s\u2019annonce peu glorieuse pour l\u2019environnement. Le num\u00e9rique n\u2019est pas immat\u00e9riel et ses impacts environnementaux sont bien r\u00e9els. Le num\u00e9rique, repr\u00e9sente 4,2 % de la consommation en \u00e9nergie primaire et est responsable aujourd\u2019hui de 4%  (dont 25% due aux \u00ab data center \u00bb, 28% due aux infrastructures r\u00e9seaux, 47% due aux \u00e9quipements des consommateurs) des \u00e9missions mondiales de gaz \u00e0 effet de serre et la forte augmentation des usages laisse pr\u00e9sager un doublement de ce carbone d\u2019ici 2025 <span class=\"footnote_referrer\"><a role=\"button\" tabindex=\"0\" onclick=\"footnote_moveToReference_17097_1('footnote_plugin_reference_17097_1_6');\" onkeypress=\"footnote_moveToReference_17097_1('footnote_plugin_reference_17097_1_6');\" ><sup id=\"footnote_plugin_tooltip_17097_1_6\" class=\"footnote_plugin_tooltip_text\">[6]<\/sup><\/a><span id=\"footnote_plugin_tooltip_text_17097_1_6\" class=\"footnote_tooltip\">ADEME, minist\u00e8re de la transition \u00e9cologique et solidaire de France.<\/span><\/span><script type=\"text\/javascript\"> jQuery('#footnote_plugin_tooltip_17097_1_6').tooltip({ tip: '#footnote_plugin_tooltip_text_17097_1_6', tipClass: 'footnote_tooltip', effect: 'fade', predelay: 0, fadeInSpeed: 200, delay: 400, fadeOutSpeed: 200, position: 'top center', relative: true, offset: [-7, 0], });<\/script>. Ces \u00e9missions de GES participent au r\u00e9chauffement climatique et \u00e0 l\u2019acidification des oc\u00e9ans, etc. Les pollutions des eaux, des sols et de l\u2019air \u00e0 proximit\u00e9 des sites d\u2019extraction, de raffinage des m\u00e9taux mais aussi des usines de fabrication, sont aussi <a href=\"https:\/\/www.lemonde.fr\/blog\/binaire\/2019\/01\/29\/impacts-environnementaux-du-numerique-de-quoi-parle-t-on\/\">responsables<\/a> d\u2019une perte de la biodiversit\u00e9. Il en sera de m\u00eame pour le d\u00e9ploiement de la 5G si on prend en compte les quantit\u00e9s astronomiques de mat\u00e9riaux n\u00e9cessaires \u00e0 la construction de ces centaines de millions d\u2019antennes n\u00e9cessaires \u00e0 <a href=\"https:\/\/www.rabat-process.org\/fr\/activites\/publications\/infographie-causes-profondes-deplacements-forces-lac-chad\">son fonctionnement<\/a>. La phase d\u2019utilisation repr\u00e9sente \u00e9galement une part cons\u00e9quente de l\u2019impact environnemental du num\u00e9rique. Le num\u00e9rique consomme 5,5% de l\u2019\u00e9lectricit\u00e9 mondiale <span class=\"footnote_referrer\"><a role=\"button\" tabindex=\"0\" onclick=\"footnote_moveToReference_17097_1('footnote_plugin_reference_17097_1_7');\" onkeypress=\"footnote_moveToReference_17097_1('footnote_plugin_reference_17097_1_7');\" ><sup id=\"footnote_plugin_tooltip_17097_1_7\" class=\"footnote_plugin_tooltip_text\">[7]<\/sup><\/a><span id=\"footnote_plugin_tooltip_text_17097_1_7\" class=\"footnote_tooltip\">F. Borgade, op.cit., p.10.<\/span><\/span><script type=\"text\/javascript\"> jQuery('#footnote_plugin_tooltip_17097_1_7').tooltip({ tip: '#footnote_plugin_tooltip_text_17097_1_7', tipClass: 'footnote_tooltip', effect: 'fade', predelay: 0, fadeInSpeed: 200, delay: 400, fadeOutSpeed: 200, position: 'top center', relative: true, offset: [-7, 0], });<\/script>. Pr\u00e8s de 70% de l\u2019\u00e9lectricit\u00e9 mondiale utilis\u00e9e par les centres de donn\u00e9es et les \u00e9quipements \u00e9lectroniques est produite \u00e0 partir d\u2019<a href=\"https:\/\/ecoinfo.cnrs.fr\/materiaux\/\">\u00e9nergies fossiles<\/a>. Mise \u00e0 part la consommation \u00e9lectrique d\u2019un appareil allum\u00e9, les \u00ab <em>Datacenter<\/em> \u00bb ont \u00e9galement une consommation \u00e9nerg\u00e9tique au travers du fonctionnement des serveurs ; les serveurs fonctionnent en permanence et offrent diff\u00e9rents services tels que : bases de donn\u00e9es, courrier \u00e9lectronique, acc\u00e8s aux informations World Wide Web (www), jeux et logiciels. Selon l\u2019agence internationale de l\u2019\u00e9nergie (IEA), la demande en \u00e9lectricit\u00e9 des \u00ab <em>Datacenter <\/em> \u00bb \u00e9tait estim\u00e9e en 2018 \u00e0 198TWH (t\u00e9rawattheure), soit pr\u00e8s de 1%  de la demande mondiale ou l\u2019\u00e9quivalent de la production de <a href=\"https:\/\/plus.lesoir.be\/228564\/article\/2019-06-03\/investissement-de-google-en-belgique-les-data-centers-se-multiplient-mais-quel\">28 r\u00e9acteurs nucl\u00e9aires<\/a>. Le r\u00e9chauffement de la plan\u00e8te impose de modifier nos habitudes au risque d\u2019entra\u00eener des cons\u00e9quences imaginables telles que la fonte des glaciers, l\u2019\u00e9l\u00e9vation du niveau de la mer, etc. <span class=\"footnote_referrer\"><a role=\"button\" tabindex=\"0\" onclick=\"footnote_moveToReference_17097_1('footnote_plugin_reference_17097_1_8');\" onkeypress=\"footnote_moveToReference_17097_1('footnote_plugin_reference_17097_1_8');\" ><sup id=\"footnote_plugin_tooltip_17097_1_8\" class=\"footnote_plugin_tooltip_text\">[8]<\/sup><\/a><span id=\"footnote_plugin_tooltip_text_17097_1_8\" class=\"footnote_tooltip\">Etude 2017, Une plan\u00e8te \u00e0 bout de souffle,  Commission Justice et Paix, P 16.<\/span><\/span><script type=\"text\/javascript\"> jQuery('#footnote_plugin_tooltip_17097_1_8').tooltip({ tip: '#footnote_plugin_tooltip_text_17097_1_8', tipClass: 'footnote_tooltip', effect: 'fade', predelay: 0, fadeInSpeed: 200, delay: 400, fadeOutSpeed: 200, position: 'top center', relative: true, offset: [-7, 0], });<\/script>. Il faudra r\u00e9duire nos \u00e9missions de gaz \u00e0 effet de serre, pour esp\u00e9rer maintenir la temp\u00e9rature en dessous des 2\u00b0C d\u2019ici 2030.<br>\n<\/p>\n\n\n\n<p><bloc> Conflits et cons\u00e9quences humaines <\/bloc><\/p>\n\n\n\n<p>La consommation de ressources des pays industrialis\u00e9s, notamment mini\u00e8res, augmente sans tenir compte des r\u00e9alit\u00e9s des pays producteurs.<\/p>\n\n\n\n<ul class=\"wp-block-list\"><li> <strong>Cas de la RDC et la Ru\u00e9e sur le cobalt<\/strong><br>\nClass\u00e9s parmi les pays les plus pauvres de la plan\u00e8te, la R\u00e9publique d\u00e9mocratique du Congo (RDC), regorge pourtant de richesses dont l\u2019exploitation raisonnable et la r\u00e9partition \u00e9quitable seraient sources de d\u00e9veloppement tant \u00e9conomique que social ; ressources  hydrauliques, or, diamant, cuivre, Coltan, Uranium mais aussi Cobalt ; minerais essentiels \u00e0 nos nouvelles technologies. La RD Congo est le plus grand producteur de cuivre en Afrique, elle d\u00e9tient la moiti\u00e9 des r\u00e9serves plan\u00e9taires et assure \u00e0 elle seule plus de la moiti\u00e9 de la production mondiale de cobalt (la RDC poss\u00e8de 60 \u00e0 80% de Coltan et 50 \u00e0 60% des r\u00e9serves de cobalt mondial) <span class=\"footnote_referrer\"><a role=\"button\" tabindex=\"0\" onclick=\"footnote_moveToReference_17097_1('footnote_plugin_reference_17097_1_9');\" onkeypress=\"footnote_moveToReference_17097_1('footnote_plugin_reference_17097_1_9');\" ><sup id=\"footnote_plugin_tooltip_17097_1_9\" class=\"footnote_plugin_tooltip_text\">[9]<\/sup><\/a><span id=\"footnote_plugin_tooltip_text_17097_1_9\" class=\"footnote_tooltip\">Geological Survey, Mineral Commodity Summaries, janvier 2018.<\/span><\/span><script type=\"text\/javascript\"> jQuery('#footnote_plugin_tooltip_17097_1_9').tooltip({ tip: '#footnote_plugin_tooltip_text_17097_1_9', tipClass: 'footnote_tooltip', effect: 'fade', predelay: 0, fadeInSpeed: 200, delay: 400, fadeOutSpeed: 200, position: 'top center', relative: true, offset: [-7, 0], });<\/script>.<\/li><li> <strong>Violation des droits humains<\/strong><br>\nComposant essentiel des batteries de nos smartphones, tablettes, trottinettes et v\u00e9los \u00e9lectriques  et voitures \u00e9lectriques, le cobalt provient en grande partie des mines situ\u00e9es au sud de la R\u00e9publique d\u00e9mocratique du Congo (RDC), o\u00f9 le quart du cobalt export\u00e9 provient de mines artisanales, dans lesquelles les mineurs &#8211; parmi lesquels des enfants &#8211; utilisent des outils tr\u00e8s rudimentaires pour creuser et extraire le pr\u00e9cieux m\u00e9tal<span class=\"footnote_referrer\"><a role=\"button\" tabindex=\"0\" onclick=\"footnote_moveToReference_17097_1('footnote_plugin_reference_17097_1_10');\" onkeypress=\"footnote_moveToReference_17097_1('footnote_plugin_reference_17097_1_10');\" ><sup id=\"footnote_plugin_tooltip_17097_1_10\" class=\"footnote_plugin_tooltip_text\">[10]<\/sup><\/a><span id=\"footnote_plugin_tooltip_text_17097_1_10\" class=\"footnote_tooltip\">Rapport Amnesty international \u00ab RDC : des enfants dans l\u2019enfer des mines artisanales de cobalt, destin\u00e9 aux smartphones et voitures \u00e9lectriques \u00bb, African Resources Watch (Afrewatch) \u201cHuman&nbsp;&#x2026; <span class=\"footnote_tooltip_continue\"  onclick=\"footnote_moveToReference_17097_1('footnote_plugin_reference_17097_1_10');\">Continuer la lecture<\/span><\/span><\/span><script type=\"text\/javascript\"> jQuery('#footnote_plugin_tooltip_17097_1_10').tooltip({ tip: '#footnote_plugin_tooltip_text_17097_1_10', tipClass: 'footnote_tooltip', effect: 'fade', predelay: 0, fadeInSpeed: 200, delay: 400, fadeOutSpeed: 200, position: 'top center', relative: true, offset: [-7, 0], });<\/script>. Ces mineurs artisanaux travaillent sans aucune protection, exposant leur peau et leurs poumons aux poussi\u00e8res tr\u00e8s irritantes du cobalt. Creus\u00e9s \u00e0 mains nues, sans mat\u00e9riel ad\u00e9quat et sans pr\u00e9cautions, les puits et galeries s\u2019\u00e9croulent r\u00e9guli\u00e8rement, ensevelissant les travailleurs, pour seulement 1 ou 2 dollars par jour. Figures embl\u00e9matiques et probl\u00e9matiques de la RDC (travail des enfants, \u00e9boulements meurtriers, pillages&#8230;), les \u00ab\u00a0creuseurs\u00a0\u00bb sont minoritaires mais pas marginaux dans la production congolaise de la mati\u00e8re premi\u00e8re cobalt (14 \u00e0 16% des 80.800 tonnes produites en 2017 d&rsquo;apr\u00e8s le courtier londonien Darton Commodities) <span class=\"footnote_referrer\"><a role=\"button\" tabindex=\"0\" onclick=\"footnote_moveToReference_17097_1('footnote_plugin_reference_17097_1_11');\" onkeypress=\"footnote_moveToReference_17097_1('footnote_plugin_reference_17097_1_11');\" ><sup id=\"footnote_plugin_tooltip_17097_1_11\" class=\"footnote_plugin_tooltip_text\">[11]<\/sup><\/a><span id=\"footnote_plugin_tooltip_text_17097_1_11\" class=\"footnote_tooltip\"><em>Ru\u00e9e mondiale vers le cobalt congolais : la Chine, m\u00e9daille d\u2019or<\/em>, L\u2019Obs., 21 f\u00e9vrier 2018.<\/span><\/span><script type=\"text\/javascript\"> jQuery('#footnote_plugin_tooltip_17097_1_11').tooltip({ tip: '#footnote_plugin_tooltip_text_17097_1_11', tipClass: 'footnote_tooltip', effect: 'fade', predelay: 0, fadeInSpeed: 200, delay: 400, fadeOutSpeed: 200, position: 'top center', relative: true, offset: [-7, 0], });<\/script>. Plus de 40 000 enfants \u00e2g\u00e9s de 3 \u00e0 17 ans travailleraient dans les mines au sud du pays d\u2019apr\u00e8s l\u2019Unicef et les conditions de travail ne sont pas forc\u00e9ment meilleures dans les mines industrielles g\u00e9r\u00e9es par des <a href=\"https:\/\/www.cadtm.org\/Ruee-sur-le-cobalt-le-sous-sol-congolais-continue-a-aiguiser\">multinationales<\/a>. <\/li><li> <strong>Risque d\u2019apparition et de perp\u00e9tuation des conflits<\/strong><br>\nLes \u00e9tudes men\u00e9es par l\u2019ONU montrent que <em>plus de 40% des conflits arm\u00e9s internes de ces 60 derni\u00e8res ann\u00e9es ont \u00e9t\u00e9 li\u00e9s aux ressources naturelles<\/em>   <span class=\"footnote_referrer\"><a role=\"button\" tabindex=\"0\" onclick=\"footnote_moveToReference_17097_1('footnote_plugin_reference_17097_1_12');\" onkeypress=\"footnote_moveToReference_17097_1('footnote_plugin_reference_17097_1_12');\" ><sup id=\"footnote_plugin_tooltip_17097_1_12\" class=\"footnote_plugin_tooltip_text\">[12]<\/sup><\/a><span id=\"footnote_plugin_tooltip_text_17097_1_12\" class=\"footnote_tooltip\">ONU, d\u00e9clarations de M. Antonio Guterres, secr\u00e9taire g\u00e9n\u00e9ral de l\u2019ONU, \u00ab causes profondes des conflits-le r\u00f4le des ressources naturelles \u00bb (S\/2018\/901).<\/span><\/span><script type=\"text\/javascript\"> jQuery('#footnote_plugin_tooltip_17097_1_12').tooltip({ tip: '#footnote_plugin_tooltip_text_17097_1_12', tipClass: 'footnote_tooltip', effect: 'fade', predelay: 0, fadeInSpeed: 200, delay: 400, fadeOutSpeed: 200, position: 'top center', relative: true, offset: [-7, 0], });<\/script>. Beaucoup d\u2019\u00e9tudes et analyses qui ont fait l\u2019objet de recherches de la Commission Justice et Paix, ont montr\u00e9 qu\u2019en RD Congo, les conflits arm\u00e9s ne sont pas \u00e9trangers aux richesses min\u00e9rales du pays. La situation d\u2019ins\u00e9curit\u00e9 et de violence qui persiste dans l\u2019Est de la RDC, principalement du fait de la pr\u00e9sence d\u2019une centaine de groupes arm\u00e9s diff\u00e9rents dans la r\u00e9gion, est directement li\u00e9e au commerce des ressources naturelles. De plus, ces mines \u00ab artisanales \u00bb sont situ\u00e9es dans des zones contr\u00f4l\u00e9es par des groupes rebelles et non pas par les Etats. Ces minerais sont donc extraits dans des zones de conflit ou \u00e0 haut risque, principalement en R\u00e9publique D\u00e9mocratique du Congo (RDC), ce qui contribue \u00e0 l\u2019instabilit\u00e9 du pays. Il faudrait ajouter le cobalt, non officiellement class\u00e9 comme minerai du conflit mais qui est \u00e9galement extrait dans des conditions sociales et environnementales catastrophiques.<br>\n<\/li><\/ul>\n\n\n\n<p><bloc> Une probl\u00e9matique de la Belgique et du monde<\/bloc><\/p>\n\n\n\n<p>Une technologie d\u00e9terminante pour l\u2019\u00e9conomie du futur et pour laquelle la propagande bat son plein, les enjeux autour de la 5G, personnalis\u00e9s par le <a href=\"https:\/\/gresea.be\/La-5G-au-coeur-d-une-guerre-froide-Chine-Etats-Unis-1993\">conflit autour de Huawei <\/a>sont pr\u00e9sent\u00e9s comme cruciaux, car il en va de la premi\u00e8re place dans l\u2019\u00e9conomie du futur, avec son lot de marchandises \u00e0 produire et \u00e0 consommer.<\/p>\n\n\n\n<p>L\u2019importance de la 5G pour la Commission europ\u00e9enne ne date pas d\u2019hier : elle en a fait un rappel en 2014 concernant l\u2019importance pour l\u2019UE de d\u00e9velopper les infrastructures pour d\u00e9ployer la 5G en 2020. L\u2019objectif  de la Commission europ\u00e9enne est d\u2019avoir dans chaque pays europ\u00e9en une <a href=\"https:\/\/www.rtbf.be\/info\/medias\/detail_la-belgique-sera-t-elle-prete-pourla-5g?id=9990997\">ville connect\u00e9e \u00e0 la 5G<\/a>. Le gouvernement bruxellois a donn\u00e9 son accord pour le d\u00e9ploiement de cette technologie de haut d\u00e9bit dans la capitale belge. De leur c\u00f4t\u00e9, les gouvernements wallon et f\u00e9d\u00e9ral mettent en place leur plan num\u00e9rique : \u00ab Digital Wallonia \u00bb et \u00ab Digital \u00ab Belgium \u00bb, lequel constitue un plan d\u2019action qui \u00e9bauche la <a href=\"https:\/\/www.justicepaix.be\/La-5G-ou-le-climat-La-Belgique-a-l-heure-des-choix\">vision num\u00e9rique<\/a> \u00e0 long terme de la Belgique. Les  perspectives politiques et m\u00e9diatiques face \u00e0 la 5G vont rarement dans un sens de refus d\u2019une technologie pr\u00e9sent\u00e9e comme une solution pour des probl\u00e9matiques \u00e9cologiques. L\u2019internet des objets, les  \u00ab <a href=\"https:\/\/gresea.be\/La-5G-au-coeur-d-une-guerre-froide-Chine-Etats-Unis-1993\">smart-cities<\/a> \u00bb et les \u00ab voitures autonomes \u00bb sont pr\u00e9sent\u00e9s g\u00e9n\u00e9ralement comme des outils pour r\u00e9pondre \u00e0 \u00ab l\u2019urgence climatique \u00bb, alors qu\u2019en r\u00e9alit\u00e9 ces technologies engendrent extractivisme et pollutions d\u00e9mesur\u00e9es, ainsi que de nombreuses autres nuisances. L\u2019omnipr\u00e9sence du num\u00e9rique nous pousse \u00e0  questionner la soci\u00e9t\u00e9 dans laquelle nous \u00e9voluons et les mod\u00e8les que nous voulons construire pour un monde r\u00e9ellement plus juste et durable pour nos g\u00e9n\u00e9rations futures. Aujourd\u2019hui, il semble difficile de se passer du num\u00e9rique, d\u00e8s lors, il est important de nous interroger \u00ab est-ce que nous en avons vraiment besoin \u00bb. Face \u00e0 cette situation qui laisse pr\u00e9sager parfois une impuissance, il existe plusieurs niveaux d\u2019action pour agir sur la question du d\u00e9ploiement de la 5G. En tant que citoyen.nes, il est possible de proc\u00e9der \u00e0 la signature des p\u00e9titions qui vont \u00e0 l\u2019encontre du d\u00e9ploiement de la 5G, de faire un plaidoyer citoyen aupr\u00e8s des d\u00e9cideurs publics afin d\u2019influencer les jugements et faire de la d\u00e9sob\u00e9issance civile et des manifestations pacifiques.  Il faudrait se mobiliser si nous voulons vivre dans un environnement sain et durable.<br>\n<\/p>\n\n\n\n<p><strong>Christine NOUGLI.<\/strong><\/p>\n\n\n\n<figure class=\"wp-block-gallery columns-3 is-cropped wp-block-gallery-1 is-layout-flex wp-block-gallery-is-layout-flex\"><ul class=\"blocks-gallery-grid\"><li class=\"blocks-gallery-item\"><figure><a href=\"https:\/\/www.justicepaix.be\/wp-content\/uploads\/2020\/12\/jpg_5g_technology-5348131_960_720.jpg\"><img decoding=\"async\" width=\"960\" height=\"640\" src=\"https:\/\/www.justicepaix.be\/wp-content\/uploads\/2020\/12\/jpg_5g_technology-5348131_960_720.jpg\" alt=\"5g_technology-5348131_960_720.jpg\" data-id=\"17096\" class=\"wp-image-17096\" srcset=\"https:\/\/www.justicepaix.be\/wp-content\/uploads\/2020\/12\/jpg_5g_technology-5348131_960_720.jpg 960w, https:\/\/www.justicepaix.be\/wp-content\/uploads\/2020\/12\/jpg_5g_technology-5348131_960_720-300x200.jpg 300w, https:\/\/www.justicepaix.be\/wp-content\/uploads\/2020\/12\/jpg_5g_technology-5348131_960_720-768x512.jpg 768w\" sizes=\"(max-width: 960px) 100vw, 960px\" \/><\/a><\/figure><\/li><li class=\"blocks-gallery-item\"><figure><a href=\"https:\/\/www.justicepaix.be\/wp-content\/uploads\/2020\/12\/jpg_5g_technology-5348131_960_720.jpg\"><img decoding=\"async\" width=\"960\" height=\"640\" src=\"https:\/\/www.justicepaix.be\/wp-content\/uploads\/2020\/12\/jpg_5g_technology-5348131_960_720.jpg\" alt=\"5g_technology-5348131_960_720.jpg\" data-id=\"17096\" class=\"wp-image-17096\" srcset=\"https:\/\/www.justicepaix.be\/wp-content\/uploads\/2020\/12\/jpg_5g_technology-5348131_960_720.jpg 960w, https:\/\/www.justicepaix.be\/wp-content\/uploads\/2020\/12\/jpg_5g_technology-5348131_960_720-300x200.jpg 300w, https:\/\/www.justicepaix.be\/wp-content\/uploads\/2020\/12\/jpg_5g_technology-5348131_960_720-768x512.jpg 768w\" sizes=\"(max-width: 960px) 100vw, 960px\" \/><\/a><\/figure><\/li><\/ul><\/figure>\n\n\n\n<h2 class=\"wp-block-heading\">Documents joints<\/h2>\n\n\n\n<div class=\"wp-block-file\"><a href=\"http:\/\/demop.netbaz.be\/2021\/jp\/wp-content\/uploads\/2020\/12\/pdf_2020_analyse_le_deploiement_de_la__5g_quelle__realite_cachee.pdf\">Le d\u00e9ploiement de la 5G quelle r\u00e9alit\u00e9 cach\u00e9e<\/a><\/div>\n<div class=\"speaker-mute footnotes_reference_container\"> <div class=\"footnote_container_prepare\"><p><span role=\"button\" tabindex=\"0\" class=\"footnote_reference_container_label pointer\" onclick=\"footnote_expand_collapse_reference_container_17097_1();\">Notes<\/span><span role=\"button\" tabindex=\"0\" class=\"footnote_reference_container_collapse_button\" style=\"display: none;\" onclick=\"footnote_expand_collapse_reference_container_17097_1();\">[<a id=\"footnote_reference_container_collapse_button_17097_1\">+<\/a>]<\/span><\/p><\/div> <div id=\"footnote_references_container_17097_1\" style=\"\"><table class=\"footnotes_table footnote-reference-container\"><caption class=\"accessibility\">Notes<\/caption> <tbody> \r\n\r\n<tr class=\"footnotes_plugin_reference_row\"> <th scope=\"row\" id=\"footnote_plugin_reference_17097_1_1\" class=\"footnote_plugin_index pointer\" onclick=\"footnote_moveToAnchor_17097_1('footnote_plugin_tooltip_17097_1_1');\"><a role=\"button\" tabindex=\"0\" class=\"footnote_plugin_link\" ><span class=\"footnote_index_arrow\">&#8593;<\/span>1<\/a><\/th> <td class=\"footnote_plugin_text\">Commission Justice et Paix, \u00ab Derri\u00e8re nos \u00e9crans : les enjeux de l\u2019exploitation mini\u00e8re \u00bb, Outil p\u00e9dagogique 2019.<\/td><\/tr>\r\n\r\n<tr class=\"footnotes_plugin_reference_row\"> <th scope=\"row\" id=\"footnote_plugin_reference_17097_1_2\" class=\"footnote_plugin_index pointer\" onclick=\"footnote_moveToAnchor_17097_1('footnote_plugin_tooltip_17097_1_2');\"><a role=\"button\" tabindex=\"0\" class=\"footnote_plugin_link\" ><span class=\"footnote_index_arrow\">&#8593;<\/span>2<\/a><\/th> <td class=\"footnote_plugin_text\">Derri\u00e8re nos \u00e9crans : op.cit.<\/td><\/tr>\r\n\r\n<tr class=\"footnotes_plugin_reference_row\"> <th scope=\"row\" id=\"footnote_plugin_reference_17097_1_3\" class=\"footnote_plugin_index pointer\" onclick=\"footnote_moveToAnchor_17097_1('footnote_plugin_tooltip_17097_1_3');\"><a role=\"button\" tabindex=\"0\" class=\"footnote_plugin_link\" ><span class=\"footnote_index_arrow\">&#8593;<\/span>3<\/a><\/th> <td class=\"footnote_plugin_text\">Commission  Justice et Paix, \u00ab ressources limit\u00e9es, conflits interminables \u00bb, Etude 2020.<\/td><\/tr>\r\n\r\n<tr class=\"footnotes_plugin_reference_row\"> <th scope=\"row\" id=\"footnote_plugin_reference_17097_1_4\" class=\"footnote_plugin_index pointer\" onclick=\"footnote_moveToAnchor_17097_1('footnote_plugin_tooltip_17097_1_4');\"><a role=\"button\" tabindex=\"0\" class=\"footnote_plugin_link\" ><span class=\"footnote_index_arrow\">&#8593;<\/span>4<\/a><\/th> <td class=\"footnote_plugin_text\">Avis du comit\u00e9 \u00e9conomique et social europ\u00e9en, pour une consommation plus durable : la dur\u00e9e de vie des produits de l\u2019industrie et l\u2019information du consommateur au service d\u2019une confiance retrouv\u00e9e, octobre 2013.<\/td><\/tr>\r\n\r\n<tr class=\"footnotes_plugin_reference_row\"> <th scope=\"row\" id=\"footnote_plugin_reference_17097_1_5\" class=\"footnote_plugin_index pointer\" onclick=\"footnote_moveToAnchor_17097_1('footnote_plugin_tooltip_17097_1_5');\"><a role=\"button\" tabindex=\"0\" class=\"footnote_plugin_link\" ><span class=\"footnote_index_arrow\">&#8593;<\/span>5<\/a><\/th> <td class=\"footnote_plugin_text\">La commission Justice et Paix, derri\u00e8res nos \u00e9crans : les enjeux de l\u2019exploitation mini\u00e8re, outil p\u00e9dagogique.<\/td><\/tr>\r\n\r\n<tr class=\"footnotes_plugin_reference_row\"> <th scope=\"row\" id=\"footnote_plugin_reference_17097_1_6\" class=\"footnote_plugin_index pointer\" onclick=\"footnote_moveToAnchor_17097_1('footnote_plugin_tooltip_17097_1_6');\"><a role=\"button\" tabindex=\"0\" class=\"footnote_plugin_link\" ><span class=\"footnote_index_arrow\">&#8593;<\/span>6<\/a><\/th> <td class=\"footnote_plugin_text\">ADEME, minist\u00e8re de la transition \u00e9cologique et solidaire de France.<\/td><\/tr>\r\n\r\n<tr class=\"footnotes_plugin_reference_row\"> <th scope=\"row\" id=\"footnote_plugin_reference_17097_1_7\" class=\"footnote_plugin_index pointer\" onclick=\"footnote_moveToAnchor_17097_1('footnote_plugin_tooltip_17097_1_7');\"><a role=\"button\" tabindex=\"0\" class=\"footnote_plugin_link\" ><span class=\"footnote_index_arrow\">&#8593;<\/span>7<\/a><\/th> <td class=\"footnote_plugin_text\">F. Borgade, op.cit., p.10.<\/td><\/tr>\r\n\r\n<tr class=\"footnotes_plugin_reference_row\"> <th scope=\"row\" id=\"footnote_plugin_reference_17097_1_8\" class=\"footnote_plugin_index pointer\" onclick=\"footnote_moveToAnchor_17097_1('footnote_plugin_tooltip_17097_1_8');\"><a role=\"button\" tabindex=\"0\" class=\"footnote_plugin_link\" ><span class=\"footnote_index_arrow\">&#8593;<\/span>8<\/a><\/th> <td class=\"footnote_plugin_text\">Etude 2017, Une plan\u00e8te \u00e0 bout de souffle,  Commission Justice et Paix, P 16.<\/td><\/tr>\r\n\r\n<tr class=\"footnotes_plugin_reference_row\"> <th scope=\"row\" id=\"footnote_plugin_reference_17097_1_9\" class=\"footnote_plugin_index pointer\" onclick=\"footnote_moveToAnchor_17097_1('footnote_plugin_tooltip_17097_1_9');\"><a role=\"button\" tabindex=\"0\" class=\"footnote_plugin_link\" ><span class=\"footnote_index_arrow\">&#8593;<\/span>9<\/a><\/th> <td class=\"footnote_plugin_text\">Geological Survey, Mineral Commodity Summaries, janvier 2018.<\/td><\/tr>\r\n\r\n<tr class=\"footnotes_plugin_reference_row\"> <th scope=\"row\" id=\"footnote_plugin_reference_17097_1_10\" class=\"footnote_plugin_index pointer\" onclick=\"footnote_moveToAnchor_17097_1('footnote_plugin_tooltip_17097_1_10');\"><a role=\"button\" tabindex=\"0\" class=\"footnote_plugin_link\" ><span class=\"footnote_index_arrow\">&#8593;<\/span>10<\/a><\/th> <td class=\"footnote_plugin_text\"> Rapport Amnesty international \u00ab <em>RDC : des enfants dans l\u2019enfer des mines artisanales de cobalt, destin\u00e9 aux smartphones et voitures \u00e9lectriques<\/em> \u00bb, African Resources Watch (Afrewatch) \u201cHuman rights abuses in the Democratic Republic of the Congo power the global trade in cobalt\u201d, 2016.<\/td><\/tr>\r\n\r\n<tr class=\"footnotes_plugin_reference_row\"> <th scope=\"row\" id=\"footnote_plugin_reference_17097_1_11\" class=\"footnote_plugin_index pointer\" onclick=\"footnote_moveToAnchor_17097_1('footnote_plugin_tooltip_17097_1_11');\"><a role=\"button\" tabindex=\"0\" class=\"footnote_plugin_link\" ><span class=\"footnote_index_arrow\">&#8593;<\/span>11<\/a><\/th> <td class=\"footnote_plugin_text\"><em>Ru\u00e9e mondiale vers le cobalt congolais : la Chine, m\u00e9daille d\u2019or<\/em>, L\u2019Obs., 21 f\u00e9vrier 2018.<\/td><\/tr>\r\n\r\n<tr class=\"footnotes_plugin_reference_row\"> <th scope=\"row\" id=\"footnote_plugin_reference_17097_1_12\" class=\"footnote_plugin_index pointer\" onclick=\"footnote_moveToAnchor_17097_1('footnote_plugin_tooltip_17097_1_12');\"><a role=\"button\" tabindex=\"0\" class=\"footnote_plugin_link\" ><span class=\"footnote_index_arrow\">&#8593;<\/span>12<\/a><\/th> <td class=\"footnote_plugin_text\">ONU, d\u00e9clarations de M. Antonio Guterres, secr\u00e9taire g\u00e9n\u00e9ral de l\u2019ONU, \u00ab causes profondes des conflits-le r\u00f4le des ressources naturelles \u00bb (S\/2018\/901).<\/td><\/tr>\r\n\r\n <\/tbody> <\/table> <\/div><\/div><script type=\"text\/javascript\"> function footnote_expand_reference_container_17097_1() { jQuery('#footnote_references_container_17097_1').show(); jQuery('#footnote_reference_container_collapse_button_17097_1').text('\u2212'); } function footnote_collapse_reference_container_17097_1() { jQuery('#footnote_references_container_17097_1').hide(); jQuery('#footnote_reference_container_collapse_button_17097_1').text('+'); } function footnote_expand_collapse_reference_container_17097_1() { if (jQuery('#footnote_references_container_17097_1').is(':hidden')) { footnote_expand_reference_container_17097_1(); } else { footnote_collapse_reference_container_17097_1(); } } function footnote_moveToReference_17097_1(p_str_TargetID) { footnote_expand_reference_container_17097_1(); var l_obj_Target = jQuery('#' + p_str_TargetID); if (l_obj_Target.length) { jQuery( 'html, body' ).delay( 0 ); jQuery('html, body').animate({ scrollTop: l_obj_Target.offset().top - window.innerHeight * 0.2 }, 380); } } function footnote_moveToAnchor_17097_1(p_str_TargetID) { footnote_expand_reference_container_17097_1(); var l_obj_Target = jQuery('#' + p_str_TargetID); if (l_obj_Target.length) { jQuery( 'html, body' ).delay( 0 ); jQuery('html, body').animate({ scrollTop: l_obj_Target.offset().top - window.innerHeight * 0.2 }, 380); } }<\/script>","protected":false},"excerpt":{"rendered":"<p>La 5G se d\u00e9crit comme la plus rapide de tous les syst\u00e8mes de communication. Mais son d\u00e9ploiement, d\u00e9licat, couteux et \u00e9nergivores requiert l\u2019utilisation de plus de ressources naturelles non renouvelables et en \u00e9puisement. Le num\u00e9rique a incarn\u00e9 l\u2019id\u00e9e de progr\u00e8s technologique \u00e0 notre \u00e9poque et a promis une croissance exponentielle du \u00ab tout au num\u00e9rique [&hellip;]<\/p>\n","protected":false},"author":57,"featured_media":17096,"comment_status":"closed","ping_status":"open","sticky":false,"template":"","format":"standard","meta":{"_acf_changed":false,"_seopress_robots_primary_cat":"","_seopress_titles_title":"","_seopress_titles_desc":"","_seopress_robots_index":"","footnotes":""},"categories":[2722],"tags":[2831,2795,2814,2824,2821,2811,2793,3057],"class_list":["post-17097","post","type-post","status-publish","format-standard","has-post-thumbnail","hentry","category-articles-nos-publications","tag-acteurs-economiques","tag-article","tag-developpement-durable","tag-droits-humains","tag-economie","tag-ressources-naturelles","tag-societe-civile","tag-transition-ecologique"],"acf":[],"_links":{"self":[{"href":"http:\/\/www.justicepaix.be\/en\/wp-json\/wp\/v2\/posts\/17097","targetHints":{"allow":["GET"]}}],"collection":[{"href":"http:\/\/www.justicepaix.be\/en\/wp-json\/wp\/v2\/posts"}],"about":[{"href":"http:\/\/www.justicepaix.be\/en\/wp-json\/wp\/v2\/types\/post"}],"author":[{"embeddable":true,"href":"http:\/\/www.justicepaix.be\/en\/wp-json\/wp\/v2\/users\/57"}],"replies":[{"embeddable":true,"href":"http:\/\/www.justicepaix.be\/en\/wp-json\/wp\/v2\/comments?post=17097"}],"version-history":[{"count":0,"href":"http:\/\/www.justicepaix.be\/en\/wp-json\/wp\/v2\/posts\/17097\/revisions"}],"wp:featuredmedia":[{"embeddable":true,"href":"http:\/\/www.justicepaix.be\/en\/wp-json\/wp\/v2\/media\/17096"}],"wp:attachment":[{"href":"http:\/\/www.justicepaix.be\/en\/wp-json\/wp\/v2\/media?parent=17097"}],"wp:term":[{"taxonomy":"category","embeddable":true,"href":"http:\/\/www.justicepaix.be\/en\/wp-json\/wp\/v2\/categories?post=17097"},{"taxonomy":"post_tag","embeddable":true,"href":"http:\/\/www.justicepaix.be\/en\/wp-json\/wp\/v2\/tags?post=17097"}],"curies":[{"name":"wp","href":"https:\/\/api.w.org\/{rel}","templated":true}]}}