{"id":15446,"date":"2018-05-28T17:56:26","date_gmt":"2018-05-28T17:56:26","guid":{"rendered":"https:\/\/demop.netbaz.be\/2021\/jp\/2018\/05\/28\/declassement-de-parcs-en-rd-congo-la-societe-civile-belge-rejoint-ses\/"},"modified":"2021-07-06T14:40:40","modified_gmt":"2021-07-06T12:40:40","slug":"declassement-de-parcs-en-rd-congo-la-societe-civile-belge-rejoint-ses","status":"publish","type":"post","link":"http:\/\/www.justicepaix.be\/en\/declassement-de-parcs-en-rd-congo-la-societe-civile-belge-rejoint-ses\/","title":{"rendered":"Decommissioning of Parks in DR Congo: Belgian civil society joins its Congolese counterparts and calls for a strong diplomatic position"},"content":{"rendered":"<p class=\"post_excerpt\">Le 3 mai dernier, une lettre pr\u00e9conisant le d\u00e9classement de plusieurs zones prot\u00e9g\u00e9es des Parcs de la Salonga et des Virunga sign\u00e9e par le Ministre des hydrocarbures de la R\u00e9publique D\u00e9mocratique du Congo (RD Congo) est r\u00e9v\u00e9l\u00e9e au grand public. La Commission Justice et Paix s\u2019inqui\u00e8te de cette d\u00e9cision et des r\u00e9percutions que pourrait avoir cette intention d\u2019exploitation d\u00e9raisonn\u00e9e des ressources naturelles du pays. <\/p>\n\n\n\n<div class=\"wp-block-image\"><figure class=\"aligncenter\"><img fetchpriority=\"high\" decoding=\"async\" width=\"2560\" height=\"1920\" src=\"http:\/\/demop.netbaz.be\/2021\/jp\/wp-content\/uploads\/2018\/05\/jpg_img_5019-2-scaled.jpg\" alt=\"img_5019-2.jpg\" class=\"wp-image-15445\" srcset=\"https:\/\/www.justicepaix.be\/wp-content\/uploads\/2018\/05\/jpg_img_5019-2-scaled.jpg 2560w, https:\/\/www.justicepaix.be\/wp-content\/uploads\/2018\/05\/jpg_img_5019-2-300x225.jpg 300w, https:\/\/www.justicepaix.be\/wp-content\/uploads\/2018\/05\/jpg_img_5019-2-1024x768.jpg 1024w, https:\/\/www.justicepaix.be\/wp-content\/uploads\/2018\/05\/jpg_img_5019-2-768x576.jpg 768w, https:\/\/www.justicepaix.be\/wp-content\/uploads\/2018\/05\/jpg_img_5019-2-1536x1152.jpg 1536w, https:\/\/www.justicepaix.be\/wp-content\/uploads\/2018\/05\/jpg_img_5019-2-2048x1536.jpg 2048w\" sizes=\"(max-width: 2560px) 100vw, 2560px\" \/><\/figure><\/div>\n\n\n\n<!--more-->\n\n\n\n<p>Les autorit\u00e9s congolaises ont propos\u00e9 de d\u00e9classer une zone de 1.720,75 km2 du Parc des Virunga (repr\u00e9sentant 21,5% de sa surface totale) et une zone de 2.767,5 km2 du parc de la Salonga. Ce red\u00e9coupage, qui conduirait \u00e0 la radiation de ces parcs du patrimoine mondial de l\u2019UNESCO, permettrait de vendre des permis d\u2019exploration et d\u2019exploitation des r\u00e9serves souterraines de p\u00e9troles et de gaz \u00e0 des entreprises priv\u00e9es. Ceci aurait comme lourde cons\u00e9quence de faire sauter l\u2019un des derniers verrous qui les prot\u00e8ge encore des int\u00e9r\u00eats \u00e9conomiques internationaux. <\/p>\n\n\n\n<p>Pour ce faire, le gouvernement invoque la l\u00e9gislation congolaise qui autorise la r\u00e9vision unilat\u00e9rale des accords instituants les aires nationales prot\u00e9g\u00e9es si l\u2019int\u00e9r\u00eat national l\u2019exige. Or, on peut se demander dans quelle mesure ces nouvelles explorations permettent d\u2019invoquer \u00ab l\u2019int\u00e9r\u00eat public \u00bb ? L\u2019exploitation des ressources souterraines au sein de ces zones prot\u00e9g\u00e9es n\u2019est pas une solution durable. Elle refl\u00e8te une vision utilitariste de la part des autorit\u00e9s nationales. Cette exploitation se fait  g\u00e9n\u00e9ralement au d\u00e9triment du bien-\u00eatre des populations et de la protection de l\u2019environnement (danger de pollution des sols, des eaux; disparition de la faune, flore, biodiversit\u00e9; cons\u00e9quences sur des activit\u00e9s r\u00e9mun\u00e9ratrices pour les populations &#8211; notamment le tourisme; effets sur le climat ; etc.).  <\/p>\n\n\n\n<p>Le 24 mai, une centaine d\u2019ONG \u00e0 Kinshasa ont sign\u00e9 une d\u00e9claration commune pour d\u00e9noncer le caract\u00e8re ill\u00e9gal et dangereux de cette d\u00e9marche. Justice et Paix soutient pleinement cette initiative. L\u2019exploitation des ressources, le d\u00e9veloppement \u00e9conomique et la pr\u00e9servation de l\u2019environnement ne sont pas des r\u00e9alit\u00e9s contradictoires mais peuvent converger pour b\u00e9n\u00e9ficier au plus grand nombre. <\/p>\n\n\n\n<p>Ainsi, la Commission Justice et Paix demande aux responsables politiques belges de soutenir les initiatives de la soci\u00e9t\u00e9 civile congolaise. Elle leur demande \u00e9galement de d\u00e9noncer publiquement cette d\u00e9cision et d\u2019interpeler leurs homologues congolais pour qu\u2019ils \u0153uvrent, par le biais de politiques actives, en faveur de la pr\u00e9servation de ce patrimoine mondial unique et du bien-\u00eatre des populations. <\/p>\n\n\n\n<p>Depuis respectivement 1979 et 1984, les Parc des Virunga et de la Salonga sont class\u00e9s \u00ab patrimoine mondial \u00bb par l\u2019UNESCO. En vertu de ce statut, des normes de l\u2019OCDE et de la Convention du patrimoine mondial de l\u2019UNESCO &#8211; dont la RD Congo est signataire &#8211; l\u2019exploration des r\u00e9serves p\u00e9troli\u00e8res pr\u00e9sentes dans les sous-sols des sites prot\u00e9g\u00e9s est prohib\u00e9e<\/p>\n\n\n\n<p><strong>Contact :<br>\nClara Debeve<\/strong><br>\nClara.debeve@justicepaix.be<br>\n<\/p>\n\n\n\n<figure class=\"wp-block-gallery columns-3 is-cropped wp-block-gallery-1 is-layout-flex wp-block-gallery-is-layout-flex\"><ul class=\"blocks-gallery-grid\"><li class=\"blocks-gallery-item\"><figure><a href=\"https:\/\/www.justicepaix.be\/wp-content\/uploads\/2018\/05\/jpg_img_5019-scaled.jpg\"><img decoding=\"async\" width=\"2560\" height=\"1920\" src=\"https:\/\/www.justicepaix.be\/wp-content\/uploads\/2018\/05\/jpg_img_5019-scaled.jpg\" alt=\"img_5019.jpg\" data-id=\"15447\" class=\"wp-image-15447\" srcset=\"https:\/\/www.justicepaix.be\/wp-content\/uploads\/2018\/05\/jpg_img_5019-scaled.jpg 2560w, https:\/\/www.justicepaix.be\/wp-content\/uploads\/2018\/05\/jpg_img_5019-300x225.jpg 300w, https:\/\/www.justicepaix.be\/wp-content\/uploads\/2018\/05\/jpg_img_5019-1024x768.jpg 1024w, https:\/\/www.justicepaix.be\/wp-content\/uploads\/2018\/05\/jpg_img_5019-768x576.jpg 768w, https:\/\/www.justicepaix.be\/wp-content\/uploads\/2018\/05\/jpg_img_5019-1536x1152.jpg 1536w, https:\/\/www.justicepaix.be\/wp-content\/uploads\/2018\/05\/jpg_img_5019-2048x1536.jpg 2048w\" sizes=\"(max-width: 2560px) 100vw, 2560px\" \/><\/a><\/figure><\/li><li class=\"blocks-gallery-item\"><figure><a href=\"https:\/\/www.justicepaix.be\/wp-content\/uploads\/2018\/05\/jpg_img_5019-2-scaled.jpg\"><img decoding=\"async\" width=\"2560\" height=\"1920\" src=\"https:\/\/www.justicepaix.be\/wp-content\/uploads\/2018\/05\/jpg_img_5019-2-scaled.jpg\" alt=\"img_5019-2.jpg\" data-id=\"15449\" class=\"wp-image-15449\" srcset=\"https:\/\/www.justicepaix.be\/wp-content\/uploads\/2018\/05\/jpg_img_5019-2-scaled.jpg 2560w, https:\/\/www.justicepaix.be\/wp-content\/uploads\/2018\/05\/jpg_img_5019-2-300x225.jpg 300w, https:\/\/www.justicepaix.be\/wp-content\/uploads\/2018\/05\/jpg_img_5019-2-1024x768.jpg 1024w, https:\/\/www.justicepaix.be\/wp-content\/uploads\/2018\/05\/jpg_img_5019-2-768x576.jpg 768w, https:\/\/www.justicepaix.be\/wp-content\/uploads\/2018\/05\/jpg_img_5019-2-1536x1152.jpg 1536w, https:\/\/www.justicepaix.be\/wp-content\/uploads\/2018\/05\/jpg_img_5019-2-2048x1536.jpg 2048w\" sizes=\"(max-width: 2560px) 100vw, 2560px\" \/><\/a><\/figure><\/li><\/ul><\/figure>\n\n\n\n<h2 class=\"wp-block-heading\">Attachments<\/h2>\n\n\n\n<div class=\"wp-block-file\"><a href=\"http:\/\/demop.netbaz.be\/2021\/jp\/wp-content\/uploads\/2018\/05\/pdf_communique_de_presse_cjp_-_rdc_virunga_salonga_-_mai_2018-2.pdf\">communique_de_presse_cjp_-_rdc_virunga_salonga_-_mai_2018-2.pdf<\/a><\/div>","protected":false},"excerpt":{"rendered":"<p>Le 3 mai dernier, une lettre pr\u00e9conisant le d\u00e9classement de plusieurs zones prot\u00e9g\u00e9es des Parcs de la Salonga et des Virunga sign\u00e9e par le Ministre des hydrocarbures de la R\u00e9publique D\u00e9mocratique du Congo (RD Congo) est r\u00e9v\u00e9l\u00e9e au grand public. La Commission Justice et Paix s\u2019inqui\u00e8te de cette d\u00e9cision et des r\u00e9percutions que pourrait avoir [&hellip;]<\/p>\n","protected":false},"author":1,"featured_media":15445,"comment_status":"closed","ping_status":"open","sticky":false,"template":"","format":"standard","meta":{"_acf_changed":false,"_seopress_robots_primary_cat":"2720","_seopress_titles_title":"","_seopress_titles_desc":"","_seopress_robots_index":"","footnotes":""},"categories":[2720],"tags":[2857,2792,2811],"class_list":["post-15446","post","type-post","status-publish","format-standard","has-post-thumbnail","hentry","category-communiques-de-presse","tag-communique-de-presse","tag-rd-congo","tag-ressources-naturelles"],"acf":[],"_links":{"self":[{"href":"http:\/\/www.justicepaix.be\/en\/wp-json\/wp\/v2\/posts\/15446","targetHints":{"allow":["GET"]}}],"collection":[{"href":"http:\/\/www.justicepaix.be\/en\/wp-json\/wp\/v2\/posts"}],"about":[{"href":"http:\/\/www.justicepaix.be\/en\/wp-json\/wp\/v2\/types\/post"}],"author":[{"embeddable":true,"href":"http:\/\/www.justicepaix.be\/en\/wp-json\/wp\/v2\/users\/1"}],"replies":[{"embeddable":true,"href":"http:\/\/www.justicepaix.be\/en\/wp-json\/wp\/v2\/comments?post=15446"}],"version-history":[{"count":0,"href":"http:\/\/www.justicepaix.be\/en\/wp-json\/wp\/v2\/posts\/15446\/revisions"}],"wp:featuredmedia":[{"embeddable":true,"href":"http:\/\/www.justicepaix.be\/en\/wp-json\/wp\/v2\/media\/15445"}],"wp:attachment":[{"href":"http:\/\/www.justicepaix.be\/en\/wp-json\/wp\/v2\/media?parent=15446"}],"wp:term":[{"taxonomy":"category","embeddable":true,"href":"http:\/\/www.justicepaix.be\/en\/wp-json\/wp\/v2\/categories?post=15446"},{"taxonomy":"post_tag","embeddable":true,"href":"http:\/\/www.justicepaix.be\/en\/wp-json\/wp\/v2\/tags?post=15446"}],"curies":[{"name":"wp","href":"https:\/\/api.w.org\/{rel}","templated":true}]}}