{"id":15369,"date":"2018-02-15T14:21:34","date_gmt":"2018-02-15T14:21:34","guid":{"rendered":"https:\/\/demop.netbaz.be\/2021\/jp\/2018\/02\/15\/mgr-joachim-ntahondereye-aux-cotes-des-paysannes-du-burundi\/"},"modified":"2021-04-14T11:52:12","modified_gmt":"2021-04-14T11:52:12","slug":"mgr-joachim-ntahondereye-aux-cotes-des-paysannes-du-burundi","status":"publish","type":"post","link":"http:\/\/www.justicepaix.be\/en\/mgr-joachim-ntahondereye-aux-cotes-des-paysannes-du-burundi\/","title":{"rendered":"Mgr Joachim Ntahondereye: Alongside the peasant women of Burundi"},"content":{"rendered":"<p>Mgr Joachim Ntahondereye est tr\u00e8s sensible aux droits de tout \u00eatre humain et au respect de sa dignit\u00e9. Il est pr\u00e9sident de la Conf\u00e9rence des \u00e9v\u00eaques catholiques du Burundi depuis 2016. C\u2019est par fid\u00e9lit\u00e9 \u00e0 la mission de d\u00e9fense de plus pauvres, mais aussi par souci de promotion d\u2019une agriculture paysanne qu\u2019il s\u2019est sp\u00e9cialement engag\u00e9 dans le d\u00e9veloppement du Centre agropas-toral de Mutwenzi, soutenu par Entraide et Fraternit\u00e9.<\/p>\n<p>Practical information :<\/p>\n<p>&#8211; <strong>Date<\/strong> : Mardi 20 f\u00e9vrier 2018, de 20h00 \u00e0 22h00<br \/>\n&#8211; <strong>Price <\/strong> : Gratuit<br \/>\n&#8211; <strong>Place <\/strong> : Auditoire BN0l &#8211; Rempart de la Vierge, 85<br \/>\nau rez-de-chauss\u00e9e (entr\u00e9e au coin de la rue de Bruxelles \u2013 5000 Namur)<\/p>\n<p>Cette soir\u00e9e est organis\u00e9e en partenariat entre Entraide et Fraternit\u00e9, Lumen Vitae et Justice et Paix.<\/p>\n<p><img fetchpriority=\"high\" decoding=\"async\" class=\"aligncenter size-full wp-image-15368\" src=\"http:\/\/demop.netbaz.be\/2021\/jp\/wp-content\/uploads\/2018\/02\/jpg_affichemgrntahondereye20-2-18.jpg\" alt=\"affichemgrntahondereye20-2-18.jpg\" align=\"center\" width=\"794\" height=\"1123\" srcset=\"https:\/\/www.justicepaix.be\/wp-content\/uploads\/2018\/02\/jpg_affichemgrntahondereye20-2-18.jpg 794w, https:\/\/www.justicepaix.be\/wp-content\/uploads\/2018\/02\/jpg_affichemgrntahondereye20-2-18-212x300.jpg 212w, https:\/\/www.justicepaix.be\/wp-content\/uploads\/2018\/02\/jpg_affichemgrntahondereye20-2-18-724x1024.jpg 724w, https:\/\/www.justicepaix.be\/wp-content\/uploads\/2018\/02\/jpg_affichemgrntahondereye20-2-18-768x1086.jpg 768w\" sizes=\"(max-width: 794px) 100vw, 794px\" \/><br \/>\n<div id='gallery-1' class='gallery galleryid-15369 gallery-columns-3 gallery-size-thumbnail'><figure class='gallery-item'>\n\t\t\t<div class='gallery-icon portrait'>\n\t\t\t\t<a href='https:\/\/www.justicepaix.be\/wp-content\/uploads\/2018\/02\/jpg_affichemgrntahondereye20-2-18.jpg'><img decoding=\"async\" width=\"150\" height=\"150\" src=\"https:\/\/www.justicepaix.be\/wp-content\/uploads\/2018\/02\/jpg_affichemgrntahondereye20-2-18-150x150.jpg\" class=\"attachment-thumbnail size-thumbnail\" alt=\"affichemgrntahondereye20-2-18.jpg\" \/><\/a>\n\t\t\t<\/div><\/figure><figure class='gallery-item'>\n\t\t\t<div class='gallery-icon portrait'>\n\t\t\t\t<a href='https:\/\/www.justicepaix.be\/wp-content\/uploads\/2018\/02\/jpg_affichemgrntahondereye20-2-18-2.jpg'><img decoding=\"async\" width=\"150\" height=\"150\" src=\"https:\/\/www.justicepaix.be\/wp-content\/uploads\/2018\/02\/jpg_affichemgrntahondereye20-2-18-2-150x150.jpg\" class=\"attachment-thumbnail size-thumbnail\" alt=\"affichemgrntahondereye20-2-18-2.jpg\" \/><\/a>\n\t\t\t<\/div><\/figure><figure class='gallery-item'>\n\t\t\t<div class='gallery-icon portrait'>\n\t\t\t\t<a href='https:\/\/www.justicepaix.be\/wp-content\/uploads\/2018\/02\/jpg_affichemgrntahondereye20-2-18-3.jpg'><img loading=\"lazy\" decoding=\"async\" width=\"150\" height=\"150\" src=\"https:\/\/www.justicepaix.be\/wp-content\/uploads\/2018\/02\/jpg_affichemgrntahondereye20-2-18-3-150x150.jpg\" class=\"attachment-thumbnail size-thumbnail\" alt=\"affichemgrntahondereye20-2-18-3.jpg\" \/><\/a>\n\t\t\t<\/div><\/figure><figure class='gallery-item'>\n\t\t\t<div class='gallery-icon portrait'>\n\t\t\t\t<a href='https:\/\/www.justicepaix.be\/wp-content\/uploads\/2018\/02\/jpg_affichemgrntahondereye20-2-18-4.jpg'><img loading=\"lazy\" decoding=\"async\" width=\"150\" height=\"150\" src=\"https:\/\/www.justicepaix.be\/wp-content\/uploads\/2018\/02\/jpg_affichemgrntahondereye20-2-18-4-150x150.jpg\" class=\"attachment-thumbnail size-thumbnail\" alt=\"affichemgrntahondereye20-2-18-4.jpg\" \/><\/a>\n\t\t\t<\/div><\/figure>\n\t\t<\/div>\n<\/p>","protected":false},"excerpt":{"rendered":"<p>Mgr Joachim Ntahondereye est tr\u00e8s sensible aux droits de tout \u00eatre humain et au respect de sa dignit\u00e9. Il est pr\u00e9sident de la Conf\u00e9rence des \u00e9v\u00eaques catholiques du Burundi depuis 2016. C\u2019est par fid\u00e9lit\u00e9 \u00e0 la mission de d\u00e9fense de plus pauvres, mais aussi par souci de promotion d\u2019une agriculture paysanne qu\u2019il s\u2019est sp\u00e9cialement engag\u00e9 [&hellip;]<\/p>\n","protected":false},"author":62,"featured_media":15368,"comment_status":"closed","ping_status":"open","sticky":false,"template":"","format":"standard","meta":{"_acf_changed":false,"_seopress_robots_primary_cat":"","_seopress_titles_title":"","_seopress_titles_desc":"","_seopress_robots_index":"","footnotes":""},"categories":[2689],"tags":[],"class_list":["post-15369","post","type-post","status-publish","format-standard","has-post-thumbnail","hentry","category-activites"],"acf":[],"_links":{"self":[{"href":"http:\/\/www.justicepaix.be\/en\/wp-json\/wp\/v2\/posts\/15369","targetHints":{"allow":["GET"]}}],"collection":[{"href":"http:\/\/www.justicepaix.be\/en\/wp-json\/wp\/v2\/posts"}],"about":[{"href":"http:\/\/www.justicepaix.be\/en\/wp-json\/wp\/v2\/types\/post"}],"author":[{"embeddable":true,"href":"http:\/\/www.justicepaix.be\/en\/wp-json\/wp\/v2\/users\/62"}],"replies":[{"embeddable":true,"href":"http:\/\/www.justicepaix.be\/en\/wp-json\/wp\/v2\/comments?post=15369"}],"version-history":[{"count":0,"href":"http:\/\/www.justicepaix.be\/en\/wp-json\/wp\/v2\/posts\/15369\/revisions"}],"wp:featuredmedia":[{"embeddable":true,"href":"http:\/\/www.justicepaix.be\/en\/wp-json\/wp\/v2\/media\/15368"}],"wp:attachment":[{"href":"http:\/\/www.justicepaix.be\/en\/wp-json\/wp\/v2\/media?parent=15369"}],"wp:term":[{"taxonomy":"category","embeddable":true,"href":"http:\/\/www.justicepaix.be\/en\/wp-json\/wp\/v2\/categories?post=15369"},{"taxonomy":"post_tag","embeddable":true,"href":"http:\/\/www.justicepaix.be\/en\/wp-json\/wp\/v2\/tags?post=15369"}],"curies":[{"name":"wp","href":"https:\/\/api.w.org\/{rel}","templated":true}]}}