{"id":15002,"date":"2017-10-06T12:20:37","date_gmt":"2017-10-06T12:20:37","guid":{"rendered":"https:\/\/demop.netbaz.be\/2021\/jp\/2017\/10\/06\/les-jeunes-congolais-et-la-democratie\/"},"modified":"2021-04-14T11:50:32","modified_gmt":"2021-04-14T11:50:32","slug":"les-jeunes-congolais-et-la-democratie","status":"publish","type":"post","link":"http:\/\/www.justicepaix.be\/en\/les-jeunes-congolais-et-la-democratie\/","title":{"rendered":"Young Congolese and democracy"},"content":{"rendered":"\n\n<p class=\"post_excerpt\">Face \u00e0 la situation politique actuelle de la RD Congo, la soci\u00e9t\u00e9 civile et la jeunesse s\u2019organisent et font  entendre leur voix. Plusieurs mouvements citoyens ont vu le jour ces derni\u00e8res ann\u00e9es \u00e0 l\u2019instar de la LUCHA. Justice et Paix a souhait\u00e9 aller \u00e0 la rencontre de ces jeunes et \u00e9couter leur message. \n<img fetchpriority=\"high\" decoding=\"async\" class=\" alignleft size-full wp-image-15001\" src=\"http:\/\/demop.netbaz.be\/2021\/jp\/wp-content\/uploads\/2017\/10\/jpg_2017_analyse_2017_les_jeunes_congolais_cd-scaled.jpg\" alt=\"2017_analyse_2017_les_jeunes_congolais_cd.jpg\" align=\"left\" width=\"1440\" height=\"2560\" srcset=\"https:\/\/www.justicepaix.be\/wp-content\/uploads\/2017\/10\/jpg_2017_analyse_2017_les_jeunes_congolais_cd-scaled.jpg 1440w, https:\/\/www.justicepaix.be\/wp-content\/uploads\/2017\/10\/jpg_2017_analyse_2017_les_jeunes_congolais_cd-scaled-169x300.jpg 169w, https:\/\/www.justicepaix.be\/wp-content\/uploads\/2017\/10\/jpg_2017_analyse_2017_les_jeunes_congolais_cd-scaled-576x1024.jpg 576w, https:\/\/www.justicepaix.be\/wp-content\/uploads\/2017\/10\/jpg_2017_analyse_2017_les_jeunes_congolais_cd-scaled-768x1365.jpg 768w, https:\/\/www.justicepaix.be\/wp-content\/uploads\/2017\/10\/jpg_2017_analyse_2017_les_jeunes_congolais_cd-scaled-864x1536.jpg 864w, https:\/\/www.justicepaix.be\/wp-content\/uploads\/2017\/10\/jpg_2017_analyse_2017_les_jeunes_congolais_cd-scaled-1152x2048.jpg 1152w\" sizes=\"(max-width: 1440px) 100vw, 1440px\" \/><\/p>\n\n\n<!--more-->\nLe 15 juin 2017, Kofi Annan et 9 anciens chefs d\u2019Etats Africains lan\u00e7aient <a href=\"http:\/\/www.jeuneafrique.com\/448300\/politique\/rdc-kofi-annan-neuf-anciens-presidents-africains-lancent-appel-tenue-delections-2017\/\">un appel <\/a> urgent en faveur d\u2019une transition pacifique et d\u00e9mocratique en R\u00e9publique D\u00e9mocratique du Congo. Ils s\u2019inqui\u00e8tent notamment du non-respect de l\u2019Accord de la Saint Sylvestre. Dans un contexte de blocage politique, ce dernier a \u00e9t\u00e9 conclu entre la majorit\u00e9 et l\u2019opposition en vue d\u2019organiser la p\u00e9riode de transition ainsi que les prochaines \u00e9lections. Jugeant cette situation de \u00ab <em>menace \u00e0 la stabilit\u00e9, la prosp\u00e9rit\u00e9 et la paix de toute la r\u00e9gion des Grands Lacs, voire de l&rsquo;Afrique tout enti\u00e8re<\/em> \u00bb, cet appel interpelle la communaut\u00e9 internationale afin qu\u2019elle fournisse les ressources pour l\u2019organisation des \u00e9lections pr\u00e9sidentielles. Il est \u00e9galement un marqueur de la violence d\u2019une crise pr\u00e9\u00e9lectorale qui dure depuis deux ans et dont les perspectives sont alarmantes. En effet, et ce d\u00e8s la fin de l\u2019ann\u00e9e 2014, les tensions ont commenc\u00e9 suite \u00e0 l\u2019annonce d\u2019un projet de loi \u00e9lectorale qui permettait au Chef de l\u2019Etat Joseph Kabila, de rester au pouvoir au-del\u00e0 de son mandat. Ce projet a suscit\u00e9 l\u2019ire de l\u2019opposition et de la soci\u00e9t\u00e9 civile dans son ensemble regroup\u00e9es au sein d\u2019un \u00ab front citoyen \u00bb et dont l\u2019objectif \u00e9tait d\u2019emp\u00eacher toute modification l\u00e9gislative permettant un 3\u00e8me mandat du Pr\u00e9sident Kabila. Au-del\u00e0 des vives r\u00e9ticences suscit\u00e9es par l\u2019annonce du glissement du calendrier \u00e9lectoral et de modifications de la Constitution congolaise, ces \u00e9v\u00e8nements interviennent dans un contexte de profonde crise \u00e9conomique et s\u00e9curitaire dans l\u2019ensemble du pays. \n\nFace \u00e0 cette situation, de plus en plus de jeunes congolais s\u2019impliquent dans la vie politique de leur pays \u00e0 travers des mouvements citoyens qui d\u00e9noncent un syst\u00e8me <a href=\"http:\/\/www.rfi.fr\/afrique\/20170720-rdc-revelations-fortune-clan-kabila\">client\u00e9liste<\/a> <span class=\"footnote_referrer\"><a role=\"button\" tabindex=\"0\" onclick=\"footnote_moveToReference_15002_1('footnote_plugin_reference_15002_1_1');\" onkeypress=\"footnote_moveToReference_15002_1('footnote_plugin_reference_15002_1_1');\" ><sup id=\"footnote_plugin_tooltip_15002_1_1\" class=\"footnote_plugin_tooltip_text\">[1]<\/sup><\/a><span id=\"footnote_plugin_tooltip_text_15002_1_1\" class=\"footnote_tooltip\">Les proches du Pr\u00e9sident de la R\u00e9publique notamment sa s\u0153ur jumelle Jaynet et son fr\u00e8re Zo\u00e9 ont \u00e9t\u00e9 cit\u00e9s dans les \u00ab Panama Papers \u00bb pour des activit\u00e9s d\u2019\u00e9vasion fiscale ainsi qu\u2019une&nbsp;&#x2026; <span class=\"footnote_tooltip_continue\"  onclick=\"footnote_moveToReference_15002_1('footnote_plugin_reference_15002_1_1');\">Continuer la lecture<\/span><\/span><\/span><script type=\"text\/javascript\"> jQuery('#footnote_plugin_tooltip_15002_1_1').tooltip({ tip: '#footnote_plugin_tooltip_text_15002_1_1', tipClass: 'footnote_tooltip', effect: 'fade', predelay: 0, fadeInSpeed: 200, delay: 400, fadeOutSpeed: 200, position: 'top center', relative: true, offset: [-7, 0], });<\/script> et la <a href=\"http:\/\/www.rfi.fr\/afrique\/20160214-rdc-nouvelles-revelations-detournements-paie-fonctionnaires-scandale\">gabegie<\/a> <span class=\"footnote_referrer\"><a role=\"button\" tabindex=\"0\" onclick=\"footnote_moveToReference_15002_1('footnote_plugin_reference_15002_1_2');\" onkeypress=\"footnote_moveToReference_15002_1('footnote_plugin_reference_15002_1_2');\" ><sup id=\"footnote_plugin_tooltip_15002_1_2\" class=\"footnote_plugin_tooltip_text\">[2]<\/sup><\/a><span id=\"footnote_plugin_tooltip_text_15002_1_2\" class=\"footnote_tooltip\">Des enqu\u00eates des syndicats de fonctionnaires ont mis \u00e0 jour des d\u00e9tournements de sommes astronomiques dans la paie des fonctionnaires des minist\u00e8res de la sant\u00e9, de l\u2019\u00e9ducation ou de la&nbsp;&#x2026; <span class=\"footnote_tooltip_continue\"  onclick=\"footnote_moveToReference_15002_1('footnote_plugin_reference_15002_1_2');\">Continuer la lecture<\/span><\/span><\/span><script type=\"text\/javascript\"> jQuery('#footnote_plugin_tooltip_15002_1_2').tooltip({ tip: '#footnote_plugin_tooltip_text_15002_1_2', tipClass: 'footnote_tooltip', effect: 'fade', predelay: 0, fadeInSpeed: 200, delay: 400, fadeOutSpeed: 200, position: 'top center', relative: true, offset: [-7, 0], });<\/script> des autorit\u00e9s \u00e9tatiques. Gr\u00e2ce \u00e0 leur dynamisme, des mouvements tels que \u00ab Filimbi \u00bb ou la \u00ab Lutte pour le changement-Lucha \u00bb, jouissent d\u2019une capacit\u00e9 de mobilisation importante tant au niveau interne qu\u2019\u00e0 l\u2019\u00e9tranger. Cela s\u2019est notamment illustr\u00e9 lors de l\u2019organisation de la conf\u00e9rence de \u00ab Gor\u00e9e \u00bb au S\u00e9n\u00e9gal avec la participation d&rsquo;autres mouvements africains analogues comme \u00ab Y\u2019en a marre \u00bb du S\u00e9n\u00e9gal ou le \u00ab Balai citoyen \u00bb du Burkina Faso. Cette conf\u00e9rence a encourag\u00e9 l\u2019opposition et la soci\u00e9t\u00e9 civile \u00e0 unir leurs forces pour l\u2019organisation d\u2019\u00e9lections pacifiques, libres et cr\u00e9dibles.  A Paris le 18 ao\u00fbt 2017, une dizaine d\u2019autres associations de la soci\u00e9t\u00e9 civile congolaise pr\u00e9sentaient un \u00ab <a href=\"http:\/\/www.manifesterdc.com\/manifeste\/\">Manifeste du citoyen congolais <\/a>\u00bb qui r\u00e9clame le d\u00e9part du Pr\u00e9sident Joseph Kabila, la tenue d\u2019\u00e9lections ainsi que la mise en place d\u2019une p\u00e9riode de \u00ab transition citoyenne \u00bb.  Sur le plan interne, cette mobilisation se mat\u00e9rialise par l\u2019organisation des marches et des journ\u00e9es \u00ab villes mortes \u00bb. Ces manifestations sont souvent r\u00e9prim\u00e9es dans le sang <span class=\"footnote_referrer\"><a role=\"button\" tabindex=\"0\" onclick=\"footnote_moveToReference_15002_1('footnote_plugin_reference_15002_1_3');\" onkeypress=\"footnote_moveToReference_15002_1('footnote_plugin_reference_15002_1_3');\" ><sup id=\"footnote_plugin_tooltip_15002_1_3\" class=\"footnote_plugin_tooltip_text\">[3]<\/sup><\/a><span id=\"footnote_plugin_tooltip_text_15002_1_3\" class=\"footnote_tooltip\">Notamment les manifestations du 19 au 22 janvier 2015 et celle du 31 juillet 2017.<\/span><\/span><script type=\"text\/javascript\"> jQuery('#footnote_plugin_tooltip_15002_1_3').tooltip({ tip: '#footnote_plugin_tooltip_text_15002_1_3', tipClass: 'footnote_tooltip', effect: 'fade', predelay: 0, fadeInSpeed: 200, delay: 400, fadeOutSpeed: 200, position: 'top center', relative: true, offset: [-7, 0], });<\/script>. Les membres de la soci\u00e9t\u00e9 civile subissent d\u2019importantes pressions et violations de leur droits fondamentaux <span class=\"footnote_referrer\"><a role=\"button\" tabindex=\"0\" onclick=\"footnote_moveToReference_15002_1('footnote_plugin_reference_15002_1_4');\" onkeypress=\"footnote_moveToReference_15002_1('footnote_plugin_reference_15002_1_4');\" ><sup id=\"footnote_plugin_tooltip_15002_1_4\" class=\"footnote_plugin_tooltip_text\">[4]<\/sup><\/a><span id=\"footnote_plugin_tooltip_text_15002_1_4\" class=\"footnote_tooltip\">Le 17 mars, le militant Evariste Kasali, qui d\u00e9non\u00e7ait l\u2019inaction des autorit\u00e9s dans des cas d\u2019enl\u00e8vements et de viols d\u2019enfants, est tu\u00e9 chez lui par des hommes en uniforme d\u2019apr\u00e8s des&nbsp;&#x2026; <span class=\"footnote_tooltip_continue\"  onclick=\"footnote_moveToReference_15002_1('footnote_plugin_reference_15002_1_4');\">Continuer la lecture<\/span><\/span><\/span><script type=\"text\/javascript\"> jQuery('#footnote_plugin_tooltip_15002_1_4').tooltip({ tip: '#footnote_plugin_tooltip_text_15002_1_4', tipClass: 'footnote_tooltip', effect: 'fade', predelay: 0, fadeInSpeed: 200, delay: 400, fadeOutSpeed: 200, position: 'top center', relative: true, offset: [-7, 0], });<\/script> (assassinats cibl\u00e9s, arrestations arbitraires, torture\u2026). \n\nNous avons pu \u00e9changer sur la situation avec Victor Tesongo, jeune congolais de 27 ans et membre du mouvement de la Lucha au travers d\u2019une interview.\n\n\n\n\n\n<em>Entretien avec Victor du mouvement la Lucha\n<\/em>\n\n\n<strong>Justice et Paix :  D\u2019o\u00f9 vient votre engagement citoyen ?<\/strong>\nVictor : J\u2019ai grandi \u00e0 Kisangani <span class=\"footnote_referrer\"><a role=\"button\" tabindex=\"0\" onclick=\"footnote_moveToReference_15002_1('footnote_plugin_reference_15002_1_5');\" onkeypress=\"footnote_moveToReference_15002_1('footnote_plugin_reference_15002_1_5');\" ><sup id=\"footnote_plugin_tooltip_15002_1_5\" class=\"footnote_plugin_tooltip_text\">[5]<\/sup><\/a><span id=\"footnote_plugin_tooltip_text_15002_1_5\" class=\"footnote_tooltip\">Kisangani est le chef-lieu de la province de Tshopo.<\/span><\/span><script type=\"text\/javascript\"> jQuery('#footnote_plugin_tooltip_15002_1_5').tooltip({ tip: '#footnote_plugin_tooltip_text_15002_1_5', tipClass: 'footnote_tooltip', effect: 'fade', predelay: 0, fadeInSpeed: 200, delay: 400, fadeOutSpeed: 200, position: 'top center', relative: true, offset: [-7, 0], });<\/script>, un coin tr\u00e8s recul\u00e9, o\u00f9 la jeunesse est d\u00e9laiss\u00e9e. Je me suis dit que je pouvais faire avancer les choses \u00e0 mon niveau. J\u2019ai d\u00e9but\u00e9 par des associations de quartier, puis au lyc\u00e9e et surtout \u00e0 l\u2019Universit\u00e9 de Kinshasa. J\u2019y ai constat\u00e9 un v\u00e9ritable syst\u00e8me de corruption dans l\u2019attribution des distinctions par certains professeurs et administrateurs. Il faut savoir qu\u2019ici en RDC, il y a un syst\u00e8me de \u00ab fils de \u00bb. Si ton p\u00e8re est professeur, directeur, ministre\u2026tu avances facilement.  Moi, il n\u2019y avait personne pour me parrainer et de toute fa\u00e7on, je refusais de participer \u00e0 cette corruption. Avec un groupe d\u2019\u00e9tudiants, on a pu faire partir certains professeurs, et m\u00eame des doyens, pour leurs mauvaises pratiques. C\u2019est \u00e0 partir de ce moment que j\u2019ai \u00e9t\u00e9 fich\u00e9 par les services de renseignements de l\u2019universit\u00e9.\n\n<strong>Quel lien existe-t-il entre l\u2019universit\u00e9 et les services de renseignements et comment y avez-vous \u00e9t\u00e9 confront\u00e9?<\/strong>\nLa nomination du recteur est politique. On choisit un cadre du parti au pouvoir qui est professeur \u00e0 l\u2019universit\u00e9 pour encadrer les \u00e9tudiants. Le gouvernement sait que si \u00e7a \u00ab barde \u00bb \u00e0 l\u2019universit\u00e9 c\u2019est tout qui \u00ab barde \u00bb. Le recteur sait que s\u2019il y a des tensions \u00e0 l\u2019universit\u00e9 c\u2019est lui le premier \u00e0 sauter. Il est l\u00e0 d\u2019abord pour se maintenir le plus longtemps possible et non pour fa\u00e7onner l\u2019avenir d\u2019une g\u00e9n\u00e9ration. Ainsi, le recteur de l\u2019\u00e9poque voulait m\u2019\u00e9carter pour que je ne sois pas une source de probl\u00e8mes, que je n\u2019\u00e9veille pas la conscience des \u00e9tudiants \u00e0 une plus grande \u00e9chelle.\n\n<strong>Pourquoi avez-vous rejoint la \u00ab Lucha \u00bb ?<\/strong>\nJ\u2019ai entendu parler de la Lucha gr\u00e2ce \u00e0 la campagne de 2013 \u00ab Goma veut de l\u2019eau \u00bb. L\u2019Etat est incapable de fournir de l\u2019eau dans l\u2019est du pays alors que le lac Kivu est juste \u00e0 c\u00f4t\u00e9. La population \u00e9tait oblig\u00e9e d\u2019utiliser l\u2019eau du lac non trait\u00e9e avec le lot de maladies que cela entra\u00eene. Cette campagne des jeunes de Goma a pu faire \u00e9voluer les choses. Je me suis dit que les jeunes organis\u00e9s pouvaient avoir un impact sur l\u2019espace public. En mars 2015, l\u2019arrestation de Fred Bauma et Yves Makwambala qui avaient initi\u00e9 le collectif \u00ab Filimbi \u00bb, a fini de me convaincre. Ils souhaitaient rassembler tous les mouvements citoyens afin de sensibiliser la population sur la bonne gouvernance et le respect de la Constitution. Les mouvements \u00ab Y\u2019en a marre \u00bb (S\u00e9n\u00e9gal) et de \u00ab Balai citoyen \u00bb (Burkina Faso) qui avaient soutenu et souhait\u00e9 partager leur exp\u00e9rience avec Filimbi, ont suscit\u00e9 la crainte des services de renseignements. Ils ont pass\u00e9 un an en prison pour atteinte \u00e0 la s\u00fbret\u00e9 int\u00e9rieure de l\u2019Etat. Je me suis dit qu\u2019ils avaient le m\u00eame \u00e2ge que moi et qu\u2019ils n\u2019\u00e9taient partis de rien pour inspirer toute la jeunesse congolaise. Alors je pouvais faire de m\u00eame. En fin 2015, j\u2019ai adh\u00e9r\u00e9 \u00e0 la Lucha.\n\n<strong>Et puis vous avez \u00e9t\u00e9 arr\u00eat\u00e9\u2026<\/strong>\nJe n\u2019ai pas \u00e9t\u00e9 arr\u00eat\u00e9\u2026 mais plut\u00f4t enlev\u00e9 (rires) le 15 f\u00e9vrier 2016. La Lucha organisait une journ\u00e9e \u00ab ville morte \u00bb pour comm\u00e9morer le \u00ab massacre de chr\u00e9tiens \u00bb de 1992 <span class=\"footnote_referrer\"><a role=\"button\" tabindex=\"0\" onclick=\"footnote_moveToReference_15002_1('footnote_plugin_reference_15002_1_6');\" onkeypress=\"footnote_moveToReference_15002_1('footnote_plugin_reference_15002_1_6');\" ><sup id=\"footnote_plugin_tooltip_15002_1_6\" class=\"footnote_plugin_tooltip_text\">[6]<\/sup><\/a><span id=\"footnote_plugin_tooltip_text_15002_1_6\" class=\"footnote_tooltip\">Le16 f\u00e9vrier 1992 la marche de l\u2019espoir \u00e9tait r\u00e9prim\u00e9e dans le sang par le r\u00e9gime de Mobutu. Les manifestants pacifiques revendiquaient la bonne gouvernance et le d\u00e9part de Mobutu.<\/span><\/span><script type=\"text\/javascript\"> jQuery('#footnote_plugin_tooltip_15002_1_6').tooltip({ tip: '#footnote_plugin_tooltip_text_15002_1_6', tipClass: 'footnote_tooltip', effect: 'fade', predelay: 0, fadeInSpeed: 200, delay: 400, fadeOutSpeed: 200, position: 'top center', relative: true, offset: [-7, 0], });<\/script>. On souhaitait comm\u00e9morer ces morts et revendiquer la tenue des \u00e9lections pr\u00e9sidentielles. J\u2019ai \u00e9t\u00e9 enlev\u00e9 la veille de la manifestation sur le boulevard du 30 juin de Kinshasa, par 12 hommes en treillis, cagoul\u00e9s et lourdement arm\u00e9s. \n\n<strong>Quelles ont \u00e9t\u00e9 les conditions de votre d\u00e9tention ?<\/strong>\nLes militaires m\u2019ont cagoul\u00e9 et jet\u00e9 dans le coffre d\u2019une jeep. J\u2019\u00e9touffais. On a roul\u00e9 pendant deux heures suivies de deux heures de marche. Je suis rest\u00e9 emprisonn\u00e9 pendant 5 jours tous comme trois de mes coll\u00e8gues. Chacun \u00e9tait isol\u00e9 dans une cellule obscure et insalubre. Au 6\u00e8me jour on nous a donn\u00e9 \u00e0 boire, de l\u2019eau non potable. Un officier de la police judiciaire s\u2019est pr\u00e9sent\u00e9 mais j\u2019ai refus\u00e9 de lui parler. Juriste de formation, je connaissais mes droits. Je lui ai dit que je refusais de parler menott\u00e9 et sans la pr\u00e9sence de mon avocat. On m\u2019a battu et menac\u00e9 avec une arme. J\u2019ai fini par signer mais en glissant la mention sous-r\u00e9serve. On a encore pass\u00e9 2 jours en cellule avec un gobelet d\u2019eau chacun. Ensuite, on nous a emmen\u00e9s aux services des renseignements. Apr\u00e8s 7 jours, nous avons enfin eu \u00e0 manger. Apr\u00e8s, chacun a subi un interrogatoire de 4h. On nous posait juste deux questions : pourquoi faites-vous \u00e7a ? Qui vous soutient ?  Moi je leur r\u00e9pondais : \u00ab Vous pensez que pour dire la v\u00e9rit\u00e9, on a besoin de l\u2019aide de quelqu\u2019un ? Monsieur j\u2019ai fait le droit, j\u2019ai appris le droit constitutionnel et je n\u2019ai besoin d\u2019aucune aide pour constater que chaque jour l\u2019on viole la constitution au Congo \u00bb. Ils n\u2019arrivaient pas \u00e0 comprendre que des jeunes puissent lancer seuls une telle initiative. On a fait pr\u00e8s de 4 mois de prison. Je me suis dit qu\u2019en m\u2019engageant dans la Lucha je connaissais les risques. Cela fait partie du parcours de militant en RDC.\n\n<strong>La Lucha est consid\u00e9r\u00e9e comme une menace par le gouvernement ?<\/strong>\nQuand il est arriv\u00e9, le pr\u00e9sident Joseph Kabila nous a fait r\u00eaver.  Il incarnait un pr\u00e9sident qui allait prendre soin de la jeunesse et insuffler une dynamique p\u00e9renne pour l\u2019avenir du pays. D\u00e8s 2011, la d\u00e9ception se fait sentir. Les 5 grands chantiers  <span class=\"footnote_referrer\"><a role=\"button\" tabindex=\"0\" onclick=\"footnote_moveToReference_15002_1('footnote_plugin_reference_15002_1_7');\" onkeypress=\"footnote_moveToReference_15002_1('footnote_plugin_reference_15002_1_7');\" ><sup id=\"footnote_plugin_tooltip_15002_1_7\" class=\"footnote_plugin_tooltip_text\">[7]<\/sup><\/a><span id=\"footnote_plugin_tooltip_text_15002_1_7\" class=\"footnote_tooltip\">Lors de son \u00e9lection \u00e0 la t\u00eate de l\u2019Etat en 2006, le Pr\u00e9sident Kabila avait ax\u00e9 son action pour le d\u00e9veloppement de la RD Congo autour de \u00ab 5 chantiers prioritaires \u00bb \u00e0 savoir les&nbsp;&#x2026; <span class=\"footnote_tooltip_continue\"  onclick=\"footnote_moveToReference_15002_1('footnote_plugin_reference_15002_1_7');\">Continuer la lecture<\/span><\/span><\/span><script type=\"text\/javascript\"> jQuery('#footnote_plugin_tooltip_15002_1_7').tooltip({ tip: '#footnote_plugin_tooltip_text_15002_1_7', tipClass: 'footnote_tooltip', effect: 'fade', predelay: 0, fadeInSpeed: 200, delay: 400, fadeOutSpeed: 200, position: 'top center', relative: true, offset: [-7, 0], });<\/script> qu\u2019il a promis ont produit peu d\u2019effets dans le quotidien des populations. L\u2019eau, l\u2019\u00e9lectricit\u00e9 \u00e9taient devenus rares. La mis\u00e8re s\u2019est install\u00e9e.  La Lucha aujourd\u2019hui se bat contre un syst\u00e8me politique d\u00e9cadent. On ne se bat pas contre la personne de Kabila. On se bat contre un syst\u00e8me de corruption, de mauvaise gouvernance, de gabegie et de client\u00e9lisme qui a commenc\u00e9 avec Mobutu. Kabila devait l\u2019\u00e9radiquer mais il l\u2019a perp\u00e9tu\u00e9 pour faire avancer ses int\u00e9r\u00eats. Si Kabila est remplac\u00e9 par une personne qui m\u00e8ne la m\u00eame politique, on se l\u00e8vera encore et encore. \n\n<strong>Pourquoi le processus d\u00e9mocratique est-il bloqu\u00e9 ?<\/strong>\nLe principal probl\u00e8me aujourd\u2019hui r\u00e9side dans le manque de volont\u00e9 politique, tous bords confondus. On est en pr\u00e9sence d\u2019irresponsables qui ne comprennent pas la souffrance du peuple. Ils ne voient que leurs int\u00e9r\u00eats : demeurer au pouvoir au d\u00e9triment de la Constitution. Il faut un retour \u00e0 l\u2019ordre constitutionnel. Mais la situation va changer. Co\u00fbte que co\u00fbte il y aura des \u00e9lections cette ann\u00e9e. Kabila est devenu ill\u00e9gitime. La pression que nous exer\u00e7ons va produire ses effets. \n\n<strong>Quelle est la place des jeunes dans ce combat ?<\/strong>\nLes jeunes ont commenc\u00e9 \u00e0 se r\u00e9volter quand ils ont compris les man\u0153uvres du pouvoir pour bloquer le calendrier \u00e9lectoral. On ne se bat pas contre la personne de Kabila mais contre un syst\u00e8me de corruption, de mauvaise gouvernance et de client\u00e9lisme qui a commenc\u00e9 avec Mobutu. Si Kabila est remplac\u00e9 par une autre personne qui refait la m\u00eame politique, on se l\u00e8vera\u2026 encore et encore. La Lucha est un mouvement non violent : les jeunes revendiquent leurs droits de mani\u00e8re pacifique. On n\u2019a pas d\u2019arme, on ne jette pas des pierres. Quand on manifeste, on respecte la loi.\n\n<strong>Que peut-on faire depuis la Belgique ?<\/strong>\nLa question des droits humains est tr\u00e8s pr\u00e9occupante dans le Kasa\u00ef, \u00e0 l\u2019Est du pays\u2026 surtout avec l\u2019ins\u00e9curit\u00e9 que le pouvoir s\u00e8me lui-m\u00eame. La Communaut\u00e9 internationale doit agir et vite. L\u2019Union Europ\u00e9enne a un r\u00f4le crucial \u00e0 jouer. Elle doit intensifier la pression, en sanctionnant les responsables mais aussi en aidant la RDC \u00e0 se d\u00e9velopper pour qu\u2019elle puisse aller de l\u2019avant.\n\n\n\nJustice et Paix a souhait\u00e9 aller \u00e0 la rencontre de ces acteurs de la soci\u00e9t\u00e9 civile qui subissent des restrictions de leurs libert\u00e9s les plus fondamentales du simple fait de leurs opinion et engagement. Il s\u2019agit d\u2019une autre  mani\u00e8re de t\u00e9moigner de la r\u00e9alit\u00e9 que vivent les citoyens congolais dans leur vie quotidienne. Jusqu\u2019ici les revendications de la soci\u00e9t\u00e9 civile, et des mouvements citoyens des jeunes, sont rest\u00e9es lettres mortes face \u00e0 un pouvoir obstin\u00e9 et v\u00e9h\u00e9ment. Qui plus est, les nombreuses victimes engendr\u00e9es par cette crise \u00e9lectorale ne suscitent pas suffisamment d\u2019\u00e9moi et retiennent peu l\u2019attention dans une actualit\u00e9 internationale charg\u00e9e de son lot de catastrophes. Le dernier rapport du Bureau conjoint des Nations unies aux droits de l&rsquo;Homme fait le bilan des violations des droits humains commises sur les 6 premiers mois de l&rsquo;ann\u00e9e 2017 en RD Congo <span class=\"footnote_referrer\"><a role=\"button\" tabindex=\"0\" onclick=\"footnote_moveToReference_15002_1('footnote_plugin_reference_15002_1_8');\" onkeypress=\"footnote_moveToReference_15002_1('footnote_plugin_reference_15002_1_8');\" ><sup id=\"footnote_plugin_tooltip_15002_1_8\" class=\"footnote_plugin_tooltip_text\">[8]<\/sup><\/a><span id=\"footnote_plugin_tooltip_text_15002_1_8\" class=\"footnote_tooltip\">Selon ce rapport, les agents de l&rsquo;Etat restent responsables de la majorit\u00e9 des violations des droits de l&rsquo;homme au Congo &#8211; avec 58 % en moyenne &#8211; au cours de ce premier&nbsp;&#x2026; <span class=\"footnote_tooltip_continue\"  onclick=\"footnote_moveToReference_15002_1('footnote_plugin_reference_15002_1_8');\">Continuer la lecture<\/span><\/span><\/span><script type=\"text\/javascript\"> jQuery('#footnote_plugin_tooltip_15002_1_8').tooltip({ tip: '#footnote_plugin_tooltip_text_15002_1_8', tipClass: 'footnote_tooltip', effect: 'fade', predelay: 0, fadeInSpeed: 200, delay: 400, fadeOutSpeed: 200, position: 'top center', relative: true, offset: [-7, 0], });<\/script>. L\u2019Etat et ses dirigeants sont aujourd\u2019hui les principaux responsables de ces violations. Le rapport confirme la tendance actuelle de durcissement du r\u00e9gime et de restrictions des libert\u00e9s fondamentales que de nombreux mouvements citoyens et ONG d\u00e9noncent. Ce climat d\u00e9l\u00e9t\u00e8re, et cette ignorance des droits humains sont un affront \u00e0 la population congolaise tout d\u2019abord, mais \u00e0 la communaut\u00e9 internationale dans son ensemble. En affichant un tel m\u00e9pris du droit international et des droits humain, l\u2019Etat congolais n\u2019assume pas sa responsabilit\u00e9 vis-\u00e0-vis de sa population. De plus, en repoussant ainsi chaque jour l\u2019\u00e9ch\u00e9ance d\u2019un scrutin pr\u00e9sidentiel juste et transparent, il amenuise \u00e9galement les chances d\u2019une paix durable et du d\u00e9veloppement du pays \u00e0 plus long terme. \n\nLa Belgique, en tant que partenaire historique et ami de la population congolaise doit continuer \u00e0 s\u2019indigner de cette situation. Il est important de maintenir l\u2019attention de nos partenaires europ\u00e9ens sur la question de la RD Congo et de r\u00e9pondre de cette situation qui pourrait d\u00e9g\u00e9n\u00e9rer plus gravement encore. Par ailleurs, le r\u00f4le des autorit\u00e9s dans la restriction de libert\u00e9s civiles et la perp\u00e9tuation de violations des droits humains les plus fondamentaux doit \u00eatre mis en lumi\u00e8re. Ces personnes devront r\u00e9pondre de leurs actes devant la population congolaise ainsi que la communaut\u00e9 internationale. A cet \u00e9gard l\u2019action des mouvements citoyens joue un r\u00f4le essentiel et doit d\u00e8s lors \u00eatre encourag\u00e9e et soutenue par ses partenaires europ\u00e9ens. L\u2019existence et la vivacit\u00e9 de la soci\u00e9t\u00e9 civile est l\u2019une des pi\u00e8ces ma\u00eetresses du puzzle de la vie d\u00e9mocratique. \n\n<strong>Achille Sommo Pende et Clara Debeve.<\/strong>\n\n\n\n\n<div id='gallery-1' class='gallery galleryid-15002 gallery-columns-3 gallery-size-thumbnail'><figure class='gallery-item'>\n\t\t\t<div class='gallery-icon portrait'>\n\t\t\t\t<a href='https:\/\/www.justicepaix.be\/wp-content\/uploads\/2017\/10\/jpg_2017_analyse_2017_les_jeunes_congolais_cd-scaled.jpg'><img decoding=\"async\" width=\"150\" height=\"150\" src=\"https:\/\/www.justicepaix.be\/wp-content\/uploads\/2017\/10\/jpg_2017_analyse_2017_les_jeunes_congolais_cd-scaled-150x150.jpg\" class=\"attachment-thumbnail size-thumbnail\" alt=\"2017_analyse_2017_les_jeunes_congolais_cd.jpg\" \/><\/a>\n\t\t\t<\/div><\/figure><figure class='gallery-item'>\n\t\t\t<div class='gallery-icon portrait'>\n\t\t\t\t<a href='https:\/\/www.justicepaix.be\/wp-content\/uploads\/2017\/10\/jpg_2017_analyse_2017_les_jeunes_congolais_cd-scaled.jpg'><img decoding=\"async\" width=\"150\" height=\"150\" src=\"https:\/\/www.justicepaix.be\/wp-content\/uploads\/2017\/10\/jpg_2017_analyse_2017_les_jeunes_congolais_cd-scaled-150x150.jpg\" class=\"attachment-thumbnail size-thumbnail\" alt=\"2017_analyse_2017_les_jeunes_congolais_cd.jpg\" \/><\/a>\n\t\t\t<\/div><\/figure>\n\t\t<\/div>\n\n<h2 class=\"wp-block-heading\">Documents joints<\/h2>\n\n\n\n<div class=\"wp-block-file\"><a href=\"http:\/\/demop.netbaz.be\/2021\/jp\/wp-content\/uploads\/2017\/10\/pdf_2017_analyse_les_jeunes_congolais_et_la_democratie.pdf\">Les jeunes congolais et la d\u00e9mocratie<\/a><\/div>\n\n\n<div class=\"speaker-mute footnotes_reference_container\"> <div class=\"footnote_container_prepare\"><p><span role=\"button\" tabindex=\"0\" class=\"footnote_reference_container_label pointer\" onclick=\"footnote_expand_collapse_reference_container_15002_1();\">Notes<\/span><span role=\"button\" tabindex=\"0\" class=\"footnote_reference_container_collapse_button\" style=\"display: none;\" onclick=\"footnote_expand_collapse_reference_container_15002_1();\">[<a id=\"footnote_reference_container_collapse_button_15002_1\">+<\/a>]<\/span><\/p><\/div> <div id=\"footnote_references_container_15002_1\" style=\"\"><table class=\"footnotes_table footnote-reference-container\"><caption class=\"accessibility\">Notes<\/caption> <tbody> \r\n\r\n<tr class=\"footnotes_plugin_reference_row\"> <th scope=\"row\" id=\"footnote_plugin_reference_15002_1_1\" class=\"footnote_plugin_index pointer\" onclick=\"footnote_moveToAnchor_15002_1('footnote_plugin_tooltip_15002_1_1');\"><a role=\"button\" tabindex=\"0\" class=\"footnote_plugin_link\" ><span class=\"footnote_index_arrow\">&#8593;<\/span>1<\/a><\/th> <td class=\"footnote_plugin_text\">Les proches du Pr\u00e9sident de la R\u00e9publique notamment sa s\u0153ur jumelle Jaynet et son fr\u00e8re Zo\u00e9 ont \u00e9t\u00e9 cit\u00e9s dans les \u00ab Panama Papers \u00bb pour des activit\u00e9s d\u2019\u00e9vasion fiscale ainsi qu\u2019une enqu\u00eate de l\u2019agence Bloomberg le 20 juillet 2017, r\u00e9v\u00e9lant que la famille dispose de plus de 80 soci\u00e9t\u00e9s dans les secteurs minier, agricole, du b\u00e2timent, de l\u2019h\u00f4tellerie et de la restauration. La famille Kabila poss\u00e8derait \u00e9galement pr\u00e8s de 73 000 hectares de terre en RDC.<\/td><\/tr>\r\n\r\n<tr class=\"footnotes_plugin_reference_row\"> <th scope=\"row\" id=\"footnote_plugin_reference_15002_1_2\" class=\"footnote_plugin_index pointer\" onclick=\"footnote_moveToAnchor_15002_1('footnote_plugin_tooltip_15002_1_2');\"><a role=\"button\" tabindex=\"0\" class=\"footnote_plugin_link\" ><span class=\"footnote_index_arrow\">&#8593;<\/span>2<\/a><\/th> <td class=\"footnote_plugin_text\">Des enqu\u00eates des syndicats de fonctionnaires ont mis \u00e0 jour des d\u00e9tournements de sommes astronomiques dans la paie des fonctionnaires des minist\u00e8res de la sant\u00e9, de l\u2019\u00e9ducation ou de la recherche \u00e0 Kinshasa et dans 4 autres provinces. Les sommes d\u00e9tourn\u00e9es vont jusqu\u2019\u00e0 12, 6 millions d\u2019euros pour un seul trimestre d\u2019enqu\u00eate en 2016.<\/td><\/tr>\r\n\r\n<tr class=\"footnotes_plugin_reference_row\"> <th scope=\"row\" id=\"footnote_plugin_reference_15002_1_3\" class=\"footnote_plugin_index pointer\" onclick=\"footnote_moveToAnchor_15002_1('footnote_plugin_tooltip_15002_1_3');\"><a role=\"button\" tabindex=\"0\" class=\"footnote_plugin_link\" ><span class=\"footnote_index_arrow\">&#8593;<\/span>3<\/a><\/th> <td class=\"footnote_plugin_text\">Notamment les manifestations du 19 au 22 janvier 2015 et celle du 31 juillet 2017.<\/td><\/tr>\r\n\r\n<tr class=\"footnotes_plugin_reference_row\"> <th scope=\"row\" id=\"footnote_plugin_reference_15002_1_4\" class=\"footnote_plugin_index pointer\" onclick=\"footnote_moveToAnchor_15002_1('footnote_plugin_tooltip_15002_1_4');\"><a role=\"button\" tabindex=\"0\" class=\"footnote_plugin_link\" ><span class=\"footnote_index_arrow\">&#8593;<\/span>4<\/a><\/th> <td class=\"footnote_plugin_text\">Le 17 mars, le militant Evariste Kasali, qui d\u00e9non\u00e7ait l\u2019inaction des autorit\u00e9s dans des cas d\u2019enl\u00e8vements et de viols d\u2019enfants, est tu\u00e9 chez lui par des hommes en uniforme d\u2019apr\u00e8s des t\u00e9moins.<\/td><\/tr>\r\n\r\n<tr class=\"footnotes_plugin_reference_row\"> <th scope=\"row\" id=\"footnote_plugin_reference_15002_1_5\" class=\"footnote_plugin_index pointer\" onclick=\"footnote_moveToAnchor_15002_1('footnote_plugin_tooltip_15002_1_5');\"><a role=\"button\" tabindex=\"0\" class=\"footnote_plugin_link\" ><span class=\"footnote_index_arrow\">&#8593;<\/span>5<\/a><\/th> <td class=\"footnote_plugin_text\">Kisangani est le chef-lieu de la province de Tshopo.<\/td><\/tr>\r\n\r\n<tr class=\"footnotes_plugin_reference_row\"> <th scope=\"row\" id=\"footnote_plugin_reference_15002_1_6\" class=\"footnote_plugin_index pointer\" onclick=\"footnote_moveToAnchor_15002_1('footnote_plugin_tooltip_15002_1_6');\"><a role=\"button\" tabindex=\"0\" class=\"footnote_plugin_link\" ><span class=\"footnote_index_arrow\">&#8593;<\/span>6<\/a><\/th> <td class=\"footnote_plugin_text\">Le16 f\u00e9vrier 1992 la marche de l\u2019espoir \u00e9tait r\u00e9prim\u00e9e dans le sang par le r\u00e9gime de Mobutu. Les manifestants pacifiques revendiquaient la bonne gouvernance et le d\u00e9part de Mobutu.<\/td><\/tr>\r\n\r\n<tr class=\"footnotes_plugin_reference_row\"> <th scope=\"row\" id=\"footnote_plugin_reference_15002_1_7\" class=\"footnote_plugin_index pointer\" onclick=\"footnote_moveToAnchor_15002_1('footnote_plugin_tooltip_15002_1_7');\"><a role=\"button\" tabindex=\"0\" class=\"footnote_plugin_link\" ><span class=\"footnote_index_arrow\">&#8593;<\/span>7<\/a><\/th> <td class=\"footnote_plugin_text\">Lors de son \u00e9lection \u00e0 la t\u00eate de l\u2019Etat en 2006, le Pr\u00e9sident Kabila avait ax\u00e9 son action pour le d\u00e9veloppement de la RD Congo autour de \u00ab 5 chantiers prioritaires \u00bb \u00e0 savoir les infrastructures, l\u2019\u00e9ducation, l\u2019emploi, la sant\u00e9 et l\u2019acc\u00e8s \u00e0 l\u2019eau et l\u2019\u00e9lectricit\u00e9.<\/td><\/tr>\r\n\r\n<tr class=\"footnotes_plugin_reference_row\"> <th scope=\"row\" id=\"footnote_plugin_reference_15002_1_8\" class=\"footnote_plugin_index pointer\" onclick=\"footnote_moveToAnchor_15002_1('footnote_plugin_tooltip_15002_1_8');\"><a role=\"button\" tabindex=\"0\" class=\"footnote_plugin_link\" ><span class=\"footnote_index_arrow\">&#8593;<\/span>8<\/a><\/th> <td class=\"footnote_plugin_text\">Selon ce rapport, les agents de l&rsquo;Etat restent responsables de la majorit\u00e9 des violations des droits de l&rsquo;homme au Congo &#8211; avec 58 % en moyenne &#8211; au cours de ce premier semestre. Au moins 591 ex\u00e9cutions sommaires ont \u00e9t\u00e9 commises par des agents de l&rsquo;Etat, dont 35 femmes et 170 enfants. A titre de comparaison, les groupes arm\u00e9s &#8211; toutes affiliations confondues &#8211; sont responsables d&rsquo;au moins 345 meurtres.<\/td><\/tr>\r\n\r\n <\/tbody> <\/table> <\/div><\/div><script type=\"text\/javascript\"> function footnote_expand_reference_container_15002_1() { jQuery('#footnote_references_container_15002_1').show(); jQuery('#footnote_reference_container_collapse_button_15002_1').text('\u2212'); } function footnote_collapse_reference_container_15002_1() { jQuery('#footnote_references_container_15002_1').hide(); jQuery('#footnote_reference_container_collapse_button_15002_1').text('+'); } function footnote_expand_collapse_reference_container_15002_1() { if (jQuery('#footnote_references_container_15002_1').is(':hidden')) { footnote_expand_reference_container_15002_1(); } else { footnote_collapse_reference_container_15002_1(); } } function footnote_moveToReference_15002_1(p_str_TargetID) { footnote_expand_reference_container_15002_1(); var l_obj_Target = jQuery('#' + p_str_TargetID); if (l_obj_Target.length) { jQuery( 'html, body' ).delay( 0 ); jQuery('html, body').animate({ scrollTop: l_obj_Target.offset().top - window.innerHeight * 0.2 }, 380); } } function footnote_moveToAnchor_15002_1(p_str_TargetID) { footnote_expand_reference_container_15002_1(); var l_obj_Target = jQuery('#' + p_str_TargetID); if (l_obj_Target.length) { jQuery( 'html, body' ).delay( 0 ); jQuery('html, body').animate({ scrollTop: l_obj_Target.offset().top - window.innerHeight * 0.2 }, 380); } }<\/script>","protected":false},"excerpt":{"rendered":"<p>Face \u00e0 la situation politique actuelle de la RD Congo, la soci\u00e9t\u00e9 civile et la jeunesse s\u2019organisent et font entendre leur voix. Plusieurs mouvements citoyens ont vu le jour ces derni\u00e8res ann\u00e9es \u00e0 l\u2019instar de la LUCHA. Justice et Paix a souhait\u00e9 aller \u00e0 la rencontre de ces jeunes et \u00e9couter leur message.<\/p>","protected":false},"author":57,"featured_media":15001,"comment_status":"closed","ping_status":"open","sticky":false,"template":"","format":"standard","meta":{"_acf_changed":false,"_seopress_robots_primary_cat":"","_seopress_titles_title":"","_seopress_titles_desc":"","_seopress_robots_index":"","footnotes":""},"categories":[2722],"tags":[2809,2795,2835,2824,2792,2793],"class_list":["post-15002","post","type-post","status-publish","format-standard","has-post-thumbnail","hentry","category-articles-nos-publications","tag-actions-citoyennes","tag-article","tag-democratie","tag-droits-humains","tag-rd-congo","tag-societe-civile"],"acf":[],"_links":{"self":[{"href":"http:\/\/www.justicepaix.be\/en\/wp-json\/wp\/v2\/posts\/15002","targetHints":{"allow":["GET"]}}],"collection":[{"href":"http:\/\/www.justicepaix.be\/en\/wp-json\/wp\/v2\/posts"}],"about":[{"href":"http:\/\/www.justicepaix.be\/en\/wp-json\/wp\/v2\/types\/post"}],"author":[{"embeddable":true,"href":"http:\/\/www.justicepaix.be\/en\/wp-json\/wp\/v2\/users\/57"}],"replies":[{"embeddable":true,"href":"http:\/\/www.justicepaix.be\/en\/wp-json\/wp\/v2\/comments?post=15002"}],"version-history":[{"count":0,"href":"http:\/\/www.justicepaix.be\/en\/wp-json\/wp\/v2\/posts\/15002\/revisions"}],"wp:featuredmedia":[{"embeddable":true,"href":"http:\/\/www.justicepaix.be\/en\/wp-json\/wp\/v2\/media\/15001"}],"wp:attachment":[{"href":"http:\/\/www.justicepaix.be\/en\/wp-json\/wp\/v2\/media?parent=15002"}],"wp:term":[{"taxonomy":"category","embeddable":true,"href":"http:\/\/www.justicepaix.be\/en\/wp-json\/wp\/v2\/categories?post=15002"},{"taxonomy":"post_tag","embeddable":true,"href":"http:\/\/www.justicepaix.be\/en\/wp-json\/wp\/v2\/tags?post=15002"}],"curies":[{"name":"wp","href":"https:\/\/api.w.org\/{rel}","templated":true}]}}