{"id":14918,"date":"2017-08-24T14:51:50","date_gmt":"2017-08-24T14:51:50","guid":{"rendered":"https:\/\/demop.netbaz.be\/2021\/jp\/2017\/08\/24\/ressources-naturelles-et-droits-humains-sur-qui-retombe-la-charge\/"},"modified":"2017-08-24T14:51:50","modified_gmt":"2017-08-24T14:51:50","slug":"ressources-naturelles-et-droits-humains-sur-qui-retombe-la-charge","status":"publish","type":"post","link":"http:\/\/www.justicepaix.be\/en\/ressources-naturelles-et-droits-humains-sur-qui-retombe-la-charge\/","title":{"rendered":"Natural Resources and Human Rights: Who bears the burden?"},"content":{"rendered":"<p>L\u2019actualit\u00e9. Regards et positions : Crise alimentaire en Afrique de l&rsquo;Est : silence on recommence !<br \/>\nDossier : Ressources naturelles et Droits humains :<br \/>\nsur qui retombe la charge ?<br \/>\n&#8211;<strong>First thought:<\/strong> EU and conflict minerals: 2021 deadline<br \/>\n&#8211;<strong>Deuxi\u00e8me r\u00e9flexion :<\/strong> The Battle of Black Water: when citizens mobilized for their environment<br \/>\n&#8211;<strong>Portrait\/Point of view:<\/strong> Au Honduras la r\u00e9sistance continue face \u00e0 l\u2019exploitation territoriale !<\/p>\n<div data-configid=\"25361634\/52486208\" style=\"width:525px; height:371px;\" class=\"issuuembed\"><\/div>\n<p><script type=\"text\/javascript\" src=\"\/\/e.issuu.com\/embed.js\" async=\"true\"><\/script><\/p>","protected":false},"excerpt":{"rendered":"<p>L\u2019actualit\u00e9. Regards et positions : Crise alimentaire en Afrique de l&rsquo;Est : silence on recommence ! Dossier : Ressources naturelles et Droits humains : sur qui retombe la charge ? &#8211;Premi\u00e8re r\u00e9flexion : UE et minerais des conflits : \u00e9ch\u00e9ance 2021 &#8211;Deuxi\u00e8me r\u00e9flexion : La bataille de l\u2019Eau Noire : quand les citoyens se mobilisaient [&hellip;]<\/p>\n","protected":false},"author":59,"featured_media":0,"comment_status":"closed","ping_status":"open","sticky":false,"template":"","format":"standard","meta":{"_acf_changed":false,"_seopress_robots_primary_cat":"","_seopress_titles_title":"","_seopress_titles_desc":"","_seopress_robots_index":"","footnotes":""},"categories":[2726],"tags":[2809,2817,2816,2792,2811,2848,2834],"class_list":["post-14918","post","type-post","status-publish","format-standard","hentry","category-les-numeros","tag-actions-citoyennes","tag-amerique-latine","tag-eau","tag-rd-congo","tag-ressources-naturelles","tag-revue-pour-parler-de-paix","tag-union-europeenne"],"acf":[],"_links":{"self":[{"href":"http:\/\/www.justicepaix.be\/en\/wp-json\/wp\/v2\/posts\/14918","targetHints":{"allow":["GET"]}}],"collection":[{"href":"http:\/\/www.justicepaix.be\/en\/wp-json\/wp\/v2\/posts"}],"about":[{"href":"http:\/\/www.justicepaix.be\/en\/wp-json\/wp\/v2\/types\/post"}],"author":[{"embeddable":true,"href":"http:\/\/www.justicepaix.be\/en\/wp-json\/wp\/v2\/users\/59"}],"replies":[{"embeddable":true,"href":"http:\/\/www.justicepaix.be\/en\/wp-json\/wp\/v2\/comments?post=14918"}],"version-history":[{"count":0,"href":"http:\/\/www.justicepaix.be\/en\/wp-json\/wp\/v2\/posts\/14918\/revisions"}],"wp:attachment":[{"href":"http:\/\/www.justicepaix.be\/en\/wp-json\/wp\/v2\/media?parent=14918"}],"wp:term":[{"taxonomy":"category","embeddable":true,"href":"http:\/\/www.justicepaix.be\/en\/wp-json\/wp\/v2\/categories?post=14918"},{"taxonomy":"post_tag","embeddable":true,"href":"http:\/\/www.justicepaix.be\/en\/wp-json\/wp\/v2\/tags?post=14918"}],"curies":[{"name":"wp","href":"https:\/\/api.w.org\/{rel}","templated":true}]}}