{"id":14740,"date":"2017-02-20T16:11:00","date_gmt":"2017-02-20T16:11:00","guid":{"rendered":"https:\/\/demop.netbaz.be\/2021\/jp\/2017\/02\/20\/un-traite-ethique-et-contraignant-pour-les-entreprises\/"},"modified":"2021-04-14T11:48:32","modified_gmt":"2021-04-14T11:48:32","slug":"un-traite-ethique-et-contraignant-pour-les-entreprises","status":"publish","type":"post","link":"http:\/\/www.justicepaix.be\/en\/un-traite-ethique-et-contraignant-pour-les-entreprises\/","title":{"rendered":"Un trait\u00e9 \u00e9thique et contraignant pour les entreprises"},"content":{"rendered":"<p class=\"post_excerpt\">Aujourd&rsquo;hui, il n&rsquo;existe pas de lois assez fortes pour obliger les entreprises internationales \u00e0 respecter les droits humains lorsqu\u2019elles exercent leurs activit\u00e9s. Pour aborder le sujet, en cette journ\u00e9e mondiale de la justice sociale, RCF re\u00e7oit Timur Ulu\u00e7, responsable plaidoyer chez Justice et Paix.<\/p>\n<p><!--more--><br \/>\n<img fetchpriority=\"high\" decoding=\"async\" class=\"aligncenter size-full wp-image-14739\" src=\"http:\/\/demop.netbaz.be\/2021\/jp\/wp-content\/uploads\/2017\/02\/jpg_2017-02-20_rcf_un_traite_ethique_et_contraignant_pour_les_entreprises_710x280.jpg\" alt=\"2017-02-20_rcf_un_traite_ethique_et_contraignant_pour_les_entreprises_710x280.jpg\" align=\"center\" width=\"710\" height=\"280\" srcset=\"https:\/\/www.justicepaix.be\/wp-content\/uploads\/2017\/02\/jpg_2017-02-20_rcf_un_traite_ethique_et_contraignant_pour_les_entreprises_710x280.jpg 710w, https:\/\/www.justicepaix.be\/wp-content\/uploads\/2017\/02\/jpg_2017-02-20_rcf_un_traite_ethique_et_contraignant_pour_les_entreprises_710x280-300x118.jpg 300w\" sizes=\"(max-width: 710px) 100vw, 710px\" \/><\/p>\n<p><iframe src=\"https:\/\/rcf.fr\/embed\/1506206\" frameborder=\"0\" width=\"100%\" height=\"220\" ><\/iframe><\/p>\n<p>Ce fichier est disponible jusqu&rsquo;au 20 f\u00e9vrier 2018.<div id='gallery-1' class='gallery galleryid-14740 gallery-columns-3 gallery-size-thumbnail'><figure class='gallery-item'>\n\t\t\t<div class='gallery-icon landscape'>\n\t\t\t\t<a href='https:\/\/www.justicepaix.be\/wp-content\/uploads\/2017\/02\/jpg_2017-02-20_rcf_un_traite_ethique_et_contraignant_pour_les_entreprises_710x280.jpg'><img decoding=\"async\" width=\"150\" height=\"150\" src=\"https:\/\/www.justicepaix.be\/wp-content\/uploads\/2017\/02\/jpg_2017-02-20_rcf_un_traite_ethique_et_contraignant_pour_les_entreprises_710x280-150x150.jpg\" class=\"attachment-thumbnail size-thumbnail\" alt=\"2017-02-20_rcf_un_traite_ethique_et_contraignant_pour_les_entreprises_710x280.jpg\" \/><\/a>\n\t\t\t<\/div><\/figure>\n\t\t<\/div>\n<\/p>","protected":false},"excerpt":{"rendered":"<p>Aujourd&rsquo;hui, il n&rsquo;existe pas de lois assez fortes pour obliger les entreprises internationales \u00e0 respecter les droits humains lorsqu\u2019elles exercent leurs activit\u00e9s. Pour aborder le sujet, en cette journ\u00e9e mondiale de la justice sociale, RCF re\u00e7oit Timur Ulu\u00e7, responsable plaidoyer chez Justice et Paix.<\/p>","protected":false},"author":62,"featured_media":14738,"comment_status":"closed","ping_status":"open","sticky":false,"template":"","format":"standard","meta":{"_acf_changed":false,"_seopress_robots_primary_cat":"","_seopress_titles_title":"","_seopress_titles_desc":"","_seopress_robots_index":"","footnotes":""},"categories":[2686],"tags":[],"class_list":["post-14740","post","type-post","status-publish","format-standard","has-post-thumbnail","hentry","category-pre-2015"],"acf":[],"_links":{"self":[{"href":"http:\/\/www.justicepaix.be\/en\/wp-json\/wp\/v2\/posts\/14740","targetHints":{"allow":["GET"]}}],"collection":[{"href":"http:\/\/www.justicepaix.be\/en\/wp-json\/wp\/v2\/posts"}],"about":[{"href":"http:\/\/www.justicepaix.be\/en\/wp-json\/wp\/v2\/types\/post"}],"author":[{"embeddable":true,"href":"http:\/\/www.justicepaix.be\/en\/wp-json\/wp\/v2\/users\/62"}],"replies":[{"embeddable":true,"href":"http:\/\/www.justicepaix.be\/en\/wp-json\/wp\/v2\/comments?post=14740"}],"version-history":[{"count":0,"href":"http:\/\/www.justicepaix.be\/en\/wp-json\/wp\/v2\/posts\/14740\/revisions"}],"wp:featuredmedia":[{"embeddable":true,"href":"http:\/\/www.justicepaix.be\/en\/wp-json\/wp\/v2\/media\/14738"}],"wp:attachment":[{"href":"http:\/\/www.justicepaix.be\/en\/wp-json\/wp\/v2\/media?parent=14740"}],"wp:term":[{"taxonomy":"category","embeddable":true,"href":"http:\/\/www.justicepaix.be\/en\/wp-json\/wp\/v2\/categories?post=14740"},{"taxonomy":"post_tag","embeddable":true,"href":"http:\/\/www.justicepaix.be\/en\/wp-json\/wp\/v2\/tags?post=14740"}],"curies":[{"name":"wp","href":"https:\/\/api.w.org\/{rel}","templated":true}]}}