{"id":14631,"date":"2016-12-19T13:56:55","date_gmt":"2016-12-19T13:56:55","guid":{"rendered":"https:\/\/demop.netbaz.be\/2021\/jp\/2016\/12\/19\/les-initiatives-populaires-de-solidarite-internationale-quand-les-citoyens-s\/"},"modified":"2021-04-14T11:48:19","modified_gmt":"2021-04-14T11:48:19","slug":"les-initiatives-populaires-de-solidarite-internationale-quand-les-citoyens-s","status":"publish","type":"post","link":"http:\/\/www.justicepaix.be\/en\/les-initiatives-populaires-de-solidarite-internationale-quand-les-citoyens-s\/","title":{"rendered":"\u201cPopular Initiatives of International Solidarity\u201d: when citizens take over the international solidarity sector."},"content":{"rendered":"\n\n<p class=\"post_excerpt\">Face aux cons\u00e9quences des guerres, des catastrophes naturelles ou des injustices sur les populations du Sud, le citoyen du Nord peut ressentir un sentiment de r\u00e9volte, d\u2019inefficacit\u00e9 et d\u2019impuissance. D\u00e9sireux de ne pas rester passifs, certains se trouvent \u00e0 l\u2019origine d\u2019\u201cInitiatives Populaires de Solidarit\u00e9 Internationale \u00bb, devenant ainsi un prolongement de l\u2019aide internationale professionnalis\u00e9e. Mais d\u2019o\u00f9 vient ce concept et comment est-il accueilli par les acteurs institu\u00e9s de la coop\u00e9ration au d\u00e9veloppement en Belgique?\n\n<\/p>\n\n\n<!--more-->\n<img fetchpriority=\"high\" decoding=\"async\" class=\" aligncenter size-full wp-image-14630\" src=\"http:\/\/demop.netbaz.be\/2021\/jp\/wp-content\/uploads\/2016\/12\/jpg_analyse_les_initiatives_populaires_de_solidarite_internationale_710x280.jpg\" alt=\"analyse_les_initiatives_populaires_de_solidarite_internationale_710x280.jpg\" align=\"center\" width=\"710\" height=\"280\" srcset=\"https:\/\/www.justicepaix.be\/wp-content\/uploads\/2016\/12\/jpg_analyse_les_initiatives_populaires_de_solidarite_internationale_710x280.jpg 710w, https:\/\/www.justicepaix.be\/wp-content\/uploads\/2016\/12\/jpg_analyse_les_initiatives_populaires_de_solidarite_internationale_710x280-300x118.jpg 300w\" sizes=\"(max-width: 710px) 100vw, 710px\" \/>\n\n<bloc> Vers une \u00ab d\u00e9mocratisation \u00bb de la coop\u00e9ration au d\u00e9veloppement \n\nEn Belgique, la coop\u00e9ration au d\u00e9veloppement se scinde en 3 groupes d\u2019acteurs, 3 piliers. La coop\u00e9ration bilat\u00e9rale est \u00e9tablie entre les autorit\u00e9s \u00e9tatiques belges (Minist\u00e8re de la Coop\u00e9ration au d\u00e9veloppement, la DGD, la Coop\u00e9ration technique belge, etc.) et celles du pays b\u00e9n\u00e9ficiaire. La coop\u00e9ration multilat\u00e9rale concerne la coop\u00e9ration entre les institutions internationales (Banque Mondiale, Fonds Mon\u00e9taire International, UE, etc.) et la coop\u00e9ration non gouvernementale repr\u00e9sente toutes <a href=\"http:\/\/diplomatie.belgium.be\/sites\/default\/files\/downloads\/lijst_erkende_ngos_liste_ong_agreees_010215.pdf\">les ONG agr\u00e9\u00e9es par l\u2019Etat belge<\/a> <span class=\"footnote_referrer\"><a role=\"button\" tabindex=\"0\" onclick=\"footnote_moveToReference_14631_1('footnote_plugin_reference_14631_1_1');\" onkeypress=\"footnote_moveToReference_14631_1('footnote_plugin_reference_14631_1_1');\" ><sup id=\"footnote_plugin_tooltip_14631_1_1\" class=\"footnote_plugin_tooltip_text\">[1]<\/sup><\/a><span id=\"footnote_plugin_tooltip_text_14631_1_1\" class=\"footnote_tooltip\">En 2015, la Belgique comptabilisait pr\u00e8s de 104 ONG agr\u00e9\u00e9es par l\u2019Etat Belge.<\/span><\/span><script type=\"text\/javascript\"> jQuery('#footnote_plugin_tooltip_14631_1_1').tooltip({ tip: '#footnote_plugin_tooltip_text_14631_1_1', tipClass: 'footnote_tooltip', effect: 'fade', predelay: 0, fadeInSpeed: 200, delay: 400, fadeOutSpeed: 200, position: 'top center', relative: true, offset: [-7, 0], });<\/script>.\n\nDepuis le d\u00e9but des ann\u00e9es 90, prenant la forme d\u2019un \u201cquatri\u00e8me pilier\u201d <span class=\"footnote_referrer\"><a role=\"button\" tabindex=\"0\" onclick=\"footnote_moveToReference_14631_1('footnote_plugin_reference_14631_1_2');\" onkeypress=\"footnote_moveToReference_14631_1('footnote_plugin_reference_14631_1_2');\" ><sup id=\"footnote_plugin_tooltip_14631_1_2\" class=\"footnote_plugin_tooltip_text\">[2]<\/sup><\/a><span id=\"footnote_plugin_tooltip_text_14631_1_2\" class=\"footnote_tooltip\">Ce terme traduit du flamand \u201cvierde pijler\u201d a \u00e9t\u00e9 lanc\u00e9 en 2005 par Patrick Develtere (ancien pr\u00e9sident de l\u2019ACW &#8211; pendant flamand du Mouvement Ouvrier Chr\u00e9tien).<\/span><\/span><script type=\"text\/javascript\"> jQuery('#footnote_plugin_tooltip_14631_1_2').tooltip({ tip: '#footnote_plugin_tooltip_text_14631_1_2', tipClass: 'footnote_tooltip', effect: 'fade', predelay: 0, fadeInSpeed: 200, delay: 400, fadeOutSpeed: 200, position: 'top center', relative: true, offset: [-7, 0], });<\/script>, nous assistons \u00e0 une sorte de \u201cd\u00e9mocratisation\u201d de la coop\u00e9ration au d\u00e9veloppement. Ce ph\u00e9nom\u00e8ne se traduit par l\u2019\u00e9mergence d\u2019une volont\u00e9 d\u2019investissement d\u2019un nombre croissant des citoyens du Nord face aux enjeux de la solidarit\u00e9 internationale. Par la mise en place d\u2019\u201cInitiatives Populaires de Solidarit\u00e9 Internationale\u201d dites \u00ab IPSI <span class=\"footnote_referrer\"><a role=\"button\" tabindex=\"0\" onclick=\"footnote_moveToReference_14631_1('footnote_plugin_reference_14631_1_3');\" onkeypress=\"footnote_moveToReference_14631_1('footnote_plugin_reference_14631_1_3');\" ><sup id=\"footnote_plugin_tooltip_14631_1_3\" class=\"footnote_plugin_tooltip_text\">[3]<\/sup><\/a><span id=\"footnote_plugin_tooltip_text_14631_1_3\" class=\"footnote_tooltip\">Tous les acteurs du 4e pilier ne se qualifient pas syst\u00e9matiquement d\u2019IPSI. Les d\u00e9nominations comme \u00ab groupes de solidarit\u00e9 \u00bb ou \u00ab initiatives citoyennes \u00bb sont parfois aussi employ\u00e9es.<\/span><\/span><script type=\"text\/javascript\"> jQuery('#footnote_plugin_tooltip_14631_1_3').tooltip({ tip: '#footnote_plugin_tooltip_text_14631_1_3', tipClass: 'footnote_tooltip', effect: 'fade', predelay: 0, fadeInSpeed: 200, delay: 400, fadeOutSpeed: 200, position: 'top center', relative: true, offset: [-7, 0], });<\/script> \u00bb , des citoyens lambda d\u00e9montrent que le secteur de la coop\u00e9ration au d\u00e9veloppement n\u2019est plus le seul apanage d\u2019organisations reconnues et\/ou d\u2019individus institu\u00e9s. \n\nCes derni\u00e8res ann\u00e9es, les nouvelles technologies de l\u2019information et de la communication (NTIC), le d\u00e9veloppement des moyens de transport ainsi que les flux migratoires croissants ont pouss\u00e9 les citoyens \u00e0 s\u2019int\u00e9resser, \u00e0 s\u2019ouvrir, \u00e0 se mobiliser et \u00e0 prendre position. En effet, ces notions de distances (tant virtuelles que kilom\u00e9triques) qui tendent \u00e0 s\u2019estomper facilitent la conscientisation et la compr\u00e9hension par ces m\u00eames citoyens de situations pr\u00e9caires et difficiles que vivent les populations de certains pays en d\u00e9veloppement.  \n\n\u201c<a href=\"http:\/\/solidaritedogon.be\/\">Solidarit\u00e9 Dogon<\/a>\u201d: un euro r\u00e9colt\u00e9, un euro distribu\u00e9\nMettant en relation des animateurs belges et des partenaires maliens, Solidarit\u00e9 Dogon est une association de fait belge qui, depuis 10 ans, met en place et suit des projets solidaires comme la construction d\u2019un internat, la cr\u00e9ation de groupements mara\u00eechers, la couture ou encore le micro-cr\u00e9dit. Chaque initiative na\u00eet de demandes sp\u00e9cifiques de la part des populations locales. L\u2019IPSI est n\u00e9e de la volont\u00e9 de \u00ab b\u00e2tir quelque chose entre les gens de chez nous et les gens de l\u00e0-bas \u00bb.\n\n<\/bloc>\n\n<bloc> Mobiliser au Nord, intervenir au Sud\n\nLes IPSI peuvent \u00eatre impuls\u00e9es par des particuliers, par des ASBL ou encore des Organisations de Solidarit\u00e9 Internationale issues des Migrations (OSIM) <span class=\"footnote_referrer\"><a role=\"button\" tabindex=\"0\" onclick=\"footnote_moveToReference_14631_1('footnote_plugin_reference_14631_1_4');\" onkeypress=\"footnote_moveToReference_14631_1('footnote_plugin_reference_14631_1_4');\" ><sup id=\"footnote_plugin_tooltip_14631_1_4\" class=\"footnote_plugin_tooltip_text\">[4]<\/sup><\/a><span id=\"footnote_plugin_tooltip_text_14631_1_4\" class=\"footnote_tooltip\">Une \u00ab Organisation de Solidarit\u00e9 Internationale issue des Migrations \u00bb est une organisation formelle ou non, fond\u00e9e par des migrants qui ont la volont\u00e9 d\u2019agir et de venir en aide \u00e0 leur pays&nbsp;&#x2026; <span class=\"footnote_tooltip_continue\"  onclick=\"footnote_moveToReference_14631_1('footnote_plugin_reference_14631_1_4');\">Continuer la lecture<\/span><\/span><\/span><script type=\"text\/javascript\"> jQuery('#footnote_plugin_tooltip_14631_1_4').tooltip({ tip: '#footnote_plugin_tooltip_text_14631_1_4', tipClass: 'footnote_tooltip', effect: 'fade', predelay: 0, fadeInSpeed: 200, delay: 400, fadeOutSpeed: 200, position: 'top center', relative: true, offset: [-7, 0], });<\/script>. Ne d\u00e9passant que tr\u00e8s rarement un ancrage local (par exemple une commune ou un quartier), les IPSI donnent \u00e0 leurs activit\u00e9s une port\u00e9e internationale en visant principalement les pays d\u2019Afrique Centrale et de l\u2019Ouest, d\u2019Asie ou d\u2019Am\u00e9rique latine. Concernant les profils des initiateurs d\u2019IPSI, une \u00e9tude r\u00e9alis\u00e9e en 2010 a d\u00e9termin\u00e9 que celles-ci \u00e9taient form\u00e9es en moyenne d\u2019une dizaine de personnes \u00e2g\u00e9es majoritairement entre 55 et 64 ans et issues d\u2019un niveau de formation sup\u00e9rieure voire universitaire. \n\nAgissant en dehors de tout contr\u00f4le de la part d\u2019institutions \u00e9tatiques, les IPSI poss\u00e8dent bien souvent des ressources financi\u00e8res in\u00e9gales ainsi que des capacit\u00e9s d\u2019action et des strat\u00e9gies variables. Fonctionnant g\u00e9n\u00e9ralement sur fonds propres, il arrive cependant dans certains cas que les IPSI b\u00e9n\u00e9ficient d\u2019un soutien financier et logistique de la part d\u2019un pouvoir public ou m\u00eame d\u2019une ONGD <span class=\"footnote_referrer\"><a role=\"button\" tabindex=\"0\" onclick=\"footnote_moveToReference_14631_1('footnote_plugin_reference_14631_1_5');\" onkeypress=\"footnote_moveToReference_14631_1('footnote_plugin_reference_14631_1_5');\" ><sup id=\"footnote_plugin_tooltip_14631_1_5\" class=\"footnote_plugin_tooltip_text\">[5]<\/sup><\/a><span id=\"footnote_plugin_tooltip_text_14631_1_5\" class=\"footnote_tooltip\">En 2010, sur 72 ONGD interrog\u00e9es, seuls 7 ONGD d\u00e9clarent soutenir financi\u00e8rement des initiatives du 4e pilier et des autorit\u00e9s locales.<\/span><\/span><script type=\"text\/javascript\"> jQuery('#footnote_plugin_tooltip_14631_1_5').tooltip({ tip: '#footnote_plugin_tooltip_text_14631_1_5', tipClass: 'footnote_tooltip', effect: 'fade', predelay: 0, fadeInSpeed: 200, delay: 400, fadeOutSpeed: 200, position: 'top center', relative: true, offset: [-7, 0], });<\/script>. Sans pour autant \u00eatre reconnues institutionnellement et officiellement comme des partenaires de l\u2019aide internationale subsidi\u00e9es par ces pouvoirs. Bien que reconnaissant leur forte motivation, la l\u00e9gitimit\u00e9 des IPSI est souvent remise en cause par les ONGD car ces IPSI repr\u00e9sentent pour elles une concurrence via la multiplication de projets similaires aux leurs dans le champ de la solidarit\u00e9 internationale. De fait, en ciblant les domaines de la sant\u00e9 (achat de mat\u00e9riel sanitaire, r\u00e9colte de v\u00eatements, construction d\u2019une maternit\u00e9, etc.) ou de l\u2019\u00e9ducation (construction d\u2019\u00e9coles ou de cantines, etc.), on constate qu\u2019en Belgique, les IPSI investissent souvent les m\u00eames domaines d\u2019intervention que les ONGD. \n\nMalgr\u00e9 l\u2019existence de disparit\u00e9s de moyens entre les IPSI, leur objectif initial \u00e0 toutes est commun: \u00e9tablir un rapport transparent, efficace, concret et direct entre les actions et fonds r\u00e9colt\u00e9s, et les b\u00e9n\u00e9ficiaires cibl\u00e9s <span class=\"footnote_referrer\"><a role=\"button\" tabindex=\"0\" onclick=\"footnote_moveToReference_14631_1('footnote_plugin_reference_14631_1_6');\" onkeypress=\"footnote_moveToReference_14631_1('footnote_plugin_reference_14631_1_6');\" ><sup id=\"footnote_plugin_tooltip_14631_1_6\" class=\"footnote_plugin_tooltip_text\">[6]<\/sup><\/a><span id=\"footnote_plugin_tooltip_text_14631_1_6\" class=\"footnote_tooltip\">En s\u2019assurant par exemple que chaque euro r\u00e9colt\u00e9 arrive bien dans les mains des populations locales b\u00e9n\u00e9ficiaires.<\/span><\/span><script type=\"text\/javascript\"> jQuery('#footnote_plugin_tooltip_14631_1_6').tooltip({ tip: '#footnote_plugin_tooltip_text_14631_1_6', tipClass: 'footnote_tooltip', effect: 'fade', predelay: 0, fadeInSpeed: 200, delay: 400, fadeOutSpeed: 200, position: 'top center', relative: true, offset: [-7, 0], });<\/script>. G\u00e9n\u00e9ralement, les acteurs d\u2019IPSI agissent b\u00e9n\u00e9volement <span class=\"footnote_referrer\"><a role=\"button\" tabindex=\"0\" onclick=\"footnote_moveToReference_14631_1('footnote_plugin_reference_14631_1_7');\" onkeypress=\"footnote_moveToReference_14631_1('footnote_plugin_reference_14631_1_7');\" ><sup id=\"footnote_plugin_tooltip_14631_1_7\" class=\"footnote_plugin_tooltip_text\">[7]<\/sup><\/a><span id=\"footnote_plugin_tooltip_text_14631_1_7\" class=\"footnote_tooltip\">Dans pr\u00e8s de 85% des cas, les personnes investies dans les IPSI le font b\u00e9n\u00e9volement.<\/span><\/span><script type=\"text\/javascript\"> jQuery('#footnote_plugin_tooltip_14631_1_7').tooltip({ tip: '#footnote_plugin_tooltip_text_14631_1_7', tipClass: 'footnote_tooltip', effect: 'fade', predelay: 0, fadeInSpeed: 200, delay: 400, fadeOutSpeed: 200, position: 'top center', relative: true, offset: [-7, 0], });<\/script>  et en dehors d\u2019un cadre professionnel. Ce qui, inversement \u00e0 ce qu\u2019on pourrait penser, n\u2019a pas n\u00e9cessairement un impact n\u00e9gatif sur leur degr\u00e9 d\u2019investissement. Bien au contraire, cet engagement tend \u00e0 valoriser, d\u00e9velopper et mettre \u00e0 profit leurs comp\u00e9tences au service d\u2019une cause qui leur semble juste et solidaire <span class=\"footnote_referrer\"><a role=\"button\" tabindex=\"0\" onclick=\"footnote_moveToReference_14631_1('footnote_plugin_reference_14631_1_8');\" onkeypress=\"footnote_moveToReference_14631_1('footnote_plugin_reference_14631_1_8');\" ><sup id=\"footnote_plugin_tooltip_14631_1_8\" class=\"footnote_plugin_tooltip_text\">[8]<\/sup><\/a><span id=\"footnote_plugin_tooltip_text_14631_1_8\" class=\"footnote_tooltip\">Par exemple, une personne polyglotte peut jouer un r\u00f4le de traduction entre les diff\u00e9rents acteurs des projets mis en place par une IPSI.<\/span><\/span><script type=\"text\/javascript\"> jQuery('#footnote_plugin_tooltip_14631_1_8').tooltip({ tip: '#footnote_plugin_tooltip_text_14631_1_8', tipClass: 'footnote_tooltip', effect: 'fade', predelay: 0, fadeInSpeed: 200, delay: 400, fadeOutSpeed: 200, position: 'top center', relative: true, offset: [-7, 0], });<\/script>. \n\n<strong>Les IPSI en Belgique<\/strong>\n<a href=\"http:\/\/www.wbi.be\/fr\/casiw\">La Cellule d\u2019Appui pour la Solidarit\u00e9 Wallonne (CASIW)<\/a> a pour objectif de \u00ab promouvoir l\u2019implication citoyenne et le partenariat en mati\u00e8re de coop\u00e9ration internationale au d\u00e9veloppement \u00bb. En 2010, elle aurait recens\u00e9 pr\u00e8s de 620 IPSI en R\u00e9gion Wallonne et en R\u00e9gion Bruxelles-capitale. La m\u00eame ann\u00e9e, <a href=\"https:\/\/lirias.kuleuven.be\/bitstream\/123456789\/322211\/1\/R1418_etude_volens_hiva_ulg.pdf\">la Flandre, elle, en aurait plus de 1400<\/a>.\n<\/bloc>\n\n<bloc> Les IPSI ou le pi\u00e8ge de l\u2019amateurisme\n\nA juste titre parfois qualifi\u00e9es de \u201cpaternalistes\u201d, les IPSI peuvent dans certains cas provoquer des impacts externes n\u00e9gatifs aupr\u00e8s de leurs b\u00e9n\u00e9ficiaires (incidents diplomatiques, abandons de projets, perturbation du travail r\u00e9alis\u00e9 par des acteurs institu\u00e9s sur le terrain, etc.). Effectivement, tous les acteurs engag\u00e9s dans des IPSI ne poss\u00e8dent malheureusement pas l\u2019expertise et les connaissances ad\u00e9quates et requises pour se lancer dans des projets de solidarit\u00e9 internationale. Le d\u00e9veloppement appelle \u00e0 une vision de long terme, \u00e0 une professionnalisation des m\u00e9thodes d\u2019actions et d\u2019intervention<span class=\"footnote_referrer\"><a role=\"button\" tabindex=\"0\" onclick=\"footnote_moveToReference_14631_1('footnote_plugin_reference_14631_1_9');\" onkeypress=\"footnote_moveToReference_14631_1('footnote_plugin_reference_14631_1_9');\" ><sup id=\"footnote_plugin_tooltip_14631_1_9\" class=\"footnote_plugin_tooltip_text\">[9]<\/sup><\/a><span id=\"footnote_plugin_tooltip_text_14631_1_9\" class=\"footnote_tooltip\"> R\u00e9aliser un cadre logique, faire une analyse des risques, pr\u00e9voir une \u00e9valuation et un suivi du projet, etc&#8230; <\/span><\/span><script type=\"text\/javascript\"> jQuery('#footnote_plugin_tooltip_14631_1_9').tooltip({ tip: '#footnote_plugin_tooltip_text_14631_1_9', tipClass: 'footnote_tooltip', effect: 'fade', predelay: 0, fadeInSpeed: 200, delay: 400, fadeOutSpeed: 200, position: 'top center', relative: true, offset: [-7, 0], });<\/script> mais aussi \u00e0 une connaissance de la r\u00e9gion cibl\u00e9e et des coutumes des populations qui y vivent. Ce qui n\u2019est pas toujours le cas d\u2019un \u00ab simple citoyen \u00bb parfois peu ou mal inform\u00e9 par les m\u00e9dias ou autre canal d\u2019information. \n\nLes divergences de profils et les tensions internes au sein de l\u2019IPSI peuvent \u00e9galement \u00eatre une source d\u2019\u00e9chec. Chaque citoyen \u00e9tant porteur d\u2019un bagage culturel et social ainsi que d\u2019une grille de lecture bien sp\u00e9cifique quant aux d\u00e9fis caus\u00e9s par la mondialisation, le risque est que l\u2019IPSI s\u2019essouffle et se disloque. Les populations b\u00e9n\u00e9ficiaires et d\u00e9pendantes financi\u00e8rement de ces IPSI deviennent alors tributaires de ces \u00e9volutions internes. On constate \u00e9galement le cas d\u2019IPSI, o\u00f9 les objectifs sont perp\u00e9tuellement red\u00e9finis au fil des ans en lien avec la rotation des membres la composant. Dans ce cas, les objectifs et les r\u00e9sultats finissent parfois par s\u2019\u00e9loigner fortement de ceux fix\u00e9s initialement. \n\n\n<strong>\u00ab L\u2019Arche de Zo\u00e9 \u00bb : d\u00e9rive humanitaire d\u2019une IPSI<\/strong>\nSe faisant passer pour un centre de soins pour les enfants victimes du conflit au Darfour, l\u2019 \u00ab Op\u00e9ration Darfour 2007 \u00bb de l\u2019association \u00ab l\u2019Arche de Zo\u00e9 \u00bb a enlev\u00e9 et exfiltr\u00e9 pr\u00e8s d\u2019une centaine d\u2019enfants tchadiens (pour la plupart non-orphelins) vers des familles d\u2019accueil et d\u2019adoption en France et en Belgique. Pr\u00eats \u00e0 embarquer pour la France, les responsables furent arr\u00eat\u00e9s par les autorit\u00e9s tchadiennes. On estime \u00e0 pr\u00e8s de 15.000 euros par famille le montant vers\u00e9 par les familles belges et fran\u00e7aises pour cette op\u00e9ration.\n\n<\/bloc>\n\n<bloc> Les IPSI : une nouvelle pratique d\u2019engagement vers le Sud ?\n\nBien que le travail des ONG belges continue d\u2019\u00eatre financ\u00e9 dans plus d\u2019une trentaine de pays, la coop\u00e9ration gouvernementale belge d\u00e9cide de r\u00e9duire \u00e0 14 au lieu de 17 le nombre de ses pays partenaires. Elle d\u00e9clare devoir \u00ab se concentrer en premier sur les pays fragiles et les zones post conflits qui sont encore fort tributaires de l\u2019aide \u00bb. \n\nFace \u00e0 cette r\u00e9duction de l\u2019aide, la pertinence de l\u2019existence des IPSI en Belgique pose question. Dans un esprit de compl\u00e9mentarit\u00e9 avec les organismes institutionnalis\u00e9s par les politiques de l\u2019aide internationale au d\u00e9veloppement, les IPSI ne permettraient-elles pas d\u2019apporter une aide solidaire dans les pays en voie de d\u00e9veloppement non partenaires de la coop\u00e9ration belge ? Dans cette id\u00e9e, il serait peut-\u00eatre int\u00e9ressant d\u2019analyser en profondeur la r\u00e9elle plus-value de ces projets sur le plan de la solidarit\u00e9 internationale afin d\u2019une part, d\u2019en extraire les externalit\u00e9s positives, et d\u2019autre part d\u2019\u00e9viter au maximum les diff\u00e9rents travers en d\u00e9coulant et observ\u00e9s jusqu\u2019\u00e0 ce jour. Le renforcement d\u2019un dialogue, d\u2019une mise en r\u00e9seau et d\u2019un travail conjoint entre les ONG agr\u00e9\u00e9es et les IPSI permettrait peut-\u00eatre de relever ce d\u00e9fi de synergies et de compl\u00e9mentarit\u00e9 sans n\u00e9cessairement engager une concurrence entre elles et sans pour autant non plus faire perdre aux IPSI leur caract\u00e8re priv\u00e9, populaire et ind\u00e9pendant <span class=\"footnote_referrer\"><a role=\"button\" tabindex=\"0\" onclick=\"footnote_moveToReference_14631_1('footnote_plugin_reference_14631_1_10');\" onkeypress=\"footnote_moveToReference_14631_1('footnote_plugin_reference_14631_1_10');\" ><sup id=\"footnote_plugin_tooltip_14631_1_10\" class=\"footnote_plugin_tooltip_text\">[10]<\/sup><\/a><span id=\"footnote_plugin_tooltip_text_14631_1_10\" class=\"footnote_tooltip\">On observe que certaines formes de soutien des ONGD existent d\u00e9j\u00e0 \u00e0 l\u2019\u00e9gard des IPSI : soutien logistique, m\u00e9thodologique, apport d\u2019information et de formations, organisation de campagnes,&nbsp;&#x2026; <span class=\"footnote_tooltip_continue\"  onclick=\"footnote_moveToReference_14631_1('footnote_plugin_reference_14631_1_10');\">Continuer la lecture<\/span><\/span><\/span><script type=\"text\/javascript\"> jQuery('#footnote_plugin_tooltip_14631_1_10').tooltip({ tip: '#footnote_plugin_tooltip_text_14631_1_10', tipClass: 'footnote_tooltip', effect: 'fade', predelay: 0, fadeInSpeed: 200, delay: 400, fadeOutSpeed: 200, position: 'top center', relative: true, offset: [-7, 0], });<\/script>. \n\nDans le cas o\u00f9 ce d\u00e9fi s\u2019av\u00e8rerait utopique voire trop complexe ou irr\u00e9alisable, une autre alternative envisageable serait de promouvoir un plus grand espace et une plus grande possibilit\u00e9 pour tous les citoyens de s\u2019engager et de s\u2019int\u00e9grer b\u00e9n\u00e9volement dans des projets d\u2019ONG belges agr\u00e9\u00e9es ou internationales. \n<\/bloc>\n\n<strong>Coraline Brodkom<\/strong>\n<div id='gallery-1' class='gallery galleryid-14631 gallery-columns-3 gallery-size-thumbnail'><figure class='gallery-item'>\n\t\t\t<div class='gallery-icon landscape'>\n\t\t\t\t<a href='https:\/\/www.justicepaix.be\/wp-content\/uploads\/2016\/12\/jpg_analyse_les_initiatives_populaires_de_solidarite_internationale_710x280.jpg'><img decoding=\"async\" width=\"150\" height=\"150\" src=\"https:\/\/www.justicepaix.be\/wp-content\/uploads\/2016\/12\/jpg_analyse_les_initiatives_populaires_de_solidarite_internationale_710x280-150x150.jpg\" class=\"attachment-thumbnail size-thumbnail\" alt=\"analyse_les_initiatives_populaires_de_solidarite_internationale_710x280.jpg\" \/><\/a>\n\t\t\t<\/div><\/figure>\n\t\t<\/div>\n\n<h2 class=\"wp-block-heading\">Documents joints<\/h2>\n\n\n\n<div class=\"wp-block-file\"><a href=\"http:\/\/demop.netbaz.be\/2021\/jp\/wp-content\/uploads\/2016\/12\/pdf_2016_analyse_les_initiatives_populaires_de_solidarite_internationale_-_quand_les_citoyens_s_emparent_du_secteu.pdf\">Les initiatives populaires de solidarit\u00e9 internationale quand les citoyens s&#8217;emparent du secteur<\/a><\/div>\n\n\n<div class=\"speaker-mute footnotes_reference_container\"> <div class=\"footnote_container_prepare\"><p><span role=\"button\" tabindex=\"0\" class=\"footnote_reference_container_label pointer\" onclick=\"footnote_expand_collapse_reference_container_14631_1();\">Notes<\/span><span role=\"button\" tabindex=\"0\" class=\"footnote_reference_container_collapse_button\" style=\"display: none;\" onclick=\"footnote_expand_collapse_reference_container_14631_1();\">[<a id=\"footnote_reference_container_collapse_button_14631_1\">+<\/a>]<\/span><\/p><\/div> <div id=\"footnote_references_container_14631_1\" style=\"\"><table class=\"footnotes_table footnote-reference-container\"><caption class=\"accessibility\">Notes<\/caption> <tbody> \r\n\r\n<tr class=\"footnotes_plugin_reference_row\"> <th scope=\"row\" id=\"footnote_plugin_reference_14631_1_1\" class=\"footnote_plugin_index pointer\" onclick=\"footnote_moveToAnchor_14631_1('footnote_plugin_tooltip_14631_1_1');\"><a role=\"button\" tabindex=\"0\" class=\"footnote_plugin_link\" ><span class=\"footnote_index_arrow\">&#8593;<\/span>1<\/a><\/th> <td class=\"footnote_plugin_text\">En 2015, la Belgique comptabilisait pr\u00e8s de 104 ONG agr\u00e9\u00e9es par l\u2019Etat Belge.<\/td><\/tr>\r\n\r\n<tr class=\"footnotes_plugin_reference_row\"> <th scope=\"row\" id=\"footnote_plugin_reference_14631_1_2\" class=\"footnote_plugin_index pointer\" onclick=\"footnote_moveToAnchor_14631_1('footnote_plugin_tooltip_14631_1_2');\"><a role=\"button\" tabindex=\"0\" class=\"footnote_plugin_link\" ><span class=\"footnote_index_arrow\">&#8593;<\/span>2<\/a><\/th> <td class=\"footnote_plugin_text\">Ce terme traduit du flamand \u201cvierde pijler\u201d a \u00e9t\u00e9 lanc\u00e9 en 2005 par Patrick Develtere (ancien pr\u00e9sident de l\u2019ACW &#8211; pendant flamand du Mouvement Ouvrier Chr\u00e9tien).<\/td><\/tr>\r\n\r\n<tr class=\"footnotes_plugin_reference_row\"> <th scope=\"row\" id=\"footnote_plugin_reference_14631_1_3\" class=\"footnote_plugin_index pointer\" onclick=\"footnote_moveToAnchor_14631_1('footnote_plugin_tooltip_14631_1_3');\"><a role=\"button\" tabindex=\"0\" class=\"footnote_plugin_link\" ><span class=\"footnote_index_arrow\">&#8593;<\/span>3<\/a><\/th> <td class=\"footnote_plugin_text\">Tous les acteurs du 4e pilier ne se qualifient pas syst\u00e9matiquement d\u2019IPSI. Les d\u00e9nominations comme \u00ab groupes de solidarit\u00e9 \u00bb ou \u00ab initiatives citoyennes \u00bb sont parfois aussi employ\u00e9es.<\/td><\/tr>\r\n\r\n<tr class=\"footnotes_plugin_reference_row\"> <th scope=\"row\" id=\"footnote_plugin_reference_14631_1_4\" class=\"footnote_plugin_index pointer\" onclick=\"footnote_moveToAnchor_14631_1('footnote_plugin_tooltip_14631_1_4');\"><a role=\"button\" tabindex=\"0\" class=\"footnote_plugin_link\" ><span class=\"footnote_index_arrow\">&#8593;<\/span>4<\/a><\/th> <td class=\"footnote_plugin_text\">Une \u00ab Organisation de Solidarit\u00e9 Internationale issue des Migrations \u00bb est une organisation formelle ou non, fond\u00e9e par des migrants qui ont la volont\u00e9 d\u2019agir et de venir en aide \u00e0 leur pays d\u2019origine en mettant en place des actions dans leur pays d\u2019accueil.<\/td><\/tr>\r\n\r\n<tr class=\"footnotes_plugin_reference_row\"> <th scope=\"row\" id=\"footnote_plugin_reference_14631_1_5\" class=\"footnote_plugin_index pointer\" onclick=\"footnote_moveToAnchor_14631_1('footnote_plugin_tooltip_14631_1_5');\"><a role=\"button\" tabindex=\"0\" class=\"footnote_plugin_link\" ><span class=\"footnote_index_arrow\">&#8593;<\/span>5<\/a><\/th> <td class=\"footnote_plugin_text\">En 2010, sur 72 ONGD interrog\u00e9es, seuls 7 ONGD d\u00e9clarent soutenir financi\u00e8rement des initiatives du 4e pilier et des autorit\u00e9s locales.<\/td><\/tr>\r\n\r\n<tr class=\"footnotes_plugin_reference_row\"> <th scope=\"row\" id=\"footnote_plugin_reference_14631_1_6\" class=\"footnote_plugin_index pointer\" onclick=\"footnote_moveToAnchor_14631_1('footnote_plugin_tooltip_14631_1_6');\"><a role=\"button\" tabindex=\"0\" class=\"footnote_plugin_link\" ><span class=\"footnote_index_arrow\">&#8593;<\/span>6<\/a><\/th> <td class=\"footnote_plugin_text\">En s\u2019assurant par exemple que chaque euro r\u00e9colt\u00e9 arrive bien dans les mains des populations locales b\u00e9n\u00e9ficiaires.<\/td><\/tr>\r\n\r\n<tr class=\"footnotes_plugin_reference_row\"> <th scope=\"row\" id=\"footnote_plugin_reference_14631_1_7\" class=\"footnote_plugin_index pointer\" onclick=\"footnote_moveToAnchor_14631_1('footnote_plugin_tooltip_14631_1_7');\"><a role=\"button\" tabindex=\"0\" class=\"footnote_plugin_link\" ><span class=\"footnote_index_arrow\">&#8593;<\/span>7<\/a><\/th> <td class=\"footnote_plugin_text\">Dans pr\u00e8s de 85% des cas, les personnes investies dans les IPSI le font b\u00e9n\u00e9volement.<\/td><\/tr>\r\n\r\n<tr class=\"footnotes_plugin_reference_row\"> <th scope=\"row\" id=\"footnote_plugin_reference_14631_1_8\" class=\"footnote_plugin_index pointer\" onclick=\"footnote_moveToAnchor_14631_1('footnote_plugin_tooltip_14631_1_8');\"><a role=\"button\" tabindex=\"0\" class=\"footnote_plugin_link\" ><span class=\"footnote_index_arrow\">&#8593;<\/span>8<\/a><\/th> <td class=\"footnote_plugin_text\">Par exemple, une personne polyglotte peut jouer un r\u00f4le de traduction entre les diff\u00e9rents acteurs des projets mis en place par une IPSI.<\/td><\/tr>\r\n\r\n<tr class=\"footnotes_plugin_reference_row\"> <th scope=\"row\" id=\"footnote_plugin_reference_14631_1_9\" class=\"footnote_plugin_index pointer\" onclick=\"footnote_moveToAnchor_14631_1('footnote_plugin_tooltip_14631_1_9');\"><a role=\"button\" tabindex=\"0\" class=\"footnote_plugin_link\" ><span class=\"footnote_index_arrow\">&#8593;<\/span>9<\/a><\/th> <td class=\"footnote_plugin_text\"> R\u00e9aliser un cadre logique, faire une analyse des risques, pr\u00e9voir une \u00e9valuation et un suivi du projet, etc&#8230; <\/td><\/tr>\r\n\r\n<tr class=\"footnotes_plugin_reference_row\"> <th scope=\"row\" id=\"footnote_plugin_reference_14631_1_10\" class=\"footnote_plugin_index pointer\" onclick=\"footnote_moveToAnchor_14631_1('footnote_plugin_tooltip_14631_1_10');\"><a role=\"button\" tabindex=\"0\" class=\"footnote_plugin_link\" ><span class=\"footnote_index_arrow\">&#8593;<\/span>10<\/a><\/th> <td class=\"footnote_plugin_text\">On observe que certaines formes de soutien des ONGD existent d\u00e9j\u00e0 \u00e0 l\u2019\u00e9gard des IPSI : soutien logistique, m\u00e9thodologique, apport d\u2019information et de formations, organisation de campagnes, etc.<\/td><\/tr>\r\n\r\n <\/tbody> <\/table> <\/div><\/div><script type=\"text\/javascript\"> function footnote_expand_reference_container_14631_1() { jQuery('#footnote_references_container_14631_1').show(); jQuery('#footnote_reference_container_collapse_button_14631_1').text('\u2212'); } function footnote_collapse_reference_container_14631_1() { jQuery('#footnote_references_container_14631_1').hide(); jQuery('#footnote_reference_container_collapse_button_14631_1').text('+'); } function footnote_expand_collapse_reference_container_14631_1() { if (jQuery('#footnote_references_container_14631_1').is(':hidden')) { footnote_expand_reference_container_14631_1(); } else { footnote_collapse_reference_container_14631_1(); } } function footnote_moveToReference_14631_1(p_str_TargetID) { footnote_expand_reference_container_14631_1(); var l_obj_Target = jQuery('#' + p_str_TargetID); if (l_obj_Target.length) { jQuery( 'html, body' ).delay( 0 ); jQuery('html, body').animate({ scrollTop: l_obj_Target.offset().top - window.innerHeight * 0.2 }, 380); } } function footnote_moveToAnchor_14631_1(p_str_TargetID) { footnote_expand_reference_container_14631_1(); var l_obj_Target = jQuery('#' + p_str_TargetID); if (l_obj_Target.length) { jQuery( 'html, body' ).delay( 0 ); jQuery('html, body').animate({ scrollTop: l_obj_Target.offset().top - window.innerHeight * 0.2 }, 380); } }<\/script>","protected":false},"excerpt":{"rendered":"<p>Face aux cons\u00e9quences des guerres, des catastrophes naturelles ou des injustices sur les populations du Sud, le citoyen du Nord peut ressentir un sentiment de r\u00e9volte, d\u2019inefficacit\u00e9 et d\u2019impuissance. D\u00e9sireux de ne pas rester passifs, certains se trouvent \u00e0 l\u2019origine d\u2019\u201cInitiatives Populaires de Solidarit\u00e9 Internationale \u00bb, devenant ainsi un prolongement de l\u2019aide internationale professionnalis\u00e9e. Mais [&hellip;]<\/p>\n","protected":false},"author":57,"featured_media":14629,"comment_status":"closed","ping_status":"open","sticky":false,"template":"","format":"standard","meta":{"_acf_changed":false,"_seopress_robots_primary_cat":"","_seopress_titles_title":"","_seopress_titles_desc":"","_seopress_robots_index":"","footnotes":""},"categories":[2722],"tags":[2809,2795,2835,2819,2793],"class_list":["post-14631","post","type-post","status-publish","format-standard","has-post-thumbnail","hentry","category-articles-nos-publications","tag-actions-citoyennes","tag-article","tag-democratie","tag-questions-sociales","tag-societe-civile"],"acf":[],"_links":{"self":[{"href":"http:\/\/www.justicepaix.be\/en\/wp-json\/wp\/v2\/posts\/14631","targetHints":{"allow":["GET"]}}],"collection":[{"href":"http:\/\/www.justicepaix.be\/en\/wp-json\/wp\/v2\/posts"}],"about":[{"href":"http:\/\/www.justicepaix.be\/en\/wp-json\/wp\/v2\/types\/post"}],"author":[{"embeddable":true,"href":"http:\/\/www.justicepaix.be\/en\/wp-json\/wp\/v2\/users\/57"}],"replies":[{"embeddable":true,"href":"http:\/\/www.justicepaix.be\/en\/wp-json\/wp\/v2\/comments?post=14631"}],"version-history":[{"count":0,"href":"http:\/\/www.justicepaix.be\/en\/wp-json\/wp\/v2\/posts\/14631\/revisions"}],"wp:featuredmedia":[{"embeddable":true,"href":"http:\/\/www.justicepaix.be\/en\/wp-json\/wp\/v2\/media\/14629"}],"wp:attachment":[{"href":"http:\/\/www.justicepaix.be\/en\/wp-json\/wp\/v2\/media?parent=14631"}],"wp:term":[{"taxonomy":"category","embeddable":true,"href":"http:\/\/www.justicepaix.be\/en\/wp-json\/wp\/v2\/categories?post=14631"},{"taxonomy":"post_tag","embeddable":true,"href":"http:\/\/www.justicepaix.be\/en\/wp-json\/wp\/v2\/tags?post=14631"}],"curies":[{"name":"wp","href":"https:\/\/api.w.org\/{rel}","templated":true}]}}