{"id":14486,"date":"2016-09-26T09:54:51","date_gmt":"2016-09-26T09:54:51","guid":{"rendered":"https:\/\/demop.netbaz.be\/2021\/jp\/2016\/09\/26\/formation-pour-enseignants-au-dela-du-pib-forfor-segec\/"},"modified":"2021-04-14T11:48:15","modified_gmt":"2021-04-14T11:48:15","slug":"formation-pour-enseignants-au-dela-du-pib-forfor-segec","status":"publish","type":"post","link":"http:\/\/www.justicepaix.be\/en\/formation-pour-enseignants-au-dela-du-pib-forfor-segec\/","title":{"rendered":"Training for teachers: Beyond GDP (FORFOR, SeGEC)"},"content":{"rendered":"<p class=\"post_excerpt\">Is your school participating in FORFOR this year? Join one of the Justice and Peace training courses! <\/p>\n<p><!--more--><br \/>\n<img fetchpriority=\"high\" decoding=\"async\" class=\"aligncenter size-full wp-image-13874\" src=\"http:\/\/demop.netbaz.be\/2021\/jp\/wp-content\/uploads\/2015\/10\/jpg_a_vos_cotes_formations_710x280.jpg\" alt=\"a_vos_cotes_formations_710x280.jpg\" align=\"center\" width=\"710\" height=\"280\" srcset=\"https:\/\/www.justicepaix.be\/wp-content\/uploads\/2015\/10\/jpg_a_vos_cotes_formations_710x280.jpg 710w, https:\/\/www.justicepaix.be\/wp-content\/uploads\/2015\/10\/jpg_a_vos_cotes_formations_710x280-300x118.jpg 300w\" sizes=\"(max-width: 710px) 100vw, 710px\" \/><\/p>\n<p><bloc>Description<\/p>\n<p>L\u2019argent, on le sait, ne suffit pas au bonheur. Et pourtant, notre soci\u00e9t\u00e9 tend \u00e0 faire de l\u2019augmentation du PIB un objectif en soi plut\u00f4t qu\u2019un moyen d\u2019assurer un bien-\u00eatre collectif. En r\u00e9action, un mouvement de remise en question propose depuis plusieurs d\u00e9cennies un \u00ab au-del\u00e0 du PIB \u00bb et cherche \u00e0 d\u00e9finir le sens de la vie en soci\u00e9t\u00e9 au-del\u00e0 de la croissance \u00e9conomique.<\/p>\n<p>La d\u00e9marche est loin d\u2019\u00eatre \u00e9vidente. Construire un indicateur de bien-\u00eatre ou de prosp\u00e9rit\u00e9, c\u2019est n\u00e9cessairement v\u00e9hiculer une certaine id\u00e9e du bien-vivre, du progr\u00e8s. Comment les initiatives qu\u2019on voit fleurir \u00e0 diff\u00e9rents niveaux et partout dans le monde ont-elles abord\u00e9 ces questions ? Parviennent-elles \u00e0 rendre compte des autres dimensions importantes de nos vies ? <\/p>\n<p>Convaincus de l\u2019importance, pour les citoyens, de prendre part \u00e0 ce d\u00e9bat crucial, Justice et Paix entend apporter aux enseignants des \u00e9l\u00e9ments de compr\u00e9hension des enjeux sous-tendant la th\u00e9matique et proposer une r\u00e9flexion et construction collectives de pistes d\u2019actions applicables \u00e0 l\u2019\u00e9cole.<br \/>\n<\/bloc><\/p>\n<p><bloc>Practical information<\/p>\n<p><strong>Date<\/strong>: 27 janvier 2017 de 9h \u00e0 16h<br \/>\n<strong>Speaker<\/strong>: Laure Malchair<br \/>\n<strong>For who ?<\/strong> Enseignants de sciences \u00e9conomiques et sociales<br \/>\n<a href=\"http:\/\/enseignement.catholique.be\/cecafoc\">Registrations<\/a><br \/>\n<\/bloc><div id='gallery-1' class='gallery galleryid-14486 gallery-columns-3 gallery-size-thumbnail'><figure class='gallery-item'>\n\t\t\t<div class='gallery-icon landscape'>\n\t\t\t\t<a href='https:\/\/www.justicepaix.be\/wp-content\/uploads\/2015\/10\/jpg_a_vos_cotes_formations_710x280.jpg'><img decoding=\"async\" width=\"150\" height=\"150\" src=\"https:\/\/www.justicepaix.be\/wp-content\/uploads\/2015\/10\/jpg_a_vos_cotes_formations_710x280-150x150.jpg\" class=\"attachment-thumbnail size-thumbnail\" alt=\"a_vos_cotes_formations_710x280.jpg\" \/><\/a>\n\t\t\t<\/div><\/figure>\n\t\t<\/div>\n<\/p>","protected":false},"excerpt":{"rendered":"<p>Is your school participating in FORFOR this year? Join one of the Justice and Peace training courses!<\/p>","protected":false},"author":62,"featured_media":14485,"comment_status":"closed","ping_status":"open","sticky":false,"template":"","format":"standard","meta":{"_acf_changed":false,"_seopress_robots_primary_cat":"","_seopress_titles_title":"","_seopress_titles_desc":"","_seopress_robots_index":"","footnotes":""},"categories":[2686],"tags":[2802,2835,2814,2821,2800,2819],"class_list":["post-14486","post","type-post","status-publish","format-standard","has-post-thumbnail","hentry","category-pre-2015","tag-bonne-gouvernance","tag-democratie","tag-developpement-durable","tag-economie","tag-formation","tag-questions-sociales"],"acf":[],"_links":{"self":[{"href":"http:\/\/www.justicepaix.be\/en\/wp-json\/wp\/v2\/posts\/14486","targetHints":{"allow":["GET"]}}],"collection":[{"href":"http:\/\/www.justicepaix.be\/en\/wp-json\/wp\/v2\/posts"}],"about":[{"href":"http:\/\/www.justicepaix.be\/en\/wp-json\/wp\/v2\/types\/post"}],"author":[{"embeddable":true,"href":"http:\/\/www.justicepaix.be\/en\/wp-json\/wp\/v2\/users\/62"}],"replies":[{"embeddable":true,"href":"http:\/\/www.justicepaix.be\/en\/wp-json\/wp\/v2\/comments?post=14486"}],"version-history":[{"count":0,"href":"http:\/\/www.justicepaix.be\/en\/wp-json\/wp\/v2\/posts\/14486\/revisions"}],"wp:featuredmedia":[{"embeddable":true,"href":"http:\/\/www.justicepaix.be\/en\/wp-json\/wp\/v2\/media\/14485"}],"wp:attachment":[{"href":"http:\/\/www.justicepaix.be\/en\/wp-json\/wp\/v2\/media?parent=14486"}],"wp:term":[{"taxonomy":"category","embeddable":true,"href":"http:\/\/www.justicepaix.be\/en\/wp-json\/wp\/v2\/categories?post=14486"},{"taxonomy":"post_tag","embeddable":true,"href":"http:\/\/www.justicepaix.be\/en\/wp-json\/wp\/v2\/tags?post=14486"}],"curies":[{"name":"wp","href":"https:\/\/api.w.org\/{rel}","templated":true}]}}