{"id":14415,"date":"2016-07-07T13:03:25","date_gmt":"2016-07-07T13:03:25","guid":{"rendered":"https:\/\/demop.netbaz.be\/2021\/jp\/2016\/07\/07\/hommage-a-harper-lee\/"},"modified":"2021-04-14T11:48:13","modified_gmt":"2021-04-14T11:48:13","slug":"hommage-a-harper-lee","status":"publish","type":"post","link":"http:\/\/www.justicepaix.be\/en\/hommage-a-harper-lee\/","title":{"rendered":"Tribute to Harper Lee"},"content":{"rendered":"<p class=\"post_excerpt\"><img fetchpriority=\"high\" decoding=\"async\" class=\"aligncenter size-full wp-image-14413\" src=\"http:\/\/demop.netbaz.be\/2021\/jp\/wp-content\/uploads\/2016\/07\/jpg_2016-05-29_dimanche_hommage_a_harper_lee_710x280.jpg\" alt=\"2016-05-29_dimanche_hommage_a_harper_lee_710x280.jpg\" align=\"center\" width=\"710\" height=\"280\" srcset=\"https:\/\/www.justicepaix.be\/wp-content\/uploads\/2016\/07\/jpg_2016-05-29_dimanche_hommage_a_harper_lee_710x280.jpg 710w, https:\/\/www.justicepaix.be\/wp-content\/uploads\/2016\/07\/jpg_2016-05-29_dimanche_hommage_a_harper_lee_710x280-300x118.jpg 300w\" sizes=\"(max-width: 710px) 100vw, 710px\" \/>\nParmi les activit\u00e9s de Justice et Paix, il y a les caf\u00e9s litt\u00e9raires.Harper Lee \u00e9tait au pro\u00adgramme de lecture de ce d\u00e9but d&rsquo;ann\u00e9e. L&rsquo;\u00e9crivaine am\u00e9ricaine a tir\u00e9 sa r\u00e9v\u00e9rence quelques temps apr\u00e8s l&rsquo;\u00e9tude de son c\u00e9l\u00e8bre roman:\u00a0\u00bbNe tirez pas sur l&rsquo;oiseau moqueur\u00a0\u00bb. C\u00e9lestin Obama, volontaire chez Justice &#038; Paix, signe cet article paru dans le journal Dimanche.<\/p>\n\n\n<!--more-->\n<a href=\"http:\/\/demop.netbaz.be\/2021\/jp\/wp-content\/uploads\/2016\/07\/pdf_2016-05-29_dimanche_hommage_a_harper_lee.pdf\">Tribute to Harper Lee<\/a><div id='gallery-1' class='gallery galleryid-14415 gallery-columns-3 gallery-size-thumbnail'><figure class='gallery-item'>\n\t\t\t<div class='gallery-icon landscape'>\n\t\t\t\t<a href='https:\/\/www.justicepaix.be\/wp-content\/uploads\/2016\/07\/jpg_2016-05-29_dimanche_hommage_a_harper_lee_710x280.jpg'><img decoding=\"async\" width=\"150\" height=\"150\" src=\"https:\/\/www.justicepaix.be\/wp-content\/uploads\/2016\/07\/jpg_2016-05-29_dimanche_hommage_a_harper_lee_710x280-150x150.jpg\" class=\"attachment-thumbnail size-thumbnail\" alt=\"2016-05-29_dimanche_hommage_a_harper_lee_710x280.jpg\" \/><\/a>\n\t\t\t<\/div><\/figure>\n\t\t<\/div>\n\n<h2 class=\"wp-block-heading\">Attachments<\/h2>\n\n\n\n<div class=\"wp-block-file\"><a href=\"http:\/\/demop.netbaz.be\/2021\/jp\/wp-content\/uploads\/2016\/07\/pdf_2016-05-29_dimanche_hommage_a_harper_lee.pdf\">Tribute to Harper Lee<\/a><\/div>","protected":false},"excerpt":{"rendered":"<p>Parmi les activit\u00e9s de Justice et Paix, il y a les caf\u00e9s litt\u00e9raires.Harper Lee \u00e9tait au pro\u00adgramme de lecture de ce d\u00e9but d&rsquo;ann\u00e9e. L&rsquo;\u00e9crivaine am\u00e9ricaine a tir\u00e9 sa r\u00e9v\u00e9rence quelques temps apr\u00e8s l&rsquo;\u00e9tude de son c\u00e9l\u00e8bre roman:\u00a0\u00bbNe tirez pas sur l&rsquo;oiseau moqueur\u00a0\u00bb. C\u00e9lestin Obama, volontaire chez Justice &#038; Paix, signe cet article paru dans le [&hellip;]<\/p>\n","protected":false},"author":62,"featured_media":14412,"comment_status":"closed","ping_status":"open","sticky":false,"template":"","format":"standard","meta":{"_acf_changed":false,"_seopress_robots_primary_cat":"","_seopress_titles_title":"","_seopress_titles_desc":"","_seopress_robots_index":"","footnotes":""},"categories":[2846,2686],"tags":[2824,2839,2828],"class_list":["post-14415","post","type-post","status-publish","format-standard","has-post-thumbnail","hentry","category-dans-les-medias","category-pre-2015","tag-droits-humains","tag-justice-sociale","tag-temoignages"],"acf":[],"_links":{"self":[{"href":"http:\/\/www.justicepaix.be\/en\/wp-json\/wp\/v2\/posts\/14415","targetHints":{"allow":["GET"]}}],"collection":[{"href":"http:\/\/www.justicepaix.be\/en\/wp-json\/wp\/v2\/posts"}],"about":[{"href":"http:\/\/www.justicepaix.be\/en\/wp-json\/wp\/v2\/types\/post"}],"author":[{"embeddable":true,"href":"http:\/\/www.justicepaix.be\/en\/wp-json\/wp\/v2\/users\/62"}],"replies":[{"embeddable":true,"href":"http:\/\/www.justicepaix.be\/en\/wp-json\/wp\/v2\/comments?post=14415"}],"version-history":[{"count":0,"href":"http:\/\/www.justicepaix.be\/en\/wp-json\/wp\/v2\/posts\/14415\/revisions"}],"wp:featuredmedia":[{"embeddable":true,"href":"http:\/\/www.justicepaix.be\/en\/wp-json\/wp\/v2\/media\/14412"}],"wp:attachment":[{"href":"http:\/\/www.justicepaix.be\/en\/wp-json\/wp\/v2\/media?parent=14415"}],"wp:term":[{"taxonomy":"category","embeddable":true,"href":"http:\/\/www.justicepaix.be\/en\/wp-json\/wp\/v2\/categories?post=14415"},{"taxonomy":"post_tag","embeddable":true,"href":"http:\/\/www.justicepaix.be\/en\/wp-json\/wp\/v2\/tags?post=14415"}],"curies":[{"name":"wp","href":"https:\/\/api.w.org\/{rel}","templated":true}]}}