{"id":14410,"date":"2016-07-07T12:03:16","date_gmt":"2016-07-07T12:03:16","guid":{"rendered":"https:\/\/demop.netbaz.be\/2021\/jp\/2016\/07\/07\/la-dependance-du-capitalisme-aux-ressources-naturelles-le-cas-du-perou\/"},"modified":"2021-04-14T12:21:56","modified_gmt":"2021-04-14T12:21:56","slug":"la-dependance-du-capitalisme-aux-ressources-naturelles-le-cas-du-perou","status":"publish","type":"post","link":"http:\/\/www.justicepaix.be\/en\/la-dependance-du-capitalisme-aux-ressources-naturelles-le-cas-du-perou\/","title":{"rendered":"Capitalism&#039;s dependence on natural resources: the case of Peru"},"content":{"rendered":"<p class=\"post_excerpt\">Le capitalisme se nourrit de l\u2019exploitation des ressources naturelles. Elles sont le moteur de la production effr\u00e9n\u00e9e des biens que nous consommons. Mais ce mod\u00e8le est-il soutenable pour notre plan\u00e8te ? Allons voir la situation au P\u00e9rou, un des grands pays producteurs de ressources mini\u00e8res.<\/p>\n<p><!--more--><br \/>\n<img fetchpriority=\"high\" decoding=\"async\" class=\" aligncenter size-full wp-image-14408\" src=\"http:\/\/demop.netbaz.be\/2021\/jp\/wp-content\/uploads\/2016\/07\/png_2016-09-03_conference_valeriane_flyer.png\" alt=\"2016-09-03_conference_valeriane_flyer.png\" align=\"center\" width=\"842\" height=\"1191\" srcset=\"https:\/\/www.justicepaix.be\/wp-content\/uploads\/2016\/07\/png_2016-09-03_conference_valeriane_flyer.png 842w, https:\/\/www.justicepaix.be\/wp-content\/uploads\/2016\/07\/png_2016-09-03_conference_valeriane_flyer-212x300.png 212w, https:\/\/www.justicepaix.be\/wp-content\/uploads\/2016\/07\/png_2016-09-03_conference_valeriane_flyer-724x1024.png 724w, https:\/\/www.justicepaix.be\/wp-content\/uploads\/2016\/07\/png_2016-09-03_conference_valeriane_flyer-768x1086.png 768w\" sizes=\"(max-width: 842px) 100vw, 842px\" \/><br \/>\nLa conf\u00e9rence se basera sur le reportage \u201c P\u00e9rou : la mine \u00e0 tout prix \u201d (30 minutes) r\u00e9alis\u00e9 dans le cadre d\u2019une <a href=\"https:\/\/www.justicepaix.be\/2016\/03\/08\/au-perou-c-est-l-eau-ou-la-mine\/\">mission de Justice et Paix au P\u00e9rou en f\u00e9vrier 2016<\/a>. Il aborde la probl\u00e9matique de l\u2019extraction mini\u00e8re au P\u00e9rou et de ses impacts sur les populations et l\u2019environnement. <\/p>\n<p>Apr\u00e8s une mise en \u00e9vidence des liens entre capitalisme et exploitation des ressources, les intervenants parleront des alternatives durables et responsables qui existent \u00e0 cet extractivisme trop intensif comme par exemple, la mise en place de mod\u00e8les de d\u00e9veloppement bas\u00e9s sur l\u2019agriculture ou encore le recyclage de nos d\u00e9chets \u00e9lectroniques (GSM, etc,..).<\/p>\n<h2>**Orateurs:<\/h2>\n<ul>\n<li> Raf Custers,  chercheur et journaliste au <a href=\"http:\/\/www.gresea.be\/\">Groupe de Recherche pour une Strat\u00e9gie Economique et Alternative<\/a> (GRESEA).<\/li>\n<li> Louise Amand (volontaire chez Justice et Paix), collaboratrice au sein d\u2019un projet de ferme agro\u00e9cologique au Br\u00e9sil.<\/li>\n<\/ul>\n<h2>**Mod\u00e9ratrice : <\/h2>\n<p>G\u00e9raldine Duquenne (Responsable animation et Am\u00e9rique Latine chez Justice et Paix)<\/p>\n<h2>**Infos pratiques: <\/h2>\n<ul>\n<li> <strong>Date <\/strong> : 3 septembre 2016<\/li>\n<li> <strong>Horaire <\/strong> : De 13h \u00e0 15h<\/li>\n<li> <strong>Adresse <\/strong> : Salle n\u00b0 2 du Salon Val\u00e9riane (Namur Expo, rue S.Vrithoff- 5000 Namur)<\/li>\n<li> <strong>Personne de contact<\/strong> : Coraline Brodkom<\/li>\n<li> <strong>Email de contact<\/strong> : [coraline.brodkom<a href=\"mailto:coraline.brodkom@justicepaix.be\">at]justicepaix.be<\/a><\/li>\n<li> <strong>Num\u00e9ro de t\u00e9l\u00e9phone<\/strong> : 02\/738.08.01<\/li>\n<\/ul>\n<p><a href=\"https:\/\/www.justicepaix.be\/2014\/02\/21\/exposition-de-la-mine-au-gsm\/\">(Justice et Paix tient \u00e9galement un stand tout au long du <a href=\"http:\/\/www.valeriane.be\/index.html\">Salon Val\u00e9riane<\/a> (2, 3 et 4 septembre)\u2026. N\u2019h\u00e9sitez pas \u00e0 venir nous dire bonjour et visiter notre exposition [De la mine au GSM<\/a> ! <\/p>\n<p><iframe src=\"https:\/\/docs.google.com\/forms\/d\/1tzrXvtMjkluv1NXswrZ-6NuiDuwREL6KokolulXvlTo\/viewform?embedded=true\" width=\"700\" height=\"1100\" frameborder=\"0\" marginheight=\"0\" marginwidth=\"0\">Loading&#8230;<\/iframe><\/p>\n<p><a href=\"http:\/\/www.valeriane.be\/index.html\"><img decoding=\"async\" class=\" aligncenter size-full wp-image-14409\" src=\"http:\/\/demop.netbaz.be\/2021\/jp\/wp-content\/uploads\/2016\/07\/jpg_banner_site_web_valeriane2016_710x200.jpg\" alt=\"banner_site_web_valeriane2016_710x200.jpg\" align=\"center\" width=\"710\" height=\"200\" srcset=\"https:\/\/www.justicepaix.be\/wp-content\/uploads\/2016\/07\/jpg_banner_site_web_valeriane2016_710x200.jpg 710w, https:\/\/www.justicepaix.be\/wp-content\/uploads\/2016\/07\/jpg_banner_site_web_valeriane2016_710x200-300x85.jpg 300w\" sizes=\"(max-width: 710px) 100vw, 710px\" \/><\/a><div id='gallery-1' class='gallery galleryid-14410 gallery-columns-3 gallery-size-thumbnail'><figure class='gallery-item'>\n\t\t\t<div class='gallery-icon portrait'>\n\t\t\t\t<a href='https:\/\/www.justicepaix.be\/wp-content\/uploads\/2016\/07\/png_2016-09-03_conference_valeriane_flyer.png'><img decoding=\"async\" width=\"150\" height=\"150\" src=\"https:\/\/www.justicepaix.be\/wp-content\/uploads\/2016\/07\/png_2016-09-03_conference_valeriane_flyer-150x150.png\" class=\"attachment-thumbnail size-thumbnail\" alt=\"2016-09-03_conference_valeriane_flyer.png\" \/><\/a>\n\t\t\t<\/div><\/figure><figure class='gallery-item'>\n\t\t\t<div class='gallery-icon landscape'>\n\t\t\t\t<a href='https:\/\/www.justicepaix.be\/wp-content\/uploads\/2016\/07\/jpg_banner_site_web_valeriane2016_710x200.jpg'><img loading=\"lazy\" decoding=\"async\" width=\"150\" height=\"150\" src=\"https:\/\/www.justicepaix.be\/wp-content\/uploads\/2016\/07\/jpg_banner_site_web_valeriane2016_710x200-150x150.jpg\" class=\"attachment-thumbnail size-thumbnail\" alt=\"banner_site_web_valeriane2016_710x200.jpg\" \/><\/a>\n\t\t\t<\/div><\/figure>\n\t\t<\/div>\n<\/p>\n","protected":false},"excerpt":{"rendered":"<p>Le capitalisme se nourrit de l\u2019exploitation des ressources naturelles. Elles sont le moteur de la production effr\u00e9n\u00e9e des biens que nous consommons. Mais ce mod\u00e8le est-il soutenable pour notre plan\u00e8te ? Allons voir la situation au P\u00e9rou, un des grands pays producteurs de ressources mini\u00e8res.<\/p>","protected":false},"author":62,"featured_media":14407,"comment_status":"closed","ping_status":"open","sticky":false,"template":"","format":"standard","meta":{"_acf_changed":false,"_seopress_robots_primary_cat":"","_seopress_titles_title":"","_seopress_titles_desc":"","_seopress_robots_index":"","footnotes":""},"categories":[2686],"tags":[2809,2812,2817,2858,2814,2845,2839,2822,2818,2832,2811,2828],"class_list":["post-14410","post","type-post","status-publish","format-standard","has-post-thumbnail","hentry","category-pre-2015","tag-actions-citoyennes","tag-agriculture","tag-amerique-latine","tag-animation","tag-developpement-durable","tag-ecologie","tag-justice-sociale","tag-mondialisation","tag-perou","tag-responsabilite-du-consommateur","tag-ressources-naturelles","tag-temoignages"],"acf":[],"_links":{"self":[{"href":"http:\/\/www.justicepaix.be\/en\/wp-json\/wp\/v2\/posts\/14410","targetHints":{"allow":["GET"]}}],"collection":[{"href":"http:\/\/www.justicepaix.be\/en\/wp-json\/wp\/v2\/posts"}],"about":[{"href":"http:\/\/www.justicepaix.be\/en\/wp-json\/wp\/v2\/types\/post"}],"author":[{"embeddable":true,"href":"http:\/\/www.justicepaix.be\/en\/wp-json\/wp\/v2\/users\/62"}],"replies":[{"embeddable":true,"href":"http:\/\/www.justicepaix.be\/en\/wp-json\/wp\/v2\/comments?post=14410"}],"version-history":[{"count":0,"href":"http:\/\/www.justicepaix.be\/en\/wp-json\/wp\/v2\/posts\/14410\/revisions"}],"wp:featuredmedia":[{"embeddable":true,"href":"http:\/\/www.justicepaix.be\/en\/wp-json\/wp\/v2\/media\/14407"}],"wp:attachment":[{"href":"http:\/\/www.justicepaix.be\/en\/wp-json\/wp\/v2\/media?parent=14410"}],"wp:term":[{"taxonomy":"category","embeddable":true,"href":"http:\/\/www.justicepaix.be\/en\/wp-json\/wp\/v2\/categories?post=14410"},{"taxonomy":"post_tag","embeddable":true,"href":"http:\/\/www.justicepaix.be\/en\/wp-json\/wp\/v2\/tags?post=14410"}],"curies":[{"name":"wp","href":"https:\/\/api.w.org\/{rel}","templated":true}]}}