{"id":14285,"date":"2016-05-27T08:39:11","date_gmt":"2016-05-27T08:39:11","guid":{"rendered":"https:\/\/demop.netbaz.be\/2021\/jp\/2016\/05\/27\/mercure-au-perou\/"},"modified":"2016-05-27T08:39:11","modified_gmt":"2016-05-27T08:39:11","slug":"mercure-au-perou","status":"publish","type":"post","link":"http:\/\/www.justicepaix.be\/en\/mercure-au-perou\/","title":{"rendered":"Mercury in Peru"},"content":{"rendered":"<p class=\"post_excerpt\">In Peru, mercury linked to illegal gold mining is poisoning residents.<\/p>\n<p><!--more--><br \/>\nLe gouvernement p\u00e9ruvien a d\u00e9clar\u00e9 l\u2019\u00e9tat d\u2019urgence dans une zone de la for\u00eat amazonienne. Les populations sur place sont contamin\u00e9es au mercure, dont le niveau est 4 \u00e0 8 fois sup\u00e9rieur aux maxima tol\u00e9r\u00e9s.<\/p>\n<p>Le mercure provient de l\u2019exploitation ill\u00e9gale de l\u2019or par quelques 40 000 chercheurs d\u2019or qui utilisent ce mercure pour s\u00e9parer le m\u00e9tal pr\u00e9cieux des autres minerais. Les cons\u00e9quences pour les populations sont catastrophiques, comme nous l\u2019explique Santiago Fischer, charg\u00e9 de plaidoyer de la Commission Justice et Paix. L\u2019ONG belge travaille en \u00e9troite collaboration avec les acteurs associatifs p\u00e9ruviens.<\/p>\n<p><iframe width=\"100%\" height=\"450\" scrolling=\"no\" frameborder=\"no\" src=\"https:\/\/w.soundcloud.com\/player\/?url=https%3A\/\/api.soundcloud.com\/tracks\/266149858&amp;auto_play=false&amp;hide_related=false&amp;show_comments=true&amp;show_user=true&amp;show_reposts=false&amp;visual=true\"><\/iframe><\/p>","protected":false},"excerpt":{"rendered":"<p>In Peru, mercury linked to illegal gold mining is poisoning residents.<\/p>","protected":false},"author":62,"featured_media":14284,"comment_status":"closed","ping_status":"open","sticky":false,"template":"","format":"standard","meta":{"_acf_changed":false,"_seopress_robots_primary_cat":"","_seopress_titles_title":"","_seopress_titles_desc":"","_seopress_robots_index":"","footnotes":""},"categories":[2846,2686],"tags":[2831,2817,2816,2845,2818,2811],"class_list":["post-14285","post","type-post","status-publish","format-standard","has-post-thumbnail","hentry","category-dans-les-medias","category-pre-2015","tag-acteurs-economiques","tag-amerique-latine","tag-eau","tag-ecologie","tag-perou","tag-ressources-naturelles"],"acf":[],"_links":{"self":[{"href":"http:\/\/www.justicepaix.be\/en\/wp-json\/wp\/v2\/posts\/14285","targetHints":{"allow":["GET"]}}],"collection":[{"href":"http:\/\/www.justicepaix.be\/en\/wp-json\/wp\/v2\/posts"}],"about":[{"href":"http:\/\/www.justicepaix.be\/en\/wp-json\/wp\/v2\/types\/post"}],"author":[{"embeddable":true,"href":"http:\/\/www.justicepaix.be\/en\/wp-json\/wp\/v2\/users\/62"}],"replies":[{"embeddable":true,"href":"http:\/\/www.justicepaix.be\/en\/wp-json\/wp\/v2\/comments?post=14285"}],"version-history":[{"count":0,"href":"http:\/\/www.justicepaix.be\/en\/wp-json\/wp\/v2\/posts\/14285\/revisions"}],"wp:featuredmedia":[{"embeddable":true,"href":"http:\/\/www.justicepaix.be\/en\/wp-json\/wp\/v2\/media\/14284"}],"wp:attachment":[{"href":"http:\/\/www.justicepaix.be\/en\/wp-json\/wp\/v2\/media?parent=14285"}],"wp:term":[{"taxonomy":"category","embeddable":true,"href":"http:\/\/www.justicepaix.be\/en\/wp-json\/wp\/v2\/categories?post=14285"},{"taxonomy":"post_tag","embeddable":true,"href":"http:\/\/www.justicepaix.be\/en\/wp-json\/wp\/v2\/tags?post=14285"}],"curies":[{"name":"wp","href":"https:\/\/api.w.org\/{rel}","templated":true}]}}