{"id":14005,"date":"2015-12-17T15:44:49","date_gmt":"2015-12-17T15:44:49","guid":{"rendered":"https:\/\/demop.netbaz.be\/2021\/jp\/2015\/12\/17\/burundi-eurac-interpelle-la-communaute-internationale\/"},"modified":"2021-04-14T11:47:59","modified_gmt":"2021-04-14T11:47:59","slug":"burundi-eurac-interpelle-la-communaute-internationale","status":"publish","type":"post","link":"http:\/\/www.justicepaix.be\/en\/burundi-eurac-interpelle-la-communaute-internationale\/","title":{"rendered":"Burundi: EurAc calls on the International Community"},"content":{"rendered":"<div class=\"footnotes_validation_error\"><p>WARNING: unbalanced footnote start tag short code found.<\/p><p>If this warning is irrelevant, please disable the syntax validation feature in the dashboard under General settings &gt; Footnote start and end short codes &gt; Check for balanced shortcodes.<\/p><p>Unbalanced start tag short code found before:<\/p><p>\u201cConseil de S\u00e9curit\u00e9 de l\u2019ONU, R\u00e9solution 2248 (2015) sur la situation au Burundi, 12 novembre 2015]\n\n\nEn cons\u00e9quence, EurAc demande \u00e0 l\u2019UE et \u00e0 ses \u00c9tats-membres de :\n\n\n\n soutenir l\u2019envoi d\u2019une mission de maintien de la paix au Burundi dans le cadre des Nations Unies dont le mandat s\u2026\u201d<\/p><\/div>\n\n\n\n<p class=\"post_excerpt\">Le R\u00e9seau europ\u00e9en pour l\u2019Afrique centrale (EurAc) et ses membres condamnent l\u2019inqui\u00e9tante escalade des violences ces derniers jours au Burundi et tiennent \u00e0 exprimer leur solidarit\u00e9 aux organisations de la soci\u00e9t\u00e9 civile burundaise. <\/p>\n\n\n<!--more-->\nIls appellent la Communaut\u00e9 Internationale, et l\u2019UE en particulier, \u00e0 r\u00e9pondre avec fermet\u00e9 \u00e0 la d\u00e9gradation alarmante de la situation politique et s\u00e9curitaire au Burundi, et \u00e0 prendre des mesures fortes afin de pr\u00e9venir le glissement vers une guerre civile qui aurait in\u00e9vitablement des r\u00e9percussions dramatiques sur la r\u00e9gion des Grand Lacs.\n\n\nLes <strong>assassinats cibl\u00e9s<\/strong> men\u00e9s dans la nuit du 11 au 12 d\u00e9cembre par les services de s\u00e9curit\u00e9 burundais ont fait plus de 200 victimes [[<a href=\"http:\/\/www.rpa.bi\/index.php\/component\/k2\/item\/1806-bujumbura-des-massacres-prepares-bien-avant-l-attaque-   des-camps-militaires.\">Bujumbura: Des massacres pr\u00e9par\u00e9s bien avant l\u2019attaque des camps militaires<\/a>, Radio Publique Africaine, 13 d\u00e9cembre 2015]], la plupart provenant de quartiers de Bujumbura qualifi\u00e9s de contestataires par le pouvoir depuis le d\u00e9but des manifestations contre le troisi\u00e8me mandat pr\u00e9sidentiel de Pierre Nkurunziza en avril 2015. Ces assassinats font suite aux attaques arm\u00e9es perp\u00e9tr\u00e9es le vendredi 11 d\u00e9cembre contre trois camps militaires situ\u00e9s dans les faubourgs de Bujumbura. Bien qu\u2019inacceptables et fortement condamnables, ces attaques ne peuvent en rien justifier les repr\u00e9sailles des forces de s\u00e9curit\u00e9 \u00e0 l\u2019encontre de la population civile (assassinats et enl\u00e8vements) r\u00e9sidant dans les quartiers de Bujumbura consid\u00e9r\u00e9s comme contestataires par le pouvoir.\n\n\nL&rsquo;ouverture, le 8 d\u00e9cembre, par l\u2019Union Europ\u00e9enne (UE) des <strong>consultations au titre de l&rsquo;article 96 de l&rsquo;Accord de Cotonou<\/strong> afin d&rsquo;examiner la situation au Burundi et les possibles solutions pour assurer le respect des \u00e9l\u00e9ments essentiels vis\u00e9s \u00e0 l&rsquo;article 9(2) de l&rsquo;Accord (c&rsquo;est-\u00e0-dire les droits humains, les principes d\u00e9mocratiques et l&rsquo;\u00c9tat de droit) n\u2019a manifestement pas abouti aux r\u00e9sultats escompt\u00e9s. Lors des consultations tenues le 8 d\u00e9cembre, le Gouvernement burundais a pr\u00e9tendu que la situation s\u00e9curitaire du pays \u00e9tait sous contr\u00f4le. L\u2019UE de son c\u00f4t\u00e9 a d\u00e9clar\u00e9 le m\u00eame jour qu\u2019elle \u00ab <em>consid\u00e8re que les positions exprim\u00e9es ne permettent pas de rem\u00e9dier globalement aux manquements des \u00e9l\u00e9ments essentiels de son partenariat avec la R\u00e9publique du Burundi. Ces positions ne permettent pas non plus de r\u00e9pondre de fa\u00e7on satisfaisante aux d\u00e9cisions du Conseil Paix et S\u00e9curit\u00e9 de l&rsquo;Union Africaine des 17 octobre et 13 novembre 2015, en particulier sur la n\u00e9cessit\u00e9 de la mise en \u0153uvre rapide d&rsquo;un dialogue sinc\u00e8re et inclusif, fond\u00e9 sur le respect de l&rsquo;accord d&rsquo;Arusha<\/em> \u00bb[[ <a href=\"http:\/\/www.consilium.europa.eu\/fr\/press\/press-releases\/2015\/12\/08-burundi-conclusions\/\">Consultations UE &#8211; R\u00e9publique du Burundi au titre de l&rsquo;article 96 de l&rsquo;Accord de Cotonou &#8211; Conclusions de l&rsquo;Union europ\u00e9enne<\/a>, 8 d\u00e9cembre 2015]]\n\n\nMalgr\u00e9 la gravit\u00e9 des faits survenus les 11 et 12 d\u00e9cembre 2015, les autorit\u00e9s burundaises pr\u00e9tendent que \u00ab <em>la situation s\u00e9curitaire reste globalement bonne sur toute l\u2019\u00e9tendue du territoire de la R\u00e9publique du Burundi<\/em> \u00bb [[<a href=\"http:\/\/www.france24.com\/fr\/20151212-burundi-cadavres-retrouves-rues-bujumbura-tensions-nkurunziza\">Communiqu\u00e9 de presse du Minist\u00e8re de la S\u00e9curit\u00e9 Publique burundais-Attaque sur Mpimba, 12 d\u00e9cembre 2015<\/a>  ]]. Il nous faut \u00e9galement d\u00e9plorer la strat\u00e9gie du pouvoir en place qui tend \u00e0 <strong>ethniciser un conflit dont les causes sont avant tout politiques<\/strong>. L\u2019enlisement du Burundi dans la crise d\u00e9coule en premier lieu de la d\u00e9cision du r\u00e9gime de permettre \u00e0 Pierre Nkurunziza de briguer un troisi\u00e8me mandat pr\u00e9sidentiel, en contradiction de la Constitution burundaise et des Accords d\u2019Arusha (2000), et d\u2019organiser les scrutins de juin et juillet 2015 dans un contexte ne r\u00e9unissant pas les conditions n\u00e9cessaires au d\u00e9roulement d\u2019\u00e9lections d\u00e9mocratiques [[EurAc, <a href=\"http:\/\/www.eurac-network.org\/accueil.php?lg=fr&#038;pg=plaidoyer&#038;spg=2015-07-22\">BURUNDI : Face au simulacre d\u2019\u00e9lections, l\u2019UE doit prendre des sanctions !<\/a>, 22 juillet 2015]].\n\n\nEn outre, la profonde crise politique et <strong>s\u00e9curitaire que traverse aujourd\u2019hui le Burundi risque de <\/strong> s\u2019\u00e9tendre sur le plan r\u00e9gional, notamment en raison du nombre de Burundais r\u00e9fugi\u00e9s dans les pays voisins qui, selon certaines estimations, s\u2019\u00e9l\u00e8verait \u00e0 pr\u00e8s de 220 000 personnes [[<a href=\"http:\/\/www.france24.com\/fr\/20151112-onu-appelle-dialogue-burundi-eviter-genocide-nkurunziza-resolution-casques-bleus\">L&rsquo;ONU appelle au dialogue au Burundi pour \u00e9viter \u00ab\u00a0un g\u00e9nocide\u00a0\u00bb<\/a>, France 24, 12 d\u00e9cembre 2015;\n<a href=\"http:\/\/www.lemonde.fr\/afrique\/article\/2015\/12\/12\/des-dizaines-de-cadavres-retrouves-dans-les-rues-de-bujumbura_4830548_3212.html.\">Au Burundi, des dizaines de cadavres retrouv\u00e9s dans les rues de la capitale<\/a>, Le Monde Afrique, 12 d\u00e9cembre 2015]]. A cet \u00e9gard, <strong>le recrutement au Rwanda de r\u00e9fugi\u00e9s burundais<\/strong> du camp de Mahama dans des groupes arm\u00e9s non-gouvernementaux [[Michael Boyce and Francisca Vigaud-Walsh, <a href=\"http:\/\/static1.squarespace.com\/static\/506c8ea1e4b01d9450dd53f5\/t\/566b3f97c647adfeee2374e5\/1449869207555\/20151   214+Rwanda.pdf.\">Asylum betrayed: recruitment of Burundian refugees in Rwanda<\/a>, Refugees International-Field Report, December 14-2015]] pourrait avoir des cons\u00e9quences n\u00e9fastes pour la stabilit\u00e9 de toute la r\u00e9gion des Grands Lacs.\n\n\nEurAc et ses membres tiennent \u00e0 exprimer leur soutien aux partenaires de la soci\u00e9t\u00e9 civile burundaise qui condamnent <em>\u00ab la strat\u00e9gie adopt\u00e9e par le r\u00e9gime r\u00e9pressif de Nkurunziza qui consiste \u00e0 profiter des situations floues pour commettre des crimes innommables \u00bb<\/em> [[<a href=\"http:\/\/www.cncd.be\/IMG\/pdf\/declaration_crimes_contre_humanite_et_genocide_politico_ethnique.pdf\">D\u00e9claration des Organisations de la soci\u00e9t\u00e9 civile burundaise<\/a> \u2013 Campagne Halte au troisi\u00e8me mandat, 12 d\u00e9cembre 2015,]] et appelent la Communaut\u00e9 Internationale \u00e0 intervenir pour prot\u00e9ger les populations civiles, comme cela est d\u00e9j\u00e0 envisag\u00e9 par l\u2019Union Africaine et le Conseil de S\u00e9curit\u00e9 des Nations Unies [[Conseil de S\u00e9curit\u00e9 de l\u2019ONU, <a href=\"http:\/\/www.un.org\/fr\/documents\/view_doc.asp?symbol=S\/RES\/2248(2015\">R\u00e9solution 2248 (2015) sur la situation au Burundi<\/a>, 12 novembre 2015]\n\n\nEn cons\u00e9quence, EurAc demande \u00e0 l\u2019UE et \u00e0 ses \u00c9tats-membres de :\n\n\n\n<ol><li> soutenir l\u2019envoi d\u2019une mission de maintien de la paix au Burundi dans le cadre des Nations Unies dont le mandat serait de prot\u00e9ger la population burundaise ;<\/li><li> appeler toutes les parties prenantes de la crise burundaise au respect du droit international humanitaire ;<\/li><li> demander au Procureur de la Cour P\u00e9nale Internationale d\u2019initier en urgence une enqu\u00eate sur les crimes internationaux commis au Burundi ;<\/li><li> appuyer la Communaut\u00e9 d\u2019Afrique de l\u2019Est (EAC) et l\u2019Union Africaine dans la restauration urgente d\u2019un dialogue politique sinc\u00e8re et inclusif au Burundi, seule voie de sortie  vers l\u2019apaisement de la situation politico-s\u00e9curitaire dans le pays ;<\/li><li> maintenir la suspension de tout aide budg\u00e9taire au Gouvernement du Burundi et ce jusqu\u2019\u00e0 ce que le Gouvernement et les forces de s\u00e9curit\u00e9 fassent la preuve du retour \u00e0 un dialogue politique sinc\u00e8re et inclusif, du r\u00e9tablissement de la situation s\u00e9curitaire et du respect des droits humains ;<\/li><li> \u00e9largir l\u2019application du r\u00e9gime de sanctions individuelles aux responsables politiques et membres des services de s\u00e9curit\u00e9s burundais responsables des violations des droits humains et qui repr\u00e9sentent un obstacle \u00e0 l\u2019organisation d\u2019un dialogue politique inclusif ; ces sanctions devraient \u00e9galement \u00eatre \u00e9largies \u00e0 tout individu ou entit\u00e9 qui tentent dans les pays voisins du Burundi d\u2019instrumentaliser l\u2019accueil des r\u00e9fugi\u00e9s burundais \u00e0 des fins autres que civile ou humanitaire  ;<\/li><li> maintenir la pression sur le Gouvernement burundais afin qu\u2019il r\u00e9tablisse l\u2019espace d\u00e9mocratique et le respect des droits humains sur toute l\u2019\u00e9tendue du territoire ; \u00e0 cet \u00e9gard, l\u2019UE devrait plaider aupr\u00e8s du Gouvernement burundais pour qu\u2019il annule (1) le d\u00e9cret 530\/1597 suspendant ill\u00e9galement les activit\u00e9s de plusieurs organisations de la soci\u00e9t\u00e9 civile et (2) le blocage ill\u00e9gal des fonds dont p\u00e2tissent plusieurs organisations de la soci\u00e9t\u00e9 civile et autres d\u00e9fenseurs des droits humains au Burundi ;<\/li><li> demander \u00e0 l\u2019Union Africaine de suspendre la participation de l\u2019arm\u00e9e burundaise \u00e0 la Mission de maintien de la paix en Somalie (AMISOM) et aux Nations Unies de suspendre la participation de l\u2019arm\u00e9e burundaise \u00e0 la Mission de maintien de la paix en R\u00e9publique Centrafricaine (MISCA).<\/li><\/ol>\n\n\n<strong>Contact et information<\/strong> : [donatella.rostagno<a href=\"mailto:donatella.rostagno@eurac-network.org\">AT]eurac-network.org<\/a>\n\n<h2 class=\"wp-block-heading\">Documents joints<\/h2>\n\n\n\n<div class=\"wp-block-file\"><a href=\"http:\/\/demop.netbaz.be\/2021\/jp\/wp-content\/uploads\/2015\/12\/pdf_2015_cjp_plaidoer_burundi_prise_de_position_eurac.pdf\">Burundi: EurAc intrpelle la Communaut\u00e9 Internationale<\/a><\/div>\n\n\n","protected":false},"excerpt":{"rendered":"<p>Le R\u00e9seau europ\u00e9en pour l\u2019Afrique centrale (EurAc) et ses membres condamnent l\u2019inqui\u00e9tante escalade des violences ces derniers jours au Burundi et tiennent \u00e0 exprimer leur solidarit\u00e9 aux organisations de la soci\u00e9t\u00e9 civile burundaise.<\/p>","protected":false},"author":62,"featured_media":14004,"comment_status":"closed","ping_status":"open","sticky":false,"template":"","format":"standard","meta":{"_acf_changed":false,"_seopress_robots_primary_cat":"","_seopress_titles_title":"","_seopress_titles_desc":"","_seopress_robots_index":"","footnotes":""},"categories":[2721],"tags":[2794,2698,2824,2815,2825],"class_list":["post-14005","post","type-post","status-publish","format-standard","has-post-thumbnail","hentry","category-plaidoyer-politique","tag-afrique-centrale","tag-burundi","tag-droits-humains","tag-plaidoyer","tag-prevention-des-conflits"],"acf":[],"_links":{"self":[{"href":"http:\/\/www.justicepaix.be\/en\/wp-json\/wp\/v2\/posts\/14005","targetHints":{"allow":["GET"]}}],"collection":[{"href":"http:\/\/www.justicepaix.be\/en\/wp-json\/wp\/v2\/posts"}],"about":[{"href":"http:\/\/www.justicepaix.be\/en\/wp-json\/wp\/v2\/types\/post"}],"author":[{"embeddable":true,"href":"http:\/\/www.justicepaix.be\/en\/wp-json\/wp\/v2\/users\/62"}],"replies":[{"embeddable":true,"href":"http:\/\/www.justicepaix.be\/en\/wp-json\/wp\/v2\/comments?post=14005"}],"version-history":[{"count":0,"href":"http:\/\/www.justicepaix.be\/en\/wp-json\/wp\/v2\/posts\/14005\/revisions"}],"wp:featuredmedia":[{"embeddable":true,"href":"http:\/\/www.justicepaix.be\/en\/wp-json\/wp\/v2\/media\/14004"}],"wp:attachment":[{"href":"http:\/\/www.justicepaix.be\/en\/wp-json\/wp\/v2\/media?parent=14005"}],"wp:term":[{"taxonomy":"category","embeddable":true,"href":"http:\/\/www.justicepaix.be\/en\/wp-json\/wp\/v2\/categories?post=14005"},{"taxonomy":"post_tag","embeddable":true,"href":"http:\/\/www.justicepaix.be\/en\/wp-json\/wp\/v2\/tags?post=14005"}],"curies":[{"name":"wp","href":"https:\/\/api.w.org\/{rel}","templated":true}]}}