{"id":13997,"date":"2015-12-17T14:45:17","date_gmt":"2015-12-17T14:45:17","guid":{"rendered":"https:\/\/demop.netbaz.be\/2021\/jp\/2015\/12\/17\/democratie-quand-le-citoyen-participe\/"},"modified":"2021-04-14T11:47:58","modified_gmt":"2021-04-14T11:47:58","slug":"democratie-quand-le-citoyen-participe","status":"publish","type":"post","link":"http:\/\/www.justicepaix.be\/en\/democratie-quand-le-citoyen-participe\/","title":{"rendered":"Democracy: when the citizen participates!"},"content":{"rendered":"\n\n<p class=\"post_excerpt\">Au c\u0153ur des d\u00e9bats, la d\u00e9mocratie telle qu\u2019elle s\u2019exerce aujourd\u2019hui d\u00e9\u00e7oit. Existe-t-il un mod\u00e8le qui r\u00e9ponde davantage aux attentes du citoyen? Faut-il penser une forme nouvelle de d\u00e9mocratie pour que le citoyen participe vraiment \u00e0 la chose publique?<\/p>\n\n\n<!--more-->\n<bloc> Quelle d\u00e9mocratie en crise ?\n\nA l\u2019heure actuelle, tout le monde s\u2019accorde sur la d\u00e9finition de la d\u00e9mocratie en tant que syst\u00e8me de gestion efficace de la chose publique <span class=\"footnote_referrer\"><a role=\"button\" tabindex=\"0\" onclick=\"footnote_moveToReference_13997_1('footnote_plugin_reference_13997_1_1');\" onkeypress=\"footnote_moveToReference_13997_1('footnote_plugin_reference_13997_1_1');\" ><sup id=\"footnote_plugin_tooltip_13997_1_1\" class=\"footnote_plugin_tooltip_text\">[1]<\/sup><\/a><span id=\"footnote_plugin_tooltip_text_13997_1_1\" class=\"footnote_tooltip\">La d\u00e9mocratie est \u201cun syst\u00e8me politique, dans lequel la  souverainet\u00e9 \u00e9mane du peuple\u201d, voir Dictionnaire LAROUSSE \u2009.<\/span><\/span><script type=\"text\/javascript\"> jQuery('#footnote_plugin_tooltip_13997_1_1').tooltip({ tip: '#footnote_plugin_tooltip_text_13997_1_1', tipClass: 'footnote_tooltip', effect: 'fade', predelay: 0, fadeInSpeed: 200, delay: 400, fadeOutSpeed: 200, position: 'top center', relative: true, offset: [-7, 0], });<\/script> N\u00e9anmoins, ses pratiques, ses formes, ses repr\u00e9sentants ainsi que la l\u00e9gitimit\u00e9 des d\u00e9cisions qui en \u00e9manent sont questionn\u00e9s.\n\nLa d\u00e9mocratie repr\u00e9sentative, forme aujourd\u2019hui mise en \u0153uvre, est donc au c\u0153ur des d\u00e9bats et suscite tant\u00f4t inconfort ; m\u00e9fiance ; voire une fatigue d\u00e9mocratique. Le S\u00e9nat de Belgique a d\u2019ailleurs organis\u00e9 en septembre 2015 un colloque sur \u201cD\u00e9mocratie repr\u00e9sentative : vers la fin d\u2019un mod\u00e8le?\u201d, signe que le sujet est d\u2019actualit\u00e9 et pose question <span class=\"footnote_referrer\"><a role=\"button\" tabindex=\"0\" onclick=\"footnote_moveToReference_13997_1('footnote_plugin_reference_13997_1_2');\" onkeypress=\"footnote_moveToReference_13997_1('footnote_plugin_reference_13997_1_2');\" ><sup id=\"footnote_plugin_tooltip_13997_1_2\" class=\"footnote_plugin_tooltip_text\">[2]<\/sup><\/a><span id=\"footnote_plugin_tooltip_text_13997_1_2\" class=\"footnote_tooltip\">Colloque \u201cD\u00e9mocratie repr\u00e9sentative : vers la fin d\u2019un mod\u00e8le? Diagnostics et rem\u00e8des\u201d, organis\u00e9 par le S\u00e9nat de Belgique,  22 septembre 2015. <\/span><\/span><script type=\"text\/javascript\"> jQuery('#footnote_plugin_tooltip_13997_1_2').tooltip({ tip: '#footnote_plugin_tooltip_text_13997_1_2', tipClass: 'footnote_tooltip', effect: 'fade', predelay: 0, fadeInSpeed: 200, delay: 400, fadeOutSpeed: 200, position: 'top center', relative: true, offset: [-7, 0], });<\/script>\n\n<strong>Un inconfort\u2026<\/strong>\n\nIl existe un inconfort, selon Pierre Verjans <span class=\"footnote_referrer\"><a role=\"button\" tabindex=\"0\" onclick=\"footnote_moveToReference_13997_1('footnote_plugin_reference_13997_1_3');\" onkeypress=\"footnote_moveToReference_13997_1('footnote_plugin_reference_13997_1_3');\" ><sup id=\"footnote_plugin_tooltip_13997_1_3\" class=\"footnote_plugin_tooltip_text\">[3]<\/sup><\/a><span id=\"footnote_plugin_tooltip_text_13997_1_3\" class=\"footnote_tooltip\">Colloque \u201cD\u00e9mocratie repr\u00e9sentative : vers la fin d\u2019un mod\u00e8le? Diagnostics et rem\u00e8des\u201d, organis\u00e9 par le S\u00e9nat de Belgique,  22 septembre 2015.<\/span><\/span><script type=\"text\/javascript\"> jQuery('#footnote_plugin_tooltip_13997_1_3').tooltip({ tip: '#footnote_plugin_tooltip_text_13997_1_3', tipClass: 'footnote_tooltip', effect: 'fade', predelay: 0, fadeInSpeed: 200, delay: 400, fadeOutSpeed: 200, position: 'top center', relative: true, offset: [-7, 0], });<\/script>\u2009, dans la notion m\u00eame de repr\u00e9sentation. En effet, le fait m\u00eame qu\u2019un \u00e9lu repr\u00e9sente le peuple signifie de prendre des d\u00e9cisions \u00e0 sa place, ce qui le rend diff\u00e9rent du peuple de par son pouvoir. Alors que l\u2019int\u00e9r\u00eat du citoyen pour la politique augmente, une frustration se fait sentir chez lui, car il per\u00e7oit un \u00e9cart entre ce qu\u2019il pense et ce que le politique d\u00e9cide. \n\n<strong>Une m\u00e9fiance\u2026<\/strong>\n\nPour le citoyen, le politique ne peut plus se retrancher derri\u00e8re les \u00e9lections. L\u2019\u00e9lu parce qu\u2019il est \u00e9lu n\u2019a pas pour autant un avis plus \u00e9clair\u00e9 que le citoyen lambda. De plus, deux postures du politique accentuent cette perte de confiance. La premi\u00e8re est la posture d\u2019\u00e9vitement du politique qui est peu \u00e0 m\u00eame d\u2019expliquer et de justifier son positionnement devant le citoyen en attente. La deuxi\u00e8me est celle de surplomb qui r\u00e9sulte de la volont\u00e9 de certains \u00e9lus de clore le d\u00e9bat au nom d\u2019une repr\u00e9sentativit\u00e9 qui suffirait \u00e0 les rendre l\u00e9gitimes.\n\n<strong>Une fatigue d\u00e9mocratique\u2026<\/strong>\n\nDavid Van Reybrouck <span class=\"footnote_referrer\"><a role=\"button\" tabindex=\"0\" onclick=\"footnote_moveToReference_13997_1('footnote_plugin_reference_13997_1_4');\" onkeypress=\"footnote_moveToReference_13997_1('footnote_plugin_reference_13997_1_4');\" ><sup id=\"footnote_plugin_tooltip_13997_1_4\" class=\"footnote_plugin_tooltip_text\">[4]<\/sup><\/a><span id=\"footnote_plugin_tooltip_text_13997_1_4\" class=\"footnote_tooltip\">VAN REYBROUCK David (2014), \u201cContre les \u00e9lections\u201d,  BABEL, France.<\/span><\/span><script type=\"text\/javascript\"> jQuery('#footnote_plugin_tooltip_13997_1_4').tooltip({ tip: '#footnote_plugin_tooltip_text_13997_1_4', tipClass: 'footnote_tooltip', effect: 'fade', predelay: 0, fadeInSpeed: 200, delay: 400, fadeOutSpeed: 200, position: 'top center', relative: true, offset: [-7, 0], });<\/script>\u2009 la justifie par une crise de l\u00e9gitimit\u00e9 et d\u2019efficacit\u00e9 de la d\u00e9mocratie. La crise de l\u00e9gitimit\u00e9 se per\u00e7oit dans le taux croissant d\u2019abstentions au vote \u2013 pourtant obligatoire en Belgique. Aussi, les \u00e9lecteurs montrent moins de loyaut\u00e9 \u00e0 un seul et m\u00eame parti et adh\u00e8rent moins aux partis politiques, organes m\u00eame du syst\u00e8me d\u00e9mocratique. \n\nLa crise de l\u2019efficacit\u00e9, elle, porte sur la longueur de la mise en place d\u2019actions publiques, l\u2019impuissance administrative, la peur des politiques d\u2019\u00e9chouer aux \u00e9lections et leur besoin permanent de se faire remarquer. \n\n<strong>Des mouvements citoyens<\/strong>\n\nFace \u00e0 ces deux crises, certains citoyens se sentent impuissants et de moins en moins convaincus de leur capacit\u00e9 \u00e0 participer \u00e0 un quelconque changement social. En r\u00e9ponse \u00e0 cette impuissance, une s\u00e9rie d\u2019initiatives citoyennes ont germ\u00e9 ces derni\u00e8res ann\u00e9es. Nous y retrouvons des mouvements \u00e0 la recherche de sens, de d\u00e9mocratie, d\u2019alternatives au syst\u00e8me actuel. Le mouvement Tout autre chose, le r\u00e9seau ADES, Roosevelt\u2026 font partie de ces initiatives. Pas forc\u00e9ment sur le volet politique, il s\u2019agit surtout de citoyens d\u00e9sireux de participer activement \u00e0 la construction d\u2019un nouveau monde gr\u00e2ce \u00e0 l\u2019exercice de modes de fonctionnement d\u00e9mocratiques diff\u00e9rents, ouvrant ainsi la porte sur une nouvelle forme de d\u00e9mocratie. Face aux carences du politique, ils am\u00e8nent des propositions concr\u00e8tes. Par exemple, la Plateforme de soutien aux r\u00e9fugi\u00e9s <span class=\"footnote_referrer\"><a role=\"button\" tabindex=\"0\" onclick=\"footnote_moveToReference_13997_1('footnote_plugin_reference_13997_1_5');\" onkeypress=\"footnote_moveToReference_13997_1('footnote_plugin_reference_13997_1_5');\" ><sup id=\"footnote_plugin_tooltip_13997_1_5\" class=\"footnote_plugin_tooltip_text\">[5]<\/sup><\/a><span id=\"footnote_plugin_tooltip_text_13997_1_5\" class=\"footnote_tooltip\">Alors que des populations, victimes de guerre, \u00e9taient sur les routes vers l\u2019Europe, Th\u00e9o Francken a d\u00e9cid\u00e9 d\u2019\u00e9liminer plus d\u2019un millier de places dans les centres d\u2019accueil en juillet&nbsp;&#x2026; <span class=\"footnote_tooltip_continue\"  onclick=\"footnote_moveToReference_13997_1('footnote_plugin_reference_13997_1_5');\">Continuer la lecture<\/span><\/span><\/span><script type=\"text\/javascript\"> jQuery('#footnote_plugin_tooltip_13997_1_5').tooltip({ tip: '#footnote_plugin_tooltip_text_13997_1_5', tipClass: 'footnote_tooltip', effect: 'fade', predelay: 0, fadeInSpeed: 200, delay: 400, fadeOutSpeed: 200, position: 'top center', relative: true, offset: [-7, 0], });<\/script>\u2009, pour r\u00e9pondre \u00e0 une certaine n\u00e9gligence du politique, a coordonn\u00e9 des actions citoyennes pour pr\u00eater du mat\u00e9riel, h\u00e9berger un r\u00e9fugi\u00e9, apporter l\u2019aide, mobiliser le politique.\n<\/bloc>\n\n<bloc> Des alternatives au syst\u00e8me repr\u00e9sentatif\n\nPour certains politiques, les \u00e9lections sont le mode exclusif de la participation citoyenne \u00e0 la vie politique et publique. Ils voient alors dans la d\u00e9mocratie participative une menace au bon fonctionnement de la d\u00e9mocratie actuelle et avancent le risque du populisme, la difficult\u00e9 de comprendre des dossiers complexes et, la crainte de l\u2019amateurisme. \n\nPourtant, si nous pensons que la d\u00e9mocratie est un gouvernement du peuple, par le peuple et pour le peuple <span class=\"footnote_referrer\"><a role=\"button\" tabindex=\"0\" onclick=\"footnote_moveToReference_13997_1('footnote_plugin_reference_13997_1_6');\" onkeypress=\"footnote_moveToReference_13997_1('footnote_plugin_reference_13997_1_6');\" ><sup id=\"footnote_plugin_tooltip_13997_1_6\" class=\"footnote_plugin_tooltip_text\">[6]<\/sup><\/a><span id=\"footnote_plugin_tooltip_text_13997_1_6\" class=\"footnote_tooltip\">Inspir\u00e9 du discours de Gettysburg en 1863 par Abraham Lincoln.<\/span><\/span><script type=\"text\/javascript\"> jQuery('#footnote_plugin_tooltip_13997_1_6').tooltip({ tip: '#footnote_plugin_tooltip_text_13997_1_6', tipClass: 'footnote_tooltip', effect: 'fade', predelay: 0, fadeInSpeed: 200, delay: 400, fadeOutSpeed: 200, position: 'top center', relative: true, offset: [-7, 0], });<\/script>\u2009, les \u00e9lections ne permettent pas totalement aux citoyens de se gouverner pour et par eux-m\u00eames. Pour amener une r\u00e9elle participation des citoyens \u00e0 la chose publique, la d\u00e9mocratie participative est bel et bien une alternative.\n\n<strong>Participation contr\u00f4l\u00e9e des citoyens<\/strong>\n\nDes \u00e9lus et instances repr\u00e9sentatives, conscients de la frustration citoyenne, proposent des formes de participation de type top down, autrement dit des actions organis\u00e9es par le pouvoir public. Par exemple, nous retrouvons l\u2019id\u00e9e de r\u00e9f\u00e9rendum. Les communes encouragent aussi la participation de la population en leur fournissant des informations ou en l\u2019incitant \u00e0 contribuer \u00e0 des groupes de travail sur la vie communale.\n\nM\u00eame si ces mesures renforcent la proximit\u00e9 entre \u00e9lus et citoyens, rendent des d\u00e9cisions plus rationnelles, efficaces et, am\u00e8nent plus de justice sociale, elles restent insuffisantes. En effet, le citoyen reste \u00e0 l\u2019\u00e9cart et le pouvoir d\u00e9cisionnel continue d\u2019appartenir aux \u00e9lus. Les processus participatifs visent non pas \u00e0 renverser la pyramide de l\u2019organisation politique mais plut\u00f4t \u201c \u00e0 activer de meilleurs allers-retours en termes de fr\u00e9quence, de quantit\u00e9, de qualit\u00e9 entre le sommet et la base.\u201d\u2009<span class=\"footnote_referrer\"><a role=\"button\" tabindex=\"0\" onclick=\"footnote_moveToReference_13997_1('footnote_plugin_reference_13997_1_7');\" onkeypress=\"footnote_moveToReference_13997_1('footnote_plugin_reference_13997_1_7');\" ><sup id=\"footnote_plugin_tooltip_13997_1_7\" class=\"footnote_plugin_tooltip_text\">[7]<\/sup><\/a><span id=\"footnote_plugin_tooltip_text_13997_1_7\" class=\"footnote_tooltip\">SERON A. (2005), \u201cCitoyennet\u00e9 et participation: un mariage de raisons\u201d, Politique, hors-s\u00e9rie n\u00b03, G\u00e9rons la ville nous-m\u00eames, pp. 6-7.<\/span><\/span><script type=\"text\/javascript\"> jQuery('#footnote_plugin_tooltip_13997_1_7').tooltip({ tip: '#footnote_plugin_tooltip_text_13997_1_7', tipClass: 'footnote_tooltip', effect: 'fade', predelay: 0, fadeInSpeed: 200, delay: 400, fadeOutSpeed: 200, position: 'top center', relative: true, offset: [-7, 0], });<\/script>Nous nous demandons alors si ce genre d\u2019initiative se r\u00e9alise au nom d\u2019une envie r\u00e9elle de faire participer le citoyen aux d\u00e9cisions, ou simplement pour r\u00e9duire la d\u00e9fiance et montrer une nouvelle image de la politique.\n\n<strong>Tirage au sort<\/strong>\n\nVan Reybrouck\u2009 <span class=\"footnote_referrer\"><a role=\"button\" tabindex=\"0\" onclick=\"footnote_moveToReference_13997_1('footnote_plugin_reference_13997_1_8');\" onkeypress=\"footnote_moveToReference_13997_1('footnote_plugin_reference_13997_1_8');\" ><sup id=\"footnote_plugin_tooltip_13997_1_8\" class=\"footnote_plugin_tooltip_text\">[8]<\/sup><\/a><span id=\"footnote_plugin_tooltip_text_13997_1_8\" class=\"footnote_tooltip\">VAN REYBROUCK David (2014), op.cit.<\/span><\/span><script type=\"text\/javascript\"> jQuery('#footnote_plugin_tooltip_13997_1_8').tooltip({ tip: '#footnote_plugin_tooltip_text_13997_1_8', tipClass: 'footnote_tooltip', effect: 'fade', predelay: 0, fadeInSpeed: 200, delay: 400, fadeOutSpeed: 200, position: 'top center', relative: true, offset: [-7, 0], });<\/script> encourage \u00e0 fonder un syst\u00e8me alliant tirage au sort et \u00e9lection. Le tirage au sort contrerait les failles des \u00e9lections et il permettrait alors une participation de tous. Il am\u00e8nerait une proc\u00e9dure neutre permettant de r\u00e9partir les chances politiques \u00e9quitablement et d\u2019\u00e9viter les d\u00e9saccords, de dissiper la fi\u00e8vre \u00e9lectorale et de mettre l\u2019attention sur le bien commun. Au niveau des publics, ce genre de dispositif encouragerait les citoyens actifs, ainsi que ceux qui ne se sentent pas forc\u00e9ment comp\u00e9tents, \u00e0 participer. \n\nPar exemple en Irlande, le gouvernement a invit\u00e9 les citoyens \u00e0 r\u00e9\u00e9crire des articles de la Constitution. Le tirage au sort s\u2019est fait en trois \u00e9tapes. La premi\u00e8re \u00e9tape est le tirage al\u00e9atoire des citoyens du pays. La deuxi\u00e8me permet aux citoyens s\u00e9lectionn\u00e9s de montrer leur souhait de participer. La troisi\u00e8me est le nouveau tirage au sort des candidats. Le processus dura pr\u00e8s d\u2019une ann\u00e9e, entre des moments d\u2019information pour comprendre les enjeux de la th\u00e9matique trait\u00e9e et d\u2019autres de prise de d\u00e9cision.\n<\/bloc>\n\n<bloc> Participation effective, au c\u0153ur du changement\n\nPour penser une r\u00e9elle participation du citoyen, il est n\u00e9cessaire d\u2019amener un changement pertinent. Tout d\u2019abord, s\u2019il est d\u00e9cid\u00e9 de laisser place \u00e0 la d\u00e9mocratie d\u2019\u00e9levage, proc\u00e9dure insuffl\u00e9e par les pouvoirs publics qui ajoute une dimension de participation au mod\u00e8le de repr\u00e9sentation, l\u2019articulation entre ces deux formes doit \u00eatre effective. Comme sugg\u00e9r\u00e9 plus haut, les dispositifs de participation port\u00e9s par le politique doivent \u00eatre exerc\u00e9s \u00e0 certaines conditions.\n\nPour ouvrir le jeu d\u00e9mocratique, il est n\u00e9cessaire que le politique pr\u00e9cise l\u2019objet de la participation et la qualit\u00e9 de la proc\u00e9dure. De quelle mani\u00e8re, lorsqu\u2019il implique le citoyen, son avis est-il pris en compte et ce, \u00e0 tous niveaux de d\u00e9cision ? Comment les opinions divergentes des citoyens et \u00e9lus sont-elles arbitr\u00e9es? Quels sont les crit\u00e8res pour justifier la prise en compte de telle ou telle position pour prendre une d\u00e9cision?\n\nSelon la Commission Justice et Paix, les changements ne proviendront de la base que si elle participe aux \u00e9volutions plut\u00f4t que de les subir. La d\u00e9mocratie ne peut \u00eatre une formalit\u00e9 et se limiter au vote, il est n\u00e9cessaire que le citoyen s\u2019approprie et que lui soit donn\u00e9 du pouvoir pour qu\u2019il puisse r\u00e9ellement influencer et participer aux structures sociale, \u00e9conomique, politique qui l\u2019entourent. Il est important de reconna\u00eetre les diff\u00e9rents savoirs, de les mutualiser afin que chacun puisse apporter un \u00e9clairage aux choses publiques, amenant ainsi une d\u00e9mocratie constructive. \n\nEnfin, comme le sugg\u00e8re Damay\u2009<span class=\"footnote_referrer\"><a role=\"button\" tabindex=\"0\" onclick=\"footnote_moveToReference_13997_1('footnote_plugin_reference_13997_1_9');\" onkeypress=\"footnote_moveToReference_13997_1('footnote_plugin_reference_13997_1_9');\" ><sup id=\"footnote_plugin_tooltip_13997_1_9\" class=\"footnote_plugin_tooltip_text\">[9]<\/sup><\/a><span id=\"footnote_plugin_tooltip_text_13997_1_9\" class=\"footnote_tooltip\">Colloque \u201cD\u00e9mocratie repr\u00e9sentative : vers la fin d\u2019un mod\u00e8le? Diagnostics et rem\u00e8des\u201d, organis\u00e9 par le  S\u00e9nat de Belgique, 22 septembre 2015.<\/span><\/span><script type=\"text\/javascript\"> jQuery('#footnote_plugin_tooltip_13997_1_9').tooltip({ tip: '#footnote_plugin_tooltip_text_13997_1_9', tipClass: 'footnote_tooltip', effect: 'fade', predelay: 0, fadeInSpeed: 200, delay: 400, fadeOutSpeed: 200, position: 'top center', relative: true, offset: [-7, 0], });<\/script> , il est aussi important de ne pas oublier la d\u00e9mocratie sauvage, dynamique spontan\u00e9e qui vient de la soci\u00e9t\u00e9, des citoyens. M\u00eame si elle peut perturber le ronronnement de la politique repr\u00e9sentative, elle peut assurer la vivacit\u00e9 d\u2019une autre d\u00e9mocratie, celle de l\u2019interaction. Fasse que le politique puisse reconna\u00eetre le sympt\u00f4me de cette faiblesse d\u00e9mocratique, assumer le r\u00f4le que prennent ces mouvements comme Ades, Tout autre chose, Roosevelt et encourager leur investissement pour plus de solidarit\u00e9, de coop\u00e9ration, d\u2019\u00e9coute\u2026 et leur permettre de prendre une responsabilit\u00e9 politique.\n\n\n<strong>Implantation d\u2019un centre de r\u00e9fugi\u00e9s \u00e0 Thy-le-Ch\u00e2teau : \nquelle r\u00e9elle participation du citoyen ?\n<\/strong>\n\nSuite \u00e0 une d\u00e9cision du gouvernement f\u00e9d\u00e9ral, un centre F\u00e9dasil ouvre ses portes \u00e0 Thy\u2013le Ch\u00e2teau en novembre 2015. La commune, \u00e9tant l\u2019instance la plus proche des citoyens, est amen\u00e9e \u00e0 r\u00e9aliser une r\u00e9union d\u2019information. M\u00e9contents de ne pas avoir \u00e9t\u00e9 consult\u00e9s, les citoyens montrent leur frustration et leur m\u00e9fiance envers le politique. \n\nAlors que la politique laisse croire \u00e0 une participation des citoyens, cette d\u00e9cision du gouvernement montre bien les limites de la d\u00e9mocratie repr\u00e9sentative qui restreint souvent la participation \u00e0 des enjeux minimes (infrastructures, comit\u00e9 de quartier, etc.) ou \u00e0 de l\u2019informationnel. \n<strong>A.Culin<\/strong>\n\n\n\n<strong>Ils veulent \u201c Tout Autre Chose\u201d<\/strong>\n\nFace \u00e0 l\u2019aust\u00e9rit\u00e9, les fissures dans la coh\u00e9sion sociale, la crise sociale et \u00e9cologique, Tout Autre Chose, et Hart boven Hard, son homologue en Flandre, forment un mouvement jeune et belge, r\u00e9unissant des citoyens et des associations de tous horizons \u2013 femmes, hommes, jeunes, et moins jeunes \u2013 dans l\u2019espoir de construire des alternatives citoyennes au mod\u00e8le de soci\u00e9t\u00e9 dominant. \n\nLe mouvement s\u2019est donn\u00e9 comme objectif premier de construire petit \u00e0 petit une soci\u00e9t\u00e9 d\u00e9mocratique, juste, \u00e9cologique, \u00e9galitaire et \u00e9mancipatrice, en valorisant le d\u00e9bat citoyen et critique. Il oeuvre pour un changement de culture, en repensant les valeurs dominantes et en devenant un relais entre les luttes et les personnes afin de tisser davantage de liens solidaires. \nwww.toutautrechose.be\n<strong>A. Ocampo<\/strong>\n\n<\/bloc>\n\n<strong>Alexandra Culin<\/strong>\n\n\n\n<h2 class=\"wp-block-heading\">Documents joints<\/h2>\n\n\n\n<div class=\"wp-block-file\"><a href=\"http:\/\/demop.netbaz.be\/2021\/jp\/wp-content\/uploads\/2015\/12\/pdf_2015_analyse_-_democratie_quand_le_citoyen_participe.pdf\">D\u00e9mocratie : quand le citoyen participe!<\/a><\/div>\n\n\n<div class=\"speaker-mute footnotes_reference_container\"> <div class=\"footnote_container_prepare\"><p><span role=\"button\" tabindex=\"0\" class=\"footnote_reference_container_label pointer\" onclick=\"footnote_expand_collapse_reference_container_13997_1();\">Notes<\/span><span role=\"button\" tabindex=\"0\" class=\"footnote_reference_container_collapse_button\" style=\"display: none;\" onclick=\"footnote_expand_collapse_reference_container_13997_1();\">[<a id=\"footnote_reference_container_collapse_button_13997_1\">+<\/a>]<\/span><\/p><\/div> <div id=\"footnote_references_container_13997_1\" style=\"\"><table class=\"footnotes_table footnote-reference-container\"><caption class=\"accessibility\">Notes<\/caption> <tbody> \r\n\r\n<tr class=\"footnotes_plugin_reference_row\"> <th scope=\"row\" id=\"footnote_plugin_reference_13997_1_1\" class=\"footnote_plugin_index pointer\" onclick=\"footnote_moveToAnchor_13997_1('footnote_plugin_tooltip_13997_1_1');\"><a role=\"button\" tabindex=\"0\" class=\"footnote_plugin_link\" ><span class=\"footnote_index_arrow\">&#8593;<\/span>1<\/a><\/th> <td class=\"footnote_plugin_text\">La d\u00e9mocratie est \u201cun syst\u00e8me politique, dans lequel la  souverainet\u00e9 \u00e9mane du peuple\u201d, voir Dictionnaire LAROUSSE \u2009.<\/td><\/tr>\r\n\r\n<tr class=\"footnotes_plugin_reference_row\"> <th scope=\"row\" id=\"footnote_plugin_reference_13997_1_2\" class=\"footnote_plugin_index pointer\" onclick=\"footnote_moveToAnchor_13997_1('footnote_plugin_tooltip_13997_1_2');\"><a role=\"button\" tabindex=\"0\" class=\"footnote_plugin_link\" ><span class=\"footnote_index_arrow\">&#8593;<\/span>2<\/a><\/th> <td class=\"footnote_plugin_text\">Colloque \u201cD\u00e9mocratie repr\u00e9sentative : vers la fin d\u2019un mod\u00e8le? Diagnostics et rem\u00e8des\u201d, organis\u00e9 par le S\u00e9nat de Belgique,  22 septembre 2015. <\/td><\/tr>\r\n\r\n<tr class=\"footnotes_plugin_reference_row\"> <th scope=\"row\" id=\"footnote_plugin_reference_13997_1_3\" class=\"footnote_plugin_index pointer\" onclick=\"footnote_moveToAnchor_13997_1('footnote_plugin_tooltip_13997_1_3');\"><a role=\"button\" tabindex=\"0\" class=\"footnote_plugin_link\" ><span class=\"footnote_index_arrow\">&#8593;<\/span>3<\/a><\/th> <td class=\"footnote_plugin_text\">Colloque \u201cD\u00e9mocratie repr\u00e9sentative : vers la fin d\u2019un mod\u00e8le? Diagnostics et rem\u00e8des\u201d, organis\u00e9 par le S\u00e9nat de Belgique,  22 septembre 2015.<\/td><\/tr>\r\n\r\n<tr class=\"footnotes_plugin_reference_row\"> <th scope=\"row\" id=\"footnote_plugin_reference_13997_1_4\" class=\"footnote_plugin_index pointer\" onclick=\"footnote_moveToAnchor_13997_1('footnote_plugin_tooltip_13997_1_4');\"><a role=\"button\" tabindex=\"0\" class=\"footnote_plugin_link\" ><span class=\"footnote_index_arrow\">&#8593;<\/span>4<\/a><\/th> <td class=\"footnote_plugin_text\">VAN REYBROUCK David (2014), \u201cContre les \u00e9lections\u201d,  BABEL, France.<\/td><\/tr>\r\n\r\n<tr class=\"footnotes_plugin_reference_row\"> <th scope=\"row\" id=\"footnote_plugin_reference_13997_1_5\" class=\"footnote_plugin_index pointer\" onclick=\"footnote_moveToAnchor_13997_1('footnote_plugin_tooltip_13997_1_5');\"><a role=\"button\" tabindex=\"0\" class=\"footnote_plugin_link\" ><span class=\"footnote_index_arrow\">&#8593;<\/span>5<\/a><\/th> <td class=\"footnote_plugin_text\">Alors que des populations, victimes de guerre, \u00e9taient sur les routes vers l\u2019Europe, Th\u00e9o Francken a d\u00e9cid\u00e9 d\u2019\u00e9liminer plus d\u2019un millier de places dans les centres d\u2019accueil en juillet dernier. \u201cDes centaines de candidats \u00e0 l\u2019asile se sont retrouv\u00e9s sans logement et sans assistance en attendant de pouvoir \u00eatre re\u00e7us par l\u2019Office des Etrangers.\u201d Suite \u00e0 ces \u00e9v\u00e8nements, le mouvement citoyen s\u2019est cr\u00e9\u00e9 en septembre. Plus d\u2019informations sur : <a href=\"http:\/\/www.bxlrefugees.be\/qui-sommes-nous\/\">www.bxlrefugees.be<\/a><\/td><\/tr>\r\n\r\n<tr class=\"footnotes_plugin_reference_row\"> <th scope=\"row\" id=\"footnote_plugin_reference_13997_1_6\" class=\"footnote_plugin_index pointer\" onclick=\"footnote_moveToAnchor_13997_1('footnote_plugin_tooltip_13997_1_6');\"><a role=\"button\" tabindex=\"0\" class=\"footnote_plugin_link\" ><span class=\"footnote_index_arrow\">&#8593;<\/span>6<\/a><\/th> <td class=\"footnote_plugin_text\">Inspir\u00e9 du discours de Gettysburg en 1863 par Abraham Lincoln.<\/td><\/tr>\r\n\r\n<tr class=\"footnotes_plugin_reference_row\"> <th scope=\"row\" id=\"footnote_plugin_reference_13997_1_7\" class=\"footnote_plugin_index pointer\" onclick=\"footnote_moveToAnchor_13997_1('footnote_plugin_tooltip_13997_1_7');\"><a role=\"button\" tabindex=\"0\" class=\"footnote_plugin_link\" ><span class=\"footnote_index_arrow\">&#8593;<\/span>7<\/a><\/th> <td class=\"footnote_plugin_text\">SERON A. (2005), \u201cCitoyennet\u00e9 et participation: un mariage de raisons\u201d, Politique, hors-s\u00e9rie n\u00b03, G\u00e9rons la ville nous-m\u00eames, pp. 6-7.<\/td><\/tr>\r\n\r\n<tr class=\"footnotes_plugin_reference_row\"> <th scope=\"row\" id=\"footnote_plugin_reference_13997_1_8\" class=\"footnote_plugin_index pointer\" onclick=\"footnote_moveToAnchor_13997_1('footnote_plugin_tooltip_13997_1_8');\"><a role=\"button\" tabindex=\"0\" class=\"footnote_plugin_link\" ><span class=\"footnote_index_arrow\">&#8593;<\/span>8<\/a><\/th> <td class=\"footnote_plugin_text\">VAN REYBROUCK David (2014), op.cit.<\/td><\/tr>\r\n\r\n<tr class=\"footnotes_plugin_reference_row\"> <th scope=\"row\" id=\"footnote_plugin_reference_13997_1_9\" class=\"footnote_plugin_index pointer\" onclick=\"footnote_moveToAnchor_13997_1('footnote_plugin_tooltip_13997_1_9');\"><a role=\"button\" tabindex=\"0\" class=\"footnote_plugin_link\" ><span class=\"footnote_index_arrow\">&#8593;<\/span>9<\/a><\/th> <td class=\"footnote_plugin_text\">Colloque \u201cD\u00e9mocratie repr\u00e9sentative : vers la fin d\u2019un mod\u00e8le? Diagnostics et rem\u00e8des\u201d, organis\u00e9 par le  S\u00e9nat de Belgique, 22 septembre 2015.<\/td><\/tr>\r\n\r\n <\/tbody> <\/table> <\/div><\/div><script type=\"text\/javascript\"> function footnote_expand_reference_container_13997_1() { jQuery('#footnote_references_container_13997_1').show(); jQuery('#footnote_reference_container_collapse_button_13997_1').text('\u2212'); } function footnote_collapse_reference_container_13997_1() { jQuery('#footnote_references_container_13997_1').hide(); jQuery('#footnote_reference_container_collapse_button_13997_1').text('+'); } function footnote_expand_collapse_reference_container_13997_1() { if (jQuery('#footnote_references_container_13997_1').is(':hidden')) { footnote_expand_reference_container_13997_1(); } else { footnote_collapse_reference_container_13997_1(); } } function footnote_moveToReference_13997_1(p_str_TargetID) { footnote_expand_reference_container_13997_1(); var l_obj_Target = jQuery('#' + p_str_TargetID); if (l_obj_Target.length) { jQuery( 'html, body' ).delay( 0 ); jQuery('html, body').animate({ scrollTop: l_obj_Target.offset().top - window.innerHeight * 0.2 }, 380); } } function footnote_moveToAnchor_13997_1(p_str_TargetID) { footnote_expand_reference_container_13997_1(); var l_obj_Target = jQuery('#' + p_str_TargetID); if (l_obj_Target.length) { jQuery( 'html, body' ).delay( 0 ); jQuery('html, body').animate({ scrollTop: l_obj_Target.offset().top - window.innerHeight * 0.2 }, 380); } }<\/script>","protected":false},"excerpt":{"rendered":"<p>Au c\u0153ur des d\u00e9bats, la d\u00e9mocratie telle qu\u2019elle s\u2019exerce aujourd\u2019hui d\u00e9\u00e7oit. Existe-t-il un mod\u00e8le qui r\u00e9ponde davantage aux attentes du citoyen? Faut-il penser une forme nouvelle de d\u00e9mocratie pour que le citoyen participe vraiment \u00e0 la chose publique?<\/p>","protected":false},"author":57,"featured_media":13996,"comment_status":"closed","ping_status":"open","sticky":false,"template":"","format":"standard","meta":{"_acf_changed":false,"_seopress_robots_primary_cat":"","_seopress_titles_title":"","_seopress_titles_desc":"","_seopress_robots_index":"","footnotes":""},"categories":[2722],"tags":[2809,2795,2802,2835,2803],"class_list":["post-13997","post","type-post","status-publish","format-standard","has-post-thumbnail","hentry","category-articles-nos-publications","tag-actions-citoyennes","tag-article","tag-bonne-gouvernance","tag-democratie","tag-elections"],"acf":[],"_links":{"self":[{"href":"http:\/\/www.justicepaix.be\/en\/wp-json\/wp\/v2\/posts\/13997","targetHints":{"allow":["GET"]}}],"collection":[{"href":"http:\/\/www.justicepaix.be\/en\/wp-json\/wp\/v2\/posts"}],"about":[{"href":"http:\/\/www.justicepaix.be\/en\/wp-json\/wp\/v2\/types\/post"}],"author":[{"embeddable":true,"href":"http:\/\/www.justicepaix.be\/en\/wp-json\/wp\/v2\/users\/57"}],"replies":[{"embeddable":true,"href":"http:\/\/www.justicepaix.be\/en\/wp-json\/wp\/v2\/comments?post=13997"}],"version-history":[{"count":0,"href":"http:\/\/www.justicepaix.be\/en\/wp-json\/wp\/v2\/posts\/13997\/revisions"}],"wp:featuredmedia":[{"embeddable":true,"href":"http:\/\/www.justicepaix.be\/en\/wp-json\/wp\/v2\/media\/13996"}],"wp:attachment":[{"href":"http:\/\/www.justicepaix.be\/en\/wp-json\/wp\/v2\/media?parent=13997"}],"wp:term":[{"taxonomy":"category","embeddable":true,"href":"http:\/\/www.justicepaix.be\/en\/wp-json\/wp\/v2\/categories?post=13997"},{"taxonomy":"post_tag","embeddable":true,"href":"http:\/\/www.justicepaix.be\/en\/wp-json\/wp\/v2\/tags?post=13997"}],"curies":[{"name":"wp","href":"https:\/\/api.w.org\/{rel}","templated":true}]}}