{"id":13619,"date":"2015-09-21T10:33:47","date_gmt":"2015-09-21T10:33:47","guid":{"rendered":"https:\/\/demop.netbaz.be\/2021\/jp\/2015\/09\/21\/podemos-un-espoir-pour-une-europe-en-crise\/"},"modified":"2021-04-14T11:47:38","modified_gmt":"2021-04-14T11:47:38","slug":"podemos-un-espoir-pour-une-europe-en-crise","status":"publish","type":"post","link":"http:\/\/www.justicepaix.be\/en\/podemos-un-espoir-pour-une-europe-en-crise\/","title":{"rendered":"Podemos, hope for a Europe in crisis?"},"content":{"rendered":"\n\n<p class=\"post_excerpt\">La crise de 2008 a donn\u00e9 un coup dur aux \u00e9conomies du sud de l\u2019Europe \u2013 notamment l\u2019Espagne, le Portugal, la Gr\u00e8ce, mais aussi l\u2019Irlande. On conna\u00eet bien les effets d\u00e9vastateurs de cette crise et ses cons\u00e9quences, dont on ressent encore les d\u00e9g\u00e2ts sur nos soci\u00e9t\u00e9s. Cependant, \u00e0 l\u2019heure o\u00f9 les  politiques d\u2019aust\u00e9rit\u00e9 partout en Europe s\u2019intensifient, ne cessant d\u2019aggraver les in\u00e9galit\u00e9s sociales au sein des pays, des milliers d\u2019initiatives sociales, \u00e0 la fois locales et nationales, des mouvements sociaux et collectifs visant un changement radical, renaissent. <\/p>\n\n\n<!--more-->\nL\u2019exp\u00e9rience de Podemos (\u00ab Nous pouvons \u00bb) en Espagne est int\u00e9ressante \u00e0 cet \u00e9gard. Inspir\u00e9 par les masses qui se sont lanc\u00e9es dans les rues pour manifester leur d\u00e9go\u00fbt, et de la classe dirigeante politique espagnole, plong\u00e9e dans les plus grands scandales de corruption, ce parti-mouvement est devenu, sans aucun doute, une force politique non n\u00e9gligeable dans les panoramas politiques espagnol \u2013 et europ\u00e9en. \n\nSelon le c\u00e9l\u00e8bre sociologue portugais Boaventura de Sousa Santos, Podemos est un parti-mouvement, car \u00e9troitement li\u00e9 aux mouvements sociaux qui se sont constitu\u00e9s face \u00e0 la crise en Espagne, en particulier, le mouvement des \u00ab indign\u00e9s \u00bb ou 15-M. On reconna\u00eet aussi une influence significative des mouvements sociaux en Am\u00e9rique Latine. Enfin, ce jeune parti-mouvement se distingue des partis traditionnels principalement du fait de son approche participative et horizontale, de sa lecture des enjeux actuels et, enfin, de sa strat\u00e9gie politique.  \n\n\n<bloc>Chercher la compl\u00e9mentarit\u00e9 entre participation et repr\u00e9sentation\n\nUne des caract\u00e9ristiques principales de cette strat\u00e9gie est d\u2019occuper davantage une position transversale, plut\u00f4t que de se d\u00e9finir en termes de l\u2019axe gauche-droite traditionnel, une position que les dirigeants de Podemos consid\u00e8rent comme futile. Ils pensent que cette approche n\u2019offre pas de possibilit\u00e9 de changement et que le discours de la gauche traditionnelle n\u2019inspire plus un public d\u00e9j\u00e0 profond\u00e9ment d\u00e9\u00e7u. \n\nEn ce sens, le discours de Podemos s\u2019articule autour de l\u2019opposition entre \u00ab ceux d\u2019en bas \u00bb, le peuple, et \u00ab ceux d\u2019en haut \u00bb, l\u2019oligarchie politique et \u00e9conomique, avec le but de cr\u00e9er un nouveau \u00ab sens commun \u00bb. Il vise ainsi non seulement ses propres sympathisants et ceux issus des mouvements sociaux, mais aussi un public plus large, avec des motivations nouvelles de mobilisation : ceux qui cherchent des transformations profondes en Espagne (et en Europe), ceux qui sont d\u00e9senchant\u00e9s du bipartisme Parti Socialiste (PSOE) \u2013 Parti Populaire (PP), ceux qui rejettent les politiques d\u2019aust\u00e9rit\u00e9, ceux qui rejettent la corruption, entre autres. \n\nLa participation des citoyens, et surtout, de tous ceux qui ne seraient pas n\u00e9cessairement politiquement actifs, est d\u00e8s lors un pilier-cl\u00e9. Ainsi, les \u00e9lus parlementaires ne prennent pas de position sur les dossiers, mais transmettent les propositions \u00e9manant des discussions vers le bas, au niveau des groupes de travail et des assembl\u00e9es citoyennes. La transparence et la responsabilit\u00e9 sont capitales et doivent \u00eatre absolues. Le financement externe d\u2019entreprises priv\u00e9es est interdit et les salaires des \u00e9lus sont plafonn\u00e9s au salaire moyen du pays \u2013 car \u00ab faire partie de la classe politique n\u2019est qu\u2019une n\u00e9cessit\u00e9 temporaire \u00bb <span class=\"footnote_referrer\"><a role=\"button\" tabindex=\"0\" onclick=\"footnote_moveToReference_13619_1('footnote_plugin_reference_13619_1_1');\" onkeypress=\"footnote_moveToReference_13619_1('footnote_plugin_reference_13619_1_1');\" ><sup id=\"footnote_plugin_tooltip_13619_1_1\" class=\"footnote_plugin_tooltip_text\">[1]<\/sup><\/a><span id=\"footnote_plugin_tooltip_text_13619_1_1\" class=\"footnote_tooltip\">de Sousa Santos, Boaventura. \u201cThe Podemos Wave\u201d. OpenDemocracy. mars 2015. <span class=\"footnote_url_wrap\">https:\/\/www.opendemocracy.net\/boaventura-de-sousa-santos\/podemos-wave<\/span><\/span><\/span><script type=\"text\/javascript\"> jQuery('#footnote_plugin_tooltip_13619_1_1').tooltip({ tip: '#footnote_plugin_tooltip_text_13619_1_1', tipClass: 'footnote_tooltip', effect: 'fade', predelay: 0, fadeInSpeed: 200, delay: 400, fadeOutSpeed: 200, position: 'top center', relative: true, offset: [-7, 0], });<\/script> . Pour corroborer cet argument, autant le parti reconna\u00eet que le jeu politique n\u00e9cessite des \u00ab visages connus \u00bb, le r\u00f4le m\u00e9diatique de ses dirigeants ne doit pas \u00eatre le facteur d\u00e9cisif. En d\u00e9finitive, il s\u2019agirait d\u2019appliquer une sorte de compl\u00e9mentarit\u00e9 entre la participation et la repr\u00e9sentation, un d\u00e9fi de taille pour ce jeune parti ! \n<\/bloc>\n\n<bloc>La t\u00e9l\u00e9vision et les nouveaux m\u00e9dias\n\nLa popularit\u00e9 de Podemos en Espagne et ailleurs est due en grande partie \u00e0 sa strat\u00e9gie politique, ax\u00e9e sur la participation directe des citoyens et d\u2019une r\u00e9flexion du bas vers le haut, mais aussi \u00e0 sa strat\u00e9gie de communication.  Podemos est incarn\u00e9 par Pablo Iglesias, jeune professeur en sciences politiques et actuel leader du mouvement. Il est pr\u00e9sent r\u00e9guli\u00e8rement dans les m\u00e9dias traditionnels depuis le d\u00e9but de la crise \u00e9conomique. Selon un sondage,  la t\u00e9l\u00e9vision reste la source principale d\u2019informations politiques pour pr\u00e8s de 60% de la population espagnole <span class=\"footnote_referrer\"><a role=\"button\" tabindex=\"0\" onclick=\"footnote_moveToReference_13619_1('footnote_plugin_reference_13619_1_2');\" onkeypress=\"footnote_moveToReference_13619_1('footnote_plugin_reference_13619_1_2');\" ><sup id=\"footnote_plugin_tooltip_13619_1_2\" class=\"footnote_plugin_tooltip_text\">[2]<\/sup><\/a><span id=\"footnote_plugin_tooltip_text_13619_1_2\" class=\"footnote_tooltip\">C\u00e9sar Rendueles, Jorge Sola. Podemos and the Paradigm Shift. Jacobin Magazine Online. 14 mai 2015. <span class=\"footnote_url_wrap\">https:\/\/www.jacobinmag.com\/2015\/04\/podemos-spain-pablo-iglesias-european-left\/<\/span><\/span><\/span><script type=\"text\/javascript\"> jQuery('#footnote_plugin_tooltip_13619_1_2').tooltip({ tip: '#footnote_plugin_tooltip_text_13619_1_2', tipClass: 'footnote_tooltip', effect: 'fade', predelay: 0, fadeInSpeed: 200, delay: 400, fadeOutSpeed: 200, position: 'top center', relative: true, offset: [-7, 0], });<\/script> . Tr\u00e8s conscients de cette r\u00e9alit\u00e9, Pablo Iglesias et un groupe d\u2019\u00e9tudiants ont con\u00e7u d\u00e8s 2010 un programme de t\u00e9l\u00e9vision d\u2019analyse et de d\u00e9bats appel\u00e9 \u00ab La Tuerka \u00bb, dont le premier souci a \u00e9t\u00e9 de d\u00e9crypter la crise \u00e0 partir d\u2019un point de vue critique et \u00ab contre-h\u00e9g\u00e9monique \u00bb, tout en utilisant un langage adapt\u00e9 au grand public. \n\nJusqu\u2019\u00e0 pr\u00e9sent, le programme a connu un succ\u00e8s surprenant, gr\u00e2ce aussi \u00e0 l\u2019aide des nouveaux m\u00e9dias qui ont pu amplifier le message. Plusieurs analystes observent que \u00ab La Tuerka \u00bb a eu un impact significatif sur les d\u00e9buts de Podemos en tant que parti, puisqu\u2019il est devenu une sorte de plateforme d\u2019apprentissage et d\u2019exp\u00e9rimentation en termes de communication et de visibilit\u00e9 pour ses leaders, augmentant la port\u00e9e des messages lanc\u00e9s. \n\nA.O\n<\/bloc>\n\n<bloc>D\u00e9fis actuels\n\nComme Syriza l\u2019a essay\u00e9 en Gr\u00e8ce, Podemos remet en cause frontalement l\u2019h\u00e9g\u00e9monie n\u00e9olib\u00e9rale, pratiqu\u00e9e en Europe et aux \u00c9tats-Unis depuis les ann\u00e9es 70, et qui s\u2019est globalis\u00e9e depuis les ann\u00e9es 90 pour atteindre les quatre coins du monde. En Europe, les droits acquis avec l\u2019\u00c9tat Providence ont \u00e9t\u00e9 progressivement limit\u00e9s, engloutis par les privatisations, l\u2019imposition de politiques d\u2019aust\u00e9rit\u00e9 et d\u2019ajustement structurel, ainsi que par l\u2019emprise de la finance sur l\u2019\u00e9conomie r\u00e9elle et la vie sociale en g\u00e9n\u00e9ral. Nous \u00e9voluons  dans des soci\u00e9t\u00e9s dites d\u00e9mocratiques, mais le sont-elles r\u00e9ellement ? Face au d\u00e9ficit d\u00e9mocratique en augmentation, \u00e0 partir d\u2019exp\u00e9riences tr\u00e8s concr\u00e8tes, il existe une envie de reprendre la d\u00e9mocratie en main, de la r\u00e9inventer en repla\u00e7ant le respect du citoyen et les droits humains au centre. \n\nMais le discours et la popularit\u00e9 de Podemos font peur. En Espagne, les derni\u00e8res \u00e9lections de mai 2014 ont d\u00e9montr\u00e9 la capacit\u00e9 de mobilisation de ce nouveau parti. Malgr\u00e9 la victoire du PP, Podemos est devenu le quatri\u00e8me parti avec 1,25 million de votes et a gagn\u00e9 5 si\u00e8ges au Parlement europ\u00e9en. Aux yeux des europ\u00e9ens, son avanc\u00e9e doit \u00eatre prise en compte car l\u2019Espagne repr\u00e9sente 10.6% du PIB de la zone euro en 2013, et reste encore une \u00e9conomie de poids au niveau europ\u00e9en. Dans ce contexte, la tragique exp\u00e9rience de Syriza face \u00e0 la Tro\u00efka europ\u00e9enne n\u2019est pas anodine. Pour plusieurs analystes, l\u2019EuroGroupe aurait voulu tirer la sonnette d\u2019alarme, en envoyant un message  \u00e0 tous ceux qui voudraient sortir du cadre \u00e9tabli.\n<\/bloc>\n\n<bloc>\nUn espoir pour la d\u00e9mocratie en Europe et ailleurs ?\n\nA l\u2019heure actuelle, on observe une augmentation de l\u2019absent\u00e9isme \u00e9lectoral d\u00fb \u00e0 la d\u00e9saffection des citoyens pour la politique. On observe aussi que la d\u00e9mocratie, telle qu\u2019on la conna\u00eet, est assi\u00e9g\u00e9e par des int\u00e9r\u00eats connexes \u2013 les int\u00e9r\u00eats priv\u00e9s ou ceux de grandes corporations qui sont souvent la source du financement externe des partis. Par leur influence sur le d\u00e9bat public et les d\u00e9cideurs politiques, ils am\u00e8nent \u00e0 une limitation des droits des citoyens au profit de l\u2019\u00e9conomie de croissance et de la finance. \n\nReprendre la d\u00e9mocratie en main, la r\u00e9inventer pour que les droits humains \u2013 et le respect de la nature \u2013 soient au centre de notre mod\u00e8le \u00e9conomique, social et politique est un but urgent. Mais, comment l\u2019atteindre, pratiquement ? \n\nAvec Podemos on voit une vraie volont\u00e9 d\u2019articuler participation et repr\u00e9sentation et de maintenir un lien fort avec les bases sociales. Plut\u00f4t que de diviser, le parti semble vouloir rassembler, en s\u2019appuyant principalement sur le travail des mouvements sociaux existants et  de ses assembl\u00e9es citoyennes. Cette dynamique semble int\u00e9resser le grand public, car les citoyens sont tous appel\u00e9s \u00e0 participer, leur opinion et leurs propositions comptent, et c\u2019est cet aspect particulier qui donne un certain \u00e9lan d\u2019espoir.\n\nL\u2019exp\u00e9rience de Podemos est sans doute innovante et nous invite \u00e0 rester \u00e9veill\u00e9s face aux alternatives collectives de participation et de repr\u00e9sentation, instruments id\u00e9aux pour nous aider \u00e0 surmonter la crise. \nCependant, on pourrait interroger sur la suite : son articulation ne constituerait-elle pas un risque menant \u00e0 sa propre destruction ? Comment maintenir la dynamique interne \u00e0 long terme ? Et en termes pratiques, comment maintenir un financement ind\u00e9pendant et durable dans le temps ? \n<\/bloc>\n\nAngela Ocampo\nVolontaire au Comit\u00e9 de r\u00e9daction du <em>Pour Parler de Paix<\/em>\n<h2 class=\"wp-block-heading\">Documents joints<\/h2>\n\n\n\n<div class=\"wp-block-file\"><a href=\"http:\/\/demop.netbaz.be\/2021\/jp\/wp-content\/uploads\/2015\/09\/pdf_2015_analyse_podemos_un_espoir_pour_une_europe_en_crise.pdf\">Podemos, un espoir pour une Europe en crise ?<\/a><\/div>\n\n\n<div class=\"speaker-mute footnotes_reference_container\"> <div class=\"footnote_container_prepare\"><p><span role=\"button\" tabindex=\"0\" class=\"footnote_reference_container_label pointer\" onclick=\"footnote_expand_collapse_reference_container_13619_1();\">Notes<\/span><span role=\"button\" tabindex=\"0\" class=\"footnote_reference_container_collapse_button\" style=\"display: none;\" onclick=\"footnote_expand_collapse_reference_container_13619_1();\">[<a id=\"footnote_reference_container_collapse_button_13619_1\">+<\/a>]<\/span><\/p><\/div> <div id=\"footnote_references_container_13619_1\" style=\"\"><table class=\"footnotes_table footnote-reference-container\"><caption class=\"accessibility\">Notes<\/caption> <tbody> \r\n\r\n<tr class=\"footnotes_plugin_reference_row\"> <th scope=\"row\" id=\"footnote_plugin_reference_13619_1_1\" class=\"footnote_plugin_index pointer\" onclick=\"footnote_moveToAnchor_13619_1('footnote_plugin_tooltip_13619_1_1');\"><a role=\"button\" tabindex=\"0\" class=\"footnote_plugin_link\" ><span class=\"footnote_index_arrow\">&#8593;<\/span>1<\/a><\/th> <td class=\"footnote_plugin_text\">de Sousa Santos, Boaventura. \u201cThe Podemos Wave\u201d. OpenDemocracy. mars 2015. <span class=\"footnote_url_wrap\">https:\/\/www.opendemocracy.net\/boaventura-de-sousa-santos\/podemos-wave<\/span><\/td><\/tr>\r\n\r\n<tr class=\"footnotes_plugin_reference_row\"> <th scope=\"row\" id=\"footnote_plugin_reference_13619_1_2\" class=\"footnote_plugin_index pointer\" onclick=\"footnote_moveToAnchor_13619_1('footnote_plugin_tooltip_13619_1_2');\"><a role=\"button\" tabindex=\"0\" class=\"footnote_plugin_link\" ><span class=\"footnote_index_arrow\">&#8593;<\/span>2<\/a><\/th> <td class=\"footnote_plugin_text\">C\u00e9sar Rendueles, Jorge Sola. Podemos and the Paradigm Shift. Jacobin Magazine Online. 14 mai 2015. <span class=\"footnote_url_wrap\">https:\/\/www.jacobinmag.com\/2015\/04\/podemos-spain-pablo-iglesias-european-left\/<\/span><\/td><\/tr>\r\n\r\n <\/tbody> <\/table> <\/div><\/div><script type=\"text\/javascript\"> function footnote_expand_reference_container_13619_1() { jQuery('#footnote_references_container_13619_1').show(); jQuery('#footnote_reference_container_collapse_button_13619_1').text('\u2212'); } function footnote_collapse_reference_container_13619_1() { jQuery('#footnote_references_container_13619_1').hide(); jQuery('#footnote_reference_container_collapse_button_13619_1').text('+'); } function footnote_expand_collapse_reference_container_13619_1() { if (jQuery('#footnote_references_container_13619_1').is(':hidden')) { footnote_expand_reference_container_13619_1(); } else { footnote_collapse_reference_container_13619_1(); } } function footnote_moveToReference_13619_1(p_str_TargetID) { footnote_expand_reference_container_13619_1(); var l_obj_Target = jQuery('#' + p_str_TargetID); if (l_obj_Target.length) { jQuery( 'html, body' ).delay( 0 ); jQuery('html, body').animate({ scrollTop: l_obj_Target.offset().top - window.innerHeight * 0.2 }, 380); } } function footnote_moveToAnchor_13619_1(p_str_TargetID) { footnote_expand_reference_container_13619_1(); var l_obj_Target = jQuery('#' + p_str_TargetID); if (l_obj_Target.length) { jQuery( 'html, body' ).delay( 0 ); jQuery('html, body').animate({ scrollTop: l_obj_Target.offset().top - window.innerHeight * 0.2 }, 380); } }<\/script>","protected":false},"excerpt":{"rendered":"<p>La crise de 2008 a donn\u00e9 un coup dur aux \u00e9conomies du sud de l\u2019Europe \u2013 notamment l\u2019Espagne, le Portugal, la Gr\u00e8ce, mais aussi l\u2019Irlande. On conna\u00eet bien les effets d\u00e9vastateurs de cette crise et ses cons\u00e9quences, dont on ressent encore les d\u00e9g\u00e2ts sur nos soci\u00e9t\u00e9s. Cependant, \u00e0 l\u2019heure o\u00f9 les politiques d\u2019aust\u00e9rit\u00e9 partout en [&hellip;]<\/p>\n","protected":false},"author":62,"featured_media":13618,"comment_status":"closed","ping_status":"open","sticky":false,"template":"","format":"standard","meta":{"_acf_changed":false,"_seopress_robots_primary_cat":"","_seopress_titles_title":"","_seopress_titles_desc":"","_seopress_robots_index":"","footnotes":""},"categories":[2722],"tags":[2809,2795,2835,2833,2839],"class_list":["post-13619","post","type-post","status-publish","format-standard","has-post-thumbnail","hentry","category-articles-nos-publications","tag-actions-citoyennes","tag-article","tag-democratie","tag-europe","tag-justice-sociale"],"acf":[],"_links":{"self":[{"href":"http:\/\/www.justicepaix.be\/en\/wp-json\/wp\/v2\/posts\/13619","targetHints":{"allow":["GET"]}}],"collection":[{"href":"http:\/\/www.justicepaix.be\/en\/wp-json\/wp\/v2\/posts"}],"about":[{"href":"http:\/\/www.justicepaix.be\/en\/wp-json\/wp\/v2\/types\/post"}],"author":[{"embeddable":true,"href":"http:\/\/www.justicepaix.be\/en\/wp-json\/wp\/v2\/users\/62"}],"replies":[{"embeddable":true,"href":"http:\/\/www.justicepaix.be\/en\/wp-json\/wp\/v2\/comments?post=13619"}],"version-history":[{"count":0,"href":"http:\/\/www.justicepaix.be\/en\/wp-json\/wp\/v2\/posts\/13619\/revisions"}],"wp:featuredmedia":[{"embeddable":true,"href":"http:\/\/www.justicepaix.be\/en\/wp-json\/wp\/v2\/media\/13618"}],"wp:attachment":[{"href":"http:\/\/www.justicepaix.be\/en\/wp-json\/wp\/v2\/media?parent=13619"}],"wp:term":[{"taxonomy":"category","embeddable":true,"href":"http:\/\/www.justicepaix.be\/en\/wp-json\/wp\/v2\/categories?post=13619"},{"taxonomy":"post_tag","embeddable":true,"href":"http:\/\/www.justicepaix.be\/en\/wp-json\/wp\/v2\/tags?post=13619"}],"curies":[{"name":"wp","href":"https:\/\/api.w.org\/{rel}","templated":true}]}}