{"id":13265,"date":"2015-05-20T12:09:00","date_gmt":"2015-05-20T12:09:00","guid":{"rendered":"https:\/\/demop.netbaz.be\/2021\/jp\/2015\/05\/20\/le-parlement-europeen-opte-pour-un-texte-contraignant\/"},"modified":"2021-04-14T11:46:46","modified_gmt":"2021-04-14T11:46:46","slug":"le-parlement-europeen-opte-pour-un-texte-contraignant","status":"publish","type":"post","link":"http:\/\/www.justicepaix.be\/en\/le-parlement-europeen-opte-pour-un-texte-contraignant\/","title":{"rendered":"The European Parliament opts for a binding text"},"content":{"rendered":"<p class=\"post_excerpt\">D\u00e9jouant les pronostics, les d\u00e9put\u00e9s europ\u00e9ens ont fait passer un texte contraignant qui vise \u00e0 bannir de l\u2019espace europ\u00e9en les minerais issus de zones de conflits. Ce vote n\u2019est que le premier obstacle institutionnel d\u2019un texte qui garde beaucoup d\u2019ennemis.<\/p>\n\n\n<!--more-->\n<a href=\"http:\/\/demop.netbaz.be\/2021\/jp\/wp-content\/uploads\/2015\/05\/pdf_2015-05-20_Mediapart_Minerais_de_sang_le_parlement_europeen_opte_pour_un_texte_contraignant.pdf\">Minerais de sang : le parlement europ\u00e9en opte pour un texte contraignant<\/a><div id='gallery-1' class='gallery galleryid-13265 gallery-columns-3 gallery-size-thumbnail'><figure class='gallery-item'>\n\t\t\t<div class='gallery-icon landscape'>\n\t\t\t\t<a href='https:\/\/www.justicepaix.be\/wp-content\/uploads\/2015\/06\/jpg_2015-05-20_Mediapart_Minerais_de_sang_le_parlement_europeen_opte_pour_un_texte_contraignant.jpg'><img decoding=\"async\" width=\"150\" height=\"150\" src=\"https:\/\/www.justicepaix.be\/wp-content\/uploads\/2015\/06\/jpg_2015-05-20_Mediapart_Minerais_de_sang_le_parlement_europeen_opte_pour_un_texte_contraignant-150x150.jpg\" class=\"attachment-thumbnail size-thumbnail\" alt=\"2015-05-20_Mediapart_Minerais_de_sang_le_parlement_europeen_opte_pour_un_texte_contraignant.jpg\" \/><\/a>\n\t\t\t<\/div><\/figure>\n\t\t<\/div>\n\n<h2 class=\"wp-block-heading\">Attachments<\/h2>\n\n\n\n<div class=\"wp-block-file\"><a href=\"http:\/\/demop.netbaz.be\/2021\/jp\/wp-content\/uploads\/2015\/06\/pdf_2015-05-20_Mediapart_Minerais_de_sang_le_parlement_europeen_opte_pour_un_texte_contraignant.pdf\">Minerais de sang : le parlement europ\u00e9en opte pour un texte contraignant<\/a><\/div>","protected":false},"excerpt":{"rendered":"<p>D\u00e9jouant les pronostics, les d\u00e9put\u00e9s europ\u00e9ens ont fait passer un texte contraignant qui vise \u00e0 bannir de l\u2019espace europ\u00e9en les minerais issus de zones de conflits. Ce vote n\u2019est que le premier obstacle institutionnel d\u2019un texte qui garde beaucoup d\u2019ennemis.<\/p>","protected":false},"author":62,"featured_media":13263,"comment_status":"closed","ping_status":"open","sticky":false,"template":"","format":"standard","meta":{"_acf_changed":false,"_seopress_robots_primary_cat":"","_seopress_titles_title":"","_seopress_titles_desc":"","_seopress_robots_index":"","footnotes":""},"categories":[2846,2686],"tags":[2831,2825,2811,2834],"class_list":["post-13265","post","type-post","status-publish","format-standard","has-post-thumbnail","hentry","category-dans-les-medias","category-pre-2015","tag-acteurs-economiques","tag-prevention-des-conflits","tag-ressources-naturelles","tag-union-europeenne"],"acf":[],"_links":{"self":[{"href":"http:\/\/www.justicepaix.be\/en\/wp-json\/wp\/v2\/posts\/13265","targetHints":{"allow":["GET"]}}],"collection":[{"href":"http:\/\/www.justicepaix.be\/en\/wp-json\/wp\/v2\/posts"}],"about":[{"href":"http:\/\/www.justicepaix.be\/en\/wp-json\/wp\/v2\/types\/post"}],"author":[{"embeddable":true,"href":"http:\/\/www.justicepaix.be\/en\/wp-json\/wp\/v2\/users\/62"}],"replies":[{"embeddable":true,"href":"http:\/\/www.justicepaix.be\/en\/wp-json\/wp\/v2\/comments?post=13265"}],"version-history":[{"count":0,"href":"http:\/\/www.justicepaix.be\/en\/wp-json\/wp\/v2\/posts\/13265\/revisions"}],"wp:featuredmedia":[{"embeddable":true,"href":"http:\/\/www.justicepaix.be\/en\/wp-json\/wp\/v2\/media\/13263"}],"wp:attachment":[{"href":"http:\/\/www.justicepaix.be\/en\/wp-json\/wp\/v2\/media?parent=13265"}],"wp:term":[{"taxonomy":"category","embeddable":true,"href":"http:\/\/www.justicepaix.be\/en\/wp-json\/wp\/v2\/categories?post=13265"},{"taxonomy":"post_tag","embeddable":true,"href":"http:\/\/www.justicepaix.be\/en\/wp-json\/wp\/v2\/tags?post=13265"}],"curies":[{"name":"wp","href":"https:\/\/api.w.org\/{rel}","templated":true}]}}