{"id":13032,"date":"2015-03-26T11:25:46","date_gmt":"2015-03-26T11:25:46","guid":{"rendered":"https:\/\/demop.netbaz.be\/2021\/jp\/2015\/03\/26\/film-l-homme-qui-repare-les-femmes\/"},"modified":"2021-04-14T11:46:42","modified_gmt":"2021-04-14T11:46:42","slug":"film-l-homme-qui-repare-les-femmes","status":"publish","type":"post","link":"http:\/\/www.justicepaix.be\/en\/film-l-homme-qui-repare-les-femmes\/","title":{"rendered":"Film L&rsquo;homme qui r\u00e9pare les femmes"},"content":{"rendered":"<p class=\"post_excerpt\">Un film de Thierry MICHEL et Colette BRAECKMAN.<br \/>\nSortie en salle le 15 avril (Belgique).<\/p>\n<p><!--more--><br \/>\nPrix Sakharov 2014, le docteur Mukwege est internationalement connu comme l\u2019homme qui r\u00e9pare ces milliers de femmes, viol\u00e9es durant 20 ans de conflits \u00e0 l\u2019Est de la R\u00e9publique D\u00e9mocratique du Congo, un pays parmi les plus pauvres de la plan\u00e8te, mais au sous-sol extr\u00eamement riche.<br \/>\n<img fetchpriority=\"high\" decoding=\"async\" class=\"aligncenter size-full wp-image-13031\" src=\"http:\/\/demop.netbaz.be\/2021\/jp\/wp-content\/uploads\/2015\/03\/jpg_film_lhomme_qui_repare_les_femmes_banner_L400.jpg\" alt=\"film_lhomme_qui_repare_les_femmes_banner_L400.jpg\" align=\"center\" width=\"400\" height=\"192\" srcset=\"https:\/\/www.justicepaix.be\/wp-content\/uploads\/2015\/03\/jpg_film_lhomme_qui_repare_les_femmes_banner_L400.jpg 400w, https:\/\/www.justicepaix.be\/wp-content\/uploads\/2015\/03\/jpg_film_lhomme_qui_repare_les_femmes_banner_L400-300x144.jpg 300w\" sizes=\"(max-width: 400px) 100vw, 400px\" \/><\/p>\n<p>Sa lutte incessante, pour mettre fin \u00e0 ces atrocit\u00e9s et d\u00e9noncer l\u2019impunit\u00e9 dont jouissent les coupables, d\u00e9range.<\/p>\n<p>Il est l\u2019objet d&rsquo;une nouvelle tentative d\u2019assassinat, auquel il \u00e9chappe miraculeusement.<\/p>\n<p>Menac\u00e9 de mort, ce m\u00e9decin au destin exceptionnel vit dor\u00e9navant clo\u00eetr\u00e9 dans son h\u00f4pital de Bukavu, sous la protection des Casques bleus.<\/p>\n<p>Mais il n\u2019est plus seul \u00e0 lutter. A ses c\u00f4t\u00e9s, ces femmes auxquelles il a rendu leur int\u00e9grit\u00e9 physique et leur dignit\u00e9, devenues gr\u00e2ce \u00e0 lui de v\u00e9ritables activistes de la paix, assoiff\u00e9es de justice. <\/p>\n<p>Avant-premi\u00e8res:<br \/>\n&#8211; Bruxelles &#8211; le 25 mars 20h &#8211; Le Flagey<br \/>\n&#8211; Louvain-la-Neuve &#8211; le 26 mars 19h30 &#8211; Cin\u00e9scope<br \/>\n&#8211; Li\u00e8ge &#8211; le 27 mars 19h45 &#8211; Cin\u00e9ma Sauveni\u00e8re<br \/>\n&#8211; Ath &#8211; le 29 mars 17h &#8211; Le Palace <\/p>\n<p><a href=\"http:\/\/mukwege-lefilm.com\/index.html\">Plus d&rsquo;infos sur le film<\/a><\/p>\n<div id='gallery-1' class='gallery galleryid-13032 gallery-columns-3 gallery-size-thumbnail'><figure class='gallery-item'>\n\t\t\t<div class='gallery-icon landscape'>\n\t\t\t\t<a href='https:\/\/www.justicepaix.be\/wp-content\/uploads\/2015\/03\/jpg_film_lhomme_qui_repare_les_femmes_banner_L400.jpg'><img decoding=\"async\" width=\"150\" height=\"150\" src=\"https:\/\/www.justicepaix.be\/wp-content\/uploads\/2015\/03\/jpg_film_lhomme_qui_repare_les_femmes_banner_L400-150x150.jpg\" class=\"attachment-thumbnail size-thumbnail\" alt=\"film_lhomme_qui_repare_les_femmes_banner_L400.jpg\" \/><\/a>\n\t\t\t<\/div><\/figure>\n\t\t<\/div>","protected":false},"excerpt":{"rendered":"<p>Un film de Thierry MICHEL et Colette BRAECKMAN. Sortie en salle le 15 avril (Belgique).<\/p>","protected":false},"author":62,"featured_media":13031,"comment_status":"closed","ping_status":"open","sticky":false,"template":"","format":"standard","meta":{"_acf_changed":false,"_seopress_robots_primary_cat":"","_seopress_titles_title":"","_seopress_titles_desc":"","_seopress_robots_index":"","footnotes":""},"categories":[2686],"tags":[],"class_list":["post-13032","post","type-post","status-publish","format-standard","has-post-thumbnail","hentry","category-pre-2015"],"acf":[],"_links":{"self":[{"href":"http:\/\/www.justicepaix.be\/en\/wp-json\/wp\/v2\/posts\/13032","targetHints":{"allow":["GET"]}}],"collection":[{"href":"http:\/\/www.justicepaix.be\/en\/wp-json\/wp\/v2\/posts"}],"about":[{"href":"http:\/\/www.justicepaix.be\/en\/wp-json\/wp\/v2\/types\/post"}],"author":[{"embeddable":true,"href":"http:\/\/www.justicepaix.be\/en\/wp-json\/wp\/v2\/users\/62"}],"replies":[{"embeddable":true,"href":"http:\/\/www.justicepaix.be\/en\/wp-json\/wp\/v2\/comments?post=13032"}],"version-history":[{"count":0,"href":"http:\/\/www.justicepaix.be\/en\/wp-json\/wp\/v2\/posts\/13032\/revisions"}],"wp:featuredmedia":[{"embeddable":true,"href":"http:\/\/www.justicepaix.be\/en\/wp-json\/wp\/v2\/media\/13031"}],"wp:attachment":[{"href":"http:\/\/www.justicepaix.be\/en\/wp-json\/wp\/v2\/media?parent=13032"}],"wp:term":[{"taxonomy":"category","embeddable":true,"href":"http:\/\/www.justicepaix.be\/en\/wp-json\/wp\/v2\/categories?post=13032"},{"taxonomy":"post_tag","embeddable":true,"href":"http:\/\/www.justicepaix.be\/en\/wp-json\/wp\/v2\/tags?post=13032"}],"curies":[{"name":"wp","href":"https:\/\/api.w.org\/{rel}","templated":true}]}}