{"id":12940,"date":"2015-01-31T12:45:00","date_gmt":"2015-01-31T12:45:00","guid":{"rendered":"https:\/\/demop.netbaz.be\/2021\/jp\/2015\/01\/31\/pourquoi-des-mineurs-d-age-sont-devenus-mineurs-d-or\/"},"modified":"2021-04-14T11:46:40","modified_gmt":"2021-04-14T11:46:40","slug":"pourquoi-des-mineurs-d-age-sont-devenus-mineurs-d-or","status":"publish","type":"post","link":"http:\/\/www.justicepaix.be\/en\/pourquoi-des-mineurs-d-age-sont-devenus-mineurs-d-or\/","title":{"rendered":"Why did minors become gold miners?"},"content":{"rendered":"<p class=\"post_excerpt\">Le Sud-Kivu peine \u00e0 d\u00e9barrasser ses mines des milices arm\u00e9es, femmes enceintes et enfants for\u00e7ats. La pression industrielle, les trafics internationaux et la kleptocratie de Kinshasa compliquent chaque d\u00e9but de solution. Reportage aux c\u00f4t\u00e9s de l\u2019ONG Commission Justice et Paix, dont l\u2019un des combats est de plaider pour une exploitation mini\u00e8re d\u00e9barrass\u00e9e des \u00ab minerais du sang \u00bb.<\/p>\n\n\n<!--more-->\n<a href=\"http:\/\/demop.netbaz.be\/2021\/jp\/wp-content\/uploads\/2015\/01\/pdf_2015-01_Mission_Congo_Le_Soir_pourquoi_des_mineurs_dage_sont_devenus_mineurs_dor.pdf\">Why did minors become gold miners?<\/a><div id='gallery-1' class='gallery galleryid-12940 gallery-columns-3 gallery-size-thumbnail'><figure class='gallery-item'>\n\t\t\t<div class='gallery-icon landscape'>\n\t\t\t\t<a href='https:\/\/www.justicepaix.be\/wp-content\/uploads\/2015\/02\/jpg_2015-01_Mission_Congo_Le_Soir_pourquoi_des_mineurs_dage_sont_devenus_mineurs_dor_H250.jpg'><img decoding=\"async\" width=\"150\" height=\"150\" src=\"https:\/\/www.justicepaix.be\/wp-content\/uploads\/2015\/02\/jpg_2015-01_Mission_Congo_Le_Soir_pourquoi_des_mineurs_dage_sont_devenus_mineurs_dor_H250-150x150.jpg\" class=\"attachment-thumbnail size-thumbnail\" alt=\"2015-01_Mission_Congo_Le_Soir_pourquoi_des_mineurs_dage_sont_devenus_mineurs_dor_H250.jpg\" \/><\/a>\n\t\t\t<\/div><\/figure>\n\t\t<\/div>\n\n<h2 class=\"wp-block-heading\">Attachments<\/h2>\n\n\n\n<div class=\"wp-block-file\"><a href=\"http:\/\/demop.netbaz.be\/2021\/jp\/wp-content\/uploads\/2015\/02\/pdf_2015-01_Mission_Congo_Le_Soir_pourquoi_des_mineurs_dage_sont_devenus_mineurs_dor.pdf\">Why did minors become gold miners?<\/a><\/div>","protected":false},"excerpt":{"rendered":"<p>Le Sud-Kivu peine \u00e0 d\u00e9barrasser ses mines des milices arm\u00e9es, femmes enceintes et enfants for\u00e7ats. La pression industrielle, les trafics internationaux et la kleptocratie de Kinshasa compliquent chaque d\u00e9but de solution. Reportage aux c\u00f4t\u00e9s de l\u2019ONG Commission Justice et Paix, dont l\u2019un des combats est de plaider pour une exploitation mini\u00e8re d\u00e9barrass\u00e9e des \u00ab minerais [&hellip;]<\/p>\n","protected":false},"author":62,"featured_media":12938,"comment_status":"closed","ping_status":"open","sticky":false,"template":"","format":"standard","meta":{"_acf_changed":false,"_seopress_robots_primary_cat":"","_seopress_titles_title":"","_seopress_titles_desc":"","_seopress_robots_index":"","footnotes":""},"categories":[2846,2686],"tags":[2825,2792,2811],"class_list":["post-12940","post","type-post","status-publish","format-standard","has-post-thumbnail","hentry","category-dans-les-medias","category-pre-2015","tag-prevention-des-conflits","tag-rd-congo","tag-ressources-naturelles"],"acf":[],"_links":{"self":[{"href":"http:\/\/www.justicepaix.be\/en\/wp-json\/wp\/v2\/posts\/12940","targetHints":{"allow":["GET"]}}],"collection":[{"href":"http:\/\/www.justicepaix.be\/en\/wp-json\/wp\/v2\/posts"}],"about":[{"href":"http:\/\/www.justicepaix.be\/en\/wp-json\/wp\/v2\/types\/post"}],"author":[{"embeddable":true,"href":"http:\/\/www.justicepaix.be\/en\/wp-json\/wp\/v2\/users\/62"}],"replies":[{"embeddable":true,"href":"http:\/\/www.justicepaix.be\/en\/wp-json\/wp\/v2\/comments?post=12940"}],"version-history":[{"count":0,"href":"http:\/\/www.justicepaix.be\/en\/wp-json\/wp\/v2\/posts\/12940\/revisions"}],"wp:featuredmedia":[{"embeddable":true,"href":"http:\/\/www.justicepaix.be\/en\/wp-json\/wp\/v2\/media\/12938"}],"wp:attachment":[{"href":"http:\/\/www.justicepaix.be\/en\/wp-json\/wp\/v2\/media?parent=12940"}],"wp:term":[{"taxonomy":"category","embeddable":true,"href":"http:\/\/www.justicepaix.be\/en\/wp-json\/wp\/v2\/categories?post=12940"},{"taxonomy":"post_tag","embeddable":true,"href":"http:\/\/www.justicepaix.be\/en\/wp-json\/wp\/v2\/tags?post=12940"}],"curies":[{"name":"wp","href":"https:\/\/api.w.org\/{rel}","templated":true}]}}