{"id":12933,"date":"2015-01-31T12:25:00","date_gmt":"2015-01-31T12:25:00","guid":{"rendered":"https:\/\/demop.netbaz.be\/2021\/jp\/2015\/01\/31\/sur-la-piste-des-minerais-du-sang\/"},"modified":"2021-04-14T11:46:40","modified_gmt":"2021-04-14T11:46:40","slug":"sur-la-piste-des-minerais-du-sang","status":"publish","type":"post","link":"http:\/\/www.justicepaix.be\/en\/sur-la-piste-des-minerais-du-sang\/","title":{"rendered":"On the trail of blood ores"},"content":{"rendered":"<p class=\"post_excerpt\">La plus grande partie des minerais indispensables \u00e0 nos appareils \u00e9lectroniques sont enfouis dans le sol congolais. Depuis vingt ans, cette terre est la proie de seigneurs de guerre. Aux c\u00f4t\u00e9s de l&rsquo;\u00e9quipe de Justice et Paix, reportage au Sud-Kivu sur les minerais de sang, extraits par des esclaves des temps modernes&#8230; avant de venir \u00e9quiper nos portables, nos t\u00e9l\u00e9s et nos ordinateurs.<\/p>\n\n\n<!--more-->\n<a href=\"http:\/\/demop.netbaz.be\/2021\/jp\/wp-content\/uploads\/2015\/01\/pdf_2015-01-31_lecho_sur_la_piste_des_minerais_du_sang.pdf\">On the trail of blood ores<\/a><div id='gallery-1' class='gallery galleryid-12933 gallery-columns-3 gallery-size-thumbnail'><figure class='gallery-item'>\n\t\t\t<div class='gallery-icon portrait'>\n\t\t\t\t<a href='https:\/\/www.justicepaix.be\/wp-content\/uploads\/2015\/02\/jpg_sur_la_piste_des_minerais_du_sang_H250.jpg'><img decoding=\"async\" width=\"150\" height=\"150\" src=\"https:\/\/www.justicepaix.be\/wp-content\/uploads\/2015\/02\/jpg_sur_la_piste_des_minerais_du_sang_H250-150x150.jpg\" class=\"attachment-thumbnail size-thumbnail\" alt=\"sur_la_piste_des_minerais_du_sang_H250.jpg\" \/><\/a>\n\t\t\t<\/div><\/figure>\n\t\t<\/div>\n\n<h2 class=\"wp-block-heading\">Attachments<\/h2>\n\n\n\n<div class=\"wp-block-file\"><a href=\"http:\/\/demop.netbaz.be\/2021\/jp\/wp-content\/uploads\/2015\/02\/pdf_2015-01-31_lecho_sur_la_piste_des_minerais_du_sang.pdf\">On the trail of blood ores<\/a><\/div>","protected":false},"excerpt":{"rendered":"<p>La plus grande partie des minerais indispensables \u00e0 nos appareils \u00e9lectroniques sont enfouis dans le sol congolais. Depuis vingt ans, cette terre est la proie de seigneurs de guerre. Aux c\u00f4t\u00e9s de l&rsquo;\u00e9quipe de Justice et Paix, reportage au Sud-Kivu sur les minerais de sang, extraits par des esclaves des temps modernes&#8230; avant de venir [&hellip;]<\/p>\n","protected":false},"author":62,"featured_media":12931,"comment_status":"closed","ping_status":"open","sticky":false,"template":"","format":"standard","meta":{"_acf_changed":false,"_seopress_robots_primary_cat":"","_seopress_titles_title":"","_seopress_titles_desc":"","_seopress_robots_index":"","footnotes":""},"categories":[2846,2686],"tags":[2824,2825,2792,2811],"class_list":["post-12933","post","type-post","status-publish","format-standard","has-post-thumbnail","hentry","category-dans-les-medias","category-pre-2015","tag-droits-humains","tag-prevention-des-conflits","tag-rd-congo","tag-ressources-naturelles"],"acf":[],"_links":{"self":[{"href":"http:\/\/www.justicepaix.be\/en\/wp-json\/wp\/v2\/posts\/12933","targetHints":{"allow":["GET"]}}],"collection":[{"href":"http:\/\/www.justicepaix.be\/en\/wp-json\/wp\/v2\/posts"}],"about":[{"href":"http:\/\/www.justicepaix.be\/en\/wp-json\/wp\/v2\/types\/post"}],"author":[{"embeddable":true,"href":"http:\/\/www.justicepaix.be\/en\/wp-json\/wp\/v2\/users\/62"}],"replies":[{"embeddable":true,"href":"http:\/\/www.justicepaix.be\/en\/wp-json\/wp\/v2\/comments?post=12933"}],"version-history":[{"count":0,"href":"http:\/\/www.justicepaix.be\/en\/wp-json\/wp\/v2\/posts\/12933\/revisions"}],"wp:featuredmedia":[{"embeddable":true,"href":"http:\/\/www.justicepaix.be\/en\/wp-json\/wp\/v2\/media\/12931"}],"wp:attachment":[{"href":"http:\/\/www.justicepaix.be\/en\/wp-json\/wp\/v2\/media?parent=12933"}],"wp:term":[{"taxonomy":"category","embeddable":true,"href":"http:\/\/www.justicepaix.be\/en\/wp-json\/wp\/v2\/categories?post=12933"},{"taxonomy":"post_tag","embeddable":true,"href":"http:\/\/www.justicepaix.be\/en\/wp-json\/wp\/v2\/tags?post=12933"}],"curies":[{"name":"wp","href":"https:\/\/api.w.org\/{rel}","templated":true}]}}