{"id":12794,"date":"2014-10-08T09:18:00","date_gmt":"2014-10-08T09:18:00","guid":{"rendered":"https:\/\/demop.netbaz.be\/2021\/jp\/2014\/10\/08\/defendre-la-dignite-humaine-en-temps-de-crise-economique\/"},"modified":"2021-04-14T11:46:03","modified_gmt":"2021-04-14T11:46:03","slug":"defendre-la-dignite-humaine-en-temps-de-crise-economique","status":"publish","type":"post","link":"http:\/\/www.justicepaix.be\/en\/defendre-la-dignite-humaine-en-temps-de-crise-economique\/","title":{"rendered":"Defending human dignity in times of economic crisis"},"content":{"rendered":"<p class=\"post_excerpt\">Final declaration of the International Justice and Peace Europe Workshop, October 2014<\/p>\n\n\n<!--more-->\nLa Conf\u00e9rence des Commissions europ\u00e9ennes de Justice et Paix, repr\u00e9sentant les 22 commissions nationales des Conf\u00e9rences des \u00e9v\u00eaques catholiques, s\u2019est rendue en Gr\u00e8ce \u00e0 l\u2019occasion d\u2019un atelier international sur les th\u00e8mes de la dignit\u00e9 humaine et de la crise \u00e9conomique. Dans ce pays, l\u2019impact de la crise est particuli\u00e8rement grave et visible, comme en t\u00e9moignent les nombreuses personnes qui ont d\u00e9cid\u00e9 de battre le pav\u00e9 pour protester contre le ch\u00f4mage et ses cons\u00e9quences. Nous sommes venus ici afin de r\u00e9fl\u00e9chir ensemble aux nouvelles menaces qui p\u00e8sent sur la dignit\u00e9 humaine, et aux assauts qu\u2019elle subit ; nous voulions \u00e9galement nous familiariser avec des exemples de bonne pratique quand il s\u2019agit de d\u00e9fendre la dignit\u00e9 humaine.\n\n <a href=\"http:\/\/demop.netbaz.be\/2021\/jp\/wp-content\/uploads\/2014\/10\/pdf_JP_Europe_Final_Declaration_IW_FR.pdf\">Version fran\u00e7aise<\/a>\n\n\nThe Conference of European Justice and Peace Commissions, representing 22 national commissions of Catholic Bishops\u2019 Conferences, has come to Greece for an International Workshop on theme of Human Dignity and Economic Crisis. In Greece the impact of the crisis has been particularly stark and visible, with people taking to the streets to protest about the widespread unemployment and its consequences. We have come here to reflect on the threats to, and offences against, human dignity\nthat have emerged, and learn about models of good practice for the protection of human dignity.\n\n <a href=\"http:\/\/demop.netbaz.be\/2021\/jp\/wp-content\/uploads\/2014\/10\/pdf_JP_Europe_Final_Declaration_IW.pdf\">Version anglaise<\/a>\n\n\n<h2 class=\"wp-block-heading\">Attachments<\/h2>\n\n\n\n<div class=\"wp-block-file\"><a href=\"http:\/\/demop.netbaz.be\/2021\/jp\/wp-content\/uploads\/2014\/10\/pdf_JP_Europe_Final_Declaration_IW.pdf\">Version anglaise<\/a><\/div>\n\n\n\n<div class=\"wp-block-file\"><a href=\"http:\/\/demop.netbaz.be\/2021\/jp\/wp-content\/uploads\/2014\/10\/pdf_JP_Europe_Final_Declaration_IW_FR.pdf\">Version fran\u00e7aise<\/a><\/div>","protected":false},"excerpt":{"rendered":"<p>Final declaration of the International Justice and Peace Europe Workshop, October 2014<\/p>","protected":false},"author":1,"featured_media":12791,"comment_status":"closed","ping_status":"open","sticky":false,"template":"","format":"standard","meta":{"_acf_changed":false,"_seopress_robots_primary_cat":"","_seopress_titles_title":"","_seopress_titles_desc":"","_seopress_robots_index":"","footnotes":""},"categories":[2721],"tags":[2831,2821,2833,2852,2839,2815],"class_list":["post-12794","post","type-post","status-publish","format-standard","has-post-thumbnail","hentry","category-plaidoyer-politique","tag-acteurs-economiques","tag-economie","tag-europe","tag-justice-et-paix-europe","tag-justice-sociale","tag-plaidoyer"],"acf":[],"_links":{"self":[{"href":"http:\/\/www.justicepaix.be\/en\/wp-json\/wp\/v2\/posts\/12794","targetHints":{"allow":["GET"]}}],"collection":[{"href":"http:\/\/www.justicepaix.be\/en\/wp-json\/wp\/v2\/posts"}],"about":[{"href":"http:\/\/www.justicepaix.be\/en\/wp-json\/wp\/v2\/types\/post"}],"author":[{"embeddable":true,"href":"http:\/\/www.justicepaix.be\/en\/wp-json\/wp\/v2\/users\/1"}],"replies":[{"embeddable":true,"href":"http:\/\/www.justicepaix.be\/en\/wp-json\/wp\/v2\/comments?post=12794"}],"version-history":[{"count":0,"href":"http:\/\/www.justicepaix.be\/en\/wp-json\/wp\/v2\/posts\/12794\/revisions"}],"wp:featuredmedia":[{"embeddable":true,"href":"http:\/\/www.justicepaix.be\/en\/wp-json\/wp\/v2\/media\/12791"}],"wp:attachment":[{"href":"http:\/\/www.justicepaix.be\/en\/wp-json\/wp\/v2\/media?parent=12794"}],"wp:term":[{"taxonomy":"category","embeddable":true,"href":"http:\/\/www.justicepaix.be\/en\/wp-json\/wp\/v2\/categories?post=12794"},{"taxonomy":"post_tag","embeddable":true,"href":"http:\/\/www.justicepaix.be\/en\/wp-json\/wp\/v2\/tags?post=12794"}],"curies":[{"name":"wp","href":"https:\/\/api.w.org\/{rel}","templated":true}]}}