{"id":12655,"date":"2014-05-22T15:06:24","date_gmt":"2014-05-22T15:06:24","guid":{"rendered":"https:\/\/demop.netbaz.be\/2021\/jp\/2014\/05\/22\/libre-echange-quels-sont-les-enjeux\/"},"modified":"2021-04-14T11:45:50","modified_gmt":"2021-04-14T11:45:50","slug":"libre-echange-quels-sont-les-enjeux","status":"publish","type":"post","link":"http:\/\/www.justicepaix.be\/en\/libre-echange-quels-sont-les-enjeux\/","title":{"rendered":"Free trade: what are the issues?"},"content":{"rendered":"\n\n\n\n<p class=\"post_excerpt\">Entre 1995 et 1997, les 29 \u00c9tats membres de l\u2019OCDE (Organisation de coop\u00e9ration et de d\u00e9veloppement \u00e9conomiques) avaient entrepris en secret la n\u00e9gociation d\u2019un accord multilat\u00e9ral sur l\u2019investissement (AMI) qui consacrait la pr\u00e9valence du droit des entreprises multinationales sur celui des peuples. Aujourd\u2019hui, cet accord avort\u00e9 revient sous une nouvelle forme non moins n\u00e9faste: le trait\u00e9 transatlantique. Reste \u00e0 savoir si la mobilisation ayant permis de contrer l\u2019AMI il y a 20 ans peut \u00e0 nouveau se r\u00e9veiller !<\/p>\n\n\n<!--more-->\n\u00ab Le bien-\u00eatre passe par la croissance, et la croissance par le commerce, donc tout au commerce \u00bb ! Ce discours simplificateur est v\u00e9cu comme une v\u00e9ritable proph\u00e9tie par nombre de responsables du monde politique pr\u00eats \u00e0 n\u00e9gliger certaines normes socio- environnementales pour atteindre ce bel id\u00e9al. Dans notre monde globalis\u00e9 o\u00f9 la logique concurrentielle r\u00e8gne en ma\u00eetre, c\u2019est \u00e0 qui fera l\u2019alliance commerciale la plus strat\u00e9gique pour dynamiser son \u00e9conomie. C\u2019est ainsi que pr\u00e8s de 200 accords commerciaux bilat\u00e9raux et r\u00e9gionaux sont entr\u00e9s en vigueur depuis 1999 <span class=\"footnote_referrer\"><a role=\"button\" tabindex=\"0\" onclick=\"footnote_moveToReference_12655_1('footnote_plugin_reference_12655_1_1');\" onkeypress=\"footnote_moveToReference_12655_1('footnote_plugin_reference_12655_1_1');\" ><sup id=\"footnote_plugin_tooltip_12655_1_1\" class=\"footnote_plugin_tooltip_text\">[1]<\/sup><\/a><span id=\"footnote_plugin_tooltip_text_12655_1_1\" class=\"footnote_tooltip\">Zacharie  Arnaud,  \u00ab<a href=\" http:\/\/www.cncd.be\/IMG\/pdf\/cahier_08.pdf\"> Les  accords  commerciaux  bilat\u00e9raux  et  r\u00e9gionaux :  la  raison  du  plus  fort ? \u00bb<\/a>,<\/span><\/span><script type=\"text\/javascript\"> jQuery('#footnote_plugin_tooltip_12655_1_1').tooltip({ tip: '#footnote_plugin_tooltip_text_12655_1_1', tipClass: 'footnote_tooltip', effect: 'fade', predelay: 0, fadeInSpeed: 200, delay: 400, fadeOutSpeed: 200, position: 'top center', relative: true, offset: [-7, 0], });<\/script> la plupart \u00e9tant des accords de libre-\u00e9change Nord-Sud <span class=\"footnote_referrer\"><a role=\"button\" tabindex=\"0\" onclick=\"footnote_moveToReference_12655_1('footnote_plugin_reference_12655_1_2');\" onkeypress=\"footnote_moveToReference_12655_1('footnote_plugin_reference_12655_1_2');\" ><sup id=\"footnote_plugin_tooltip_12655_1_2\" class=\"footnote_plugin_tooltip_text\">[2]<\/sup><\/a><span id=\"footnote_plugin_tooltip_text_12655_1_2\" class=\"footnote_tooltip\">Le libre-\u00e9change Nord-Sud signifie qu\u2019un accord de type commercial est conclu entre un pays \u00ab riche \u00bb du Nord et un pays dit \u00ab en d\u00e9veloppement \u00bb du Sud.<\/span><\/span><script type=\"text\/javascript\"> jQuery('#footnote_plugin_tooltip_12655_1_2').tooltip({ tip: '#footnote_plugin_tooltip_text_12655_1_2', tipClass: 'footnote_tooltip', effect: 'fade', predelay: 0, fadeInSpeed: 200, delay: 400, fadeOutSpeed: 200, position: 'top center', relative: true, offset: [-7, 0], });<\/script> o\u00f9 la raison du plus fort s\u2019impose souvent au d\u00e9triment du respect des droits les plus fondamentaux. C\u2019est autour de ce sujet que 4 partis politiques belges, le Sp.a avec Dirk Van der Maelen, Groen avec Petra de Sutter, le cdH avec Georges Dallemagne et le PTB+\/PVda+ avec Tim Joye ont exprim\u00e9 leur positionnement aux citoyens.\n\n\n<bloc>Le trait\u00e9 transatlantique\n\n\n\u00c0 l\u2019heure actuelle, c\u2019est l\u2019accord de partenariat transatlantique de commerce et d\u2019investissement (TTIP, Transatlantic Trade and Investment Partnership) qui est sur la table des n\u00e9gociations. Union europ\u00e9enne et \u00c9tats-Unis entreprennent un rapprochement discret qui pourrait bien engendrer de nombreuses cons\u00e9quences sur les standards de vie europ\u00e9ens. \n\n\nLe trait\u00e9 <blockquote>\u00ab proc\u00e9derait au d\u00e9mant\u00e8lement de tous les obstacles au commerce des services <span class=\"footnote_referrer\"><a role=\"button\" tabindex=\"0\" onclick=\"footnote_moveToReference_12655_1('footnote_plugin_reference_12655_1_3');\" onkeypress=\"footnote_moveToReference_12655_1('footnote_plugin_reference_12655_1_3');\" ><sup id=\"footnote_plugin_tooltip_12655_1_3\" class=\"footnote_plugin_tooltip_text\">[3]<\/sup><\/a><span id=\"footnote_plugin_tooltip_text_12655_1_3\" class=\"footnote_tooltip\">Il s\u2019agit d\u2019un projet de marchandisation des services publics (sant\u00e9, \u00e9ducation, services sociaux\u2026)\tqui renforceraient les tendances \u00e0 la privatisation et \u00e0 la commercialisation de ceux-ci<\/span><\/span><script type=\"text\/javascript\"> jQuery('#footnote_plugin_tooltip_12655_1_3').tooltip({ tip: '#footnote_plugin_tooltip_text_12655_1_3', tipClass: 'footnote_tooltip', effect: 'fade', predelay: 0, fadeInSpeed: 200, delay: 400, fadeOutSpeed: 200, position: 'top center', relative: true, offset: [-7, 0], });<\/script> et de tous les tarifs douaniers sur les produits. Les barri\u00e8res techniques et non tarifaires seraient \u00e9galement \u00e9limin\u00e9es \u00e0 travers l\u2019harmonisation et la reconnaissance mutuelle des normes et des r\u00e9glementations. Les march\u00e9s publics, la propri\u00e9t\u00e9 intellectuelle et l\u2019investissement seraient int\u00e9gralement lib\u00e9ralis\u00e9s \u00bb. <span class=\"footnote_referrer\"><a role=\"button\" tabindex=\"0\" onclick=\"footnote_moveToReference_12655_1('footnote_plugin_reference_12655_1_4');\" onkeypress=\"footnote_moveToReference_12655_1('footnote_plugin_reference_12655_1_4');\" ><sup id=\"footnote_plugin_tooltip_12655_1_4\" class=\"footnote_plugin_tooltip_text\">[4]<\/sup><\/a><span id=\"footnote_plugin_tooltip_text_12655_1_4\" class=\"footnote_tooltip\">Lire l&rsquo;<a href=\"http:\/\/www.mediapart.fr\/journal\/economie\/190213\/le-retour-d-un-zombie-l-accord-de-libre-echange- transatlantique?page_article=2\">article complet<\/a> sur Mediapart<\/span><\/span><script type=\"text\/javascript\"> jQuery('#footnote_plugin_tooltip_12655_1_4').tooltip({ tip: '#footnote_plugin_tooltip_text_12655_1_4', tipClass: 'footnote_tooltip', effect: 'fade', predelay: 0, fadeInSpeed: 200, delay: 400, fadeOutSpeed: 200, position: 'top center', relative: true, offset: [-7, 0], });<\/script><\/blockquote>\n\n\nConcr\u00e8tement, le trait\u00e9 permettrait \u00e0 des entreprises priv\u00e9es de concurrencer nos services publics en mati\u00e8re de sant\u00e9 et d\u2019\u00e9ducation notamment. Cette logique priv\u00e9e purement marchande pourrait bien engendrer une d\u00e9gradation de la qualit\u00e9 des services, des soins et des conditions de travail comme on le voit dans les h\u00f4pitaux priv\u00e9s de Grande-Bretagne, indique un rapport officiel. <span class=\"footnote_referrer\"><a role=\"button\" tabindex=\"0\" onclick=\"footnote_moveToReference_12655_1('footnote_plugin_reference_12655_1_5');\" onkeypress=\"footnote_moveToReference_12655_1('footnote_plugin_reference_12655_1_5');\" ><sup id=\"footnote_plugin_tooltip_12655_1_5\" class=\"footnote_plugin_tooltip_text\">[5]<\/sup><\/a><span id=\"footnote_plugin_tooltip_text_12655_1_5\" class=\"footnote_tooltip\">Mentionn\u00e9  dans  CNE, <a href=\"http:\/\/www.cne- gnc.be\/cmsfiles\/file\/A\/CNE\/PUBLICATIONS\/THEMATIQUES\/TTIPp.pdf\">\u00ab Le  trait\u00e9  transatlantique :  le  comprendre  pour  le  couler \u00bb<\/a> <\/span><\/span><script type=\"text\/javascript\"> jQuery('#footnote_plugin_tooltip_12655_1_5').tooltip({ tip: '#footnote_plugin_tooltip_text_12655_1_5', tipClass: 'footnote_tooltip', effect: 'fade', predelay: 0, fadeInSpeed: 200, delay: 400, fadeOutSpeed: 200, position: 'top center', relative: true, offset: [-7, 0], });<\/script> \n\n\n M\u00eame affaire pour l\u2019\u00e9ducation qui verrait bient\u00f4t fleurir des universit\u00e9s priv\u00e9es ind\u00e9pendantes du contr\u00f4le des \u00c9tats et probablement \u00e9trang\u00e8res au d\u00e9veloppement de l\u2019esprit critique qui nous est cher.\n\n\nAlors pourquoi conforter davantage un partenariat entre ces deux g\u00e9ants \u00e9conomiques tandis que les taxes douani\u00e8res <span class=\"footnote_referrer\"><a role=\"button\" tabindex=\"0\" onclick=\"footnote_moveToReference_12655_1('footnote_plugin_reference_12655_1_6');\" onkeypress=\"footnote_moveToReference_12655_1('footnote_plugin_reference_12655_1_6');\" ><sup id=\"footnote_plugin_tooltip_12655_1_6\" class=\"footnote_plugin_tooltip_text\">[6]<\/sup><\/a><span id=\"footnote_plugin_tooltip_text_12655_1_6\" class=\"footnote_tooltip\">Il s\u2019agit d\u2019une taxe pr\u00e9lev\u00e9e sur une marchandise import\u00e9e lors de son passage \u00e0 la fronti\u00e8re. Les droits de douane s\u2019\u00e9l\u00e8vent en moyenne \u00e0 5,2% pour les biens \u00e0 destination de l\u2019UE&nbsp;&#x2026; <span class=\"footnote_tooltip_continue\"  onclick=\"footnote_moveToReference_12655_1('footnote_plugin_reference_12655_1_6');\">Continuer la lecture<\/span><\/span><\/span><script type=\"text\/javascript\"> jQuery('#footnote_plugin_tooltip_12655_1_6').tooltip({ tip: '#footnote_plugin_tooltip_text_12655_1_6', tipClass: 'footnote_tooltip', effect: 'fade', predelay: 0, fadeInSpeed: 200, delay: 400, fadeOutSpeed: 200, position: 'top center', relative: true, offset: [-7, 0], });<\/script> environnent d\u00e9j\u00e0 les 4% et que l\u2019ampleur des \u00e9changes annuels d\u00e9passe les 600 milliards de dollars pour les seuls produits ?\n\n\nOfficiellement, pour favoriser la croissance et l\u2019emploi, officieusement, pour consacrer la supr\u00e9matie des entreprises priv\u00e9es sur les \u00c9tats, le tout inf\u00e9od\u00e9 au lib\u00e9ralisme d\u00e9r\u00e9gul\u00e9. Car la ratification de ce trait\u00e9 supposerait aussi l\u2019\u00e9limination des barri\u00e8res non tarifaires existantes, c\u2019est-\u00e0-dire de la plupart des normes et des r\u00e9glementations \u00e0 l\u2019arriv\u00e9e des produits am\u00e9ricains sur le march\u00e9 europ\u00e9en. \n\n\nAutrement dit, la disparition des mesures de protection sociales, environnementales et sanitaires qui contreviendraient \u00e0 la libert\u00e9 de march\u00e9 voulue par des entreprises avides de profit. Produits OGM, b\u0153uf aux hormones, porc gonfl\u00e9 \u00e0 la ractopamine\u2026 pourraient alors peupler nos supermarch\u00e9s.\n\n\nAvec en prime, le privil\u00e8ge pour ces entreprises de porter plainte en cas de r\u00e9sistance d\u2019un \u00c9tat \u00e0 leurs b\u00e9n\u00e9fices potentiels dans des tribunaux sp\u00e9cialement cr\u00e9\u00e9s pour arbitrer ce genre de litiges. \n\n\nPlus encore, un Conseil de coop\u00e9ration r\u00e9glementaire compos\u00e9 de hauts fonctionnaires europ\u00e9ens et am\u00e9ricains serait charg\u00e9 d\u2019\u00e9valuer si les lois des gouvernements nationaux ne co\u00fbtent pas trop cher aux entreprises et, auquel cas, de les recaler. Un avenir o\u00f9 le libre-\u00e9change institutionnalis\u00e9 impr\u00e9gnerait toutes les politiques publiques en ne leur conc\u00e9dant que quelques miettes de souverainet\u00e9.\n<\/bloc>\n\n\n<bloc>L\u2019avis des partis en Belgique\n\n\nLes n\u00e9gociations autour du trait\u00e9 ont d\u00e9but\u00e9 en juillet 2013 pour une dur\u00e9e de deux ans. La partie se joue au niveau europ\u00e9en mais les diff\u00e9rents parlements des \u00c9tats membres ont aussi leur mot \u00e0 dire. L\u2019occasion de consulter nos repr\u00e9sentants politiques  sur les enjeux du libre-\u00e9change.\n\n\n\n<ul><li>Emploi:<\/li><\/ul>\n\n\nLe trait\u00e9 transatlantique nous promet plus d\u2019emplois gr\u00e2ce \u00e0 une croissance stimul\u00e9e. La Commission europ\u00e9enne parle de plus de 0,5% de croissance du PIB tandis que les estimations du Centre europ\u00e9en d\u2019\u00e9conomie politique internationale avancent le chiffre de 0,06% de hausse du PIB. <span class=\"footnote_referrer\"><a role=\"button\" tabindex=\"0\" onclick=\"footnote_moveToReference_12655_1('footnote_plugin_reference_12655_1_7');\" onkeypress=\"footnote_moveToReference_12655_1('footnote_plugin_reference_12655_1_7');\" ><sup id=\"footnote_plugin_tooltip_12655_1_7\" class=\"footnote_plugin_tooltip_text\">[7]<\/sup><\/a><span id=\"footnote_plugin_tooltip_text_12655_1_7\" class=\"footnote_tooltip\">WALLACH Lori M., <a href=\"http:\/\/www.monde- diplomatique.fr\/2013\/11\/WALLACH\/49803\">\u00ab Le trait\u00e9 transatlantique, un typhon qui menace les europ\u00e9ens \u00bb<\/a>.<\/span><\/span><script type=\"text\/javascript\"> jQuery('#footnote_plugin_tooltip_12655_1_7').tooltip({ tip: '#footnote_plugin_tooltip_text_12655_1_7', tipClass: 'footnote_tooltip', effect: 'fade', predelay: 0, fadeInSpeed: 200, delay: 400, fadeOutSpeed: 200, position: 'top center', relative: true, offset: [-7, 0], });<\/script>\n\n\nLe cas de l\u2019accord de libre-\u00e9change nord-am\u00e9ricain (ALENA), entr\u00e9 en vigueur en 1994 peut apporter un \u00e9clairage. Perte de pr\u00e8s d\u2019un million d\u2019emplois aux \u00c9tats-Unis, diminution de plus d\u2019un million et demi d\u2019exploitations agricoles au Mexique, conditions de travail d\u00e9plorables dans les maquiladoras <span class=\"footnote_referrer\"><a role=\"button\" tabindex=\"0\" onclick=\"footnote_moveToReference_12655_1('footnote_plugin_reference_12655_1_8');\" onkeypress=\"footnote_moveToReference_12655_1('footnote_plugin_reference_12655_1_8');\" ><sup id=\"footnote_plugin_tooltip_12655_1_8\" class=\"footnote_plugin_tooltip_text\">[8]<\/sup><\/a><span id=\"footnote_plugin_tooltip_text_12655_1_8\" class=\"footnote_tooltip\">Ce terme d\u00e9signe les usines de montage situ\u00e9es \u00e0 la fronti\u00e8re entre le Mexique et les \u00c9tats-Unis o\u00f9 sont produits \u00e0 bas prix des biens de diff\u00e9rents secteurs comme le textile, la chimie et&nbsp;&#x2026; <span class=\"footnote_tooltip_continue\"  onclick=\"footnote_moveToReference_12655_1('footnote_plugin_reference_12655_1_8');\">Continuer la lecture<\/span><\/span><\/span><script type=\"text\/javascript\"> jQuery('#footnote_plugin_tooltip_12655_1_8').tooltip({ tip: '#footnote_plugin_tooltip_text_12655_1_8', tipClass: 'footnote_tooltip', effect: 'fade', predelay: 0, fadeInSpeed: 200, delay: 400, fadeOutSpeed: 200, position: 'top center', relative: true, offset: [-7, 0], });<\/script> &#8230;Le trait\u00e9 n\u2019a pas tenu toutes ses promesses.\n\n\nD\u2019apr\u00e8s le SP.a, les b\u00e9n\u00e9fices annonc\u00e9s par Karel de Gucht, Commissaire europ\u00e9en au Commerce, seront probablement en de\u00e7\u00e0 des pr\u00e9visions et le trait\u00e9 risque de mettre \u00e0 mal les \u00e9quilibres existant en mati\u00e8re d\u2019emploi. Le cdH affirme que cela vaut la peine de s\u2019orienter vers des convergences r\u00e9glementaires entre \u00c9tats-Unis et Union europ\u00e9enne sans obligation d\u2019aboutir si des consensus ne sont pas trouv\u00e9s. \n\n\nRefuser cat\u00e9goriquement de s\u2019asseoir \u00e0 la table des n\u00e9gociations est, d\u2019apr\u00e8s Georges Dallemagne, une attitude regrettable d\u2019autant qu\u2019il existe un espoir de relever les normes internationales gr\u00e2ce aux standards \u00e9lev\u00e9s de l\u2019Europe.\n\n\nGroen r\u00e9plique qu\u2019il est illusoire de penser que les \u00c9tats-Unis puissent int\u00e9grer nos normes sociales. On peut esp\u00e9rer une croissance dans le temps mais il faut surtout r\u00e9fl\u00e9chir aux cons\u00e9quences \u00e0 court terme de ces d\u00e9cisions. \n\n\nLa question n\u2019est pas seulement la cr\u00e9ation d\u2019emplois mais le type d\u2019emplois cr\u00e9\u00e9s selon le PTB+. Pour Tim Joye, le trait\u00e9 implique de r\u00e9duire les acquis sociaux afin de r\u00e9aliser de nouveaux investissements. De plus, le mandat donn\u00e9 \u00e0 la Commission est bien trop large et l\u2019opacit\u00e9 des n\u00e9gociations g\u00eanante. Le r\u00f4le de la Commission est d\u2019informer le citoyen des processus en cours, affirme le parti.\n\n\nTous insistent  sur la n\u00e9cessit\u00e9 que les enjeux europ\u00e9ens  soient  plus  pr\u00e9sents  au niveau national.\n\n\n\n<ul><li> Arbitrage investisseurs\/\u00c9tats :<\/li><\/ul>\n\n\nComme dit plus haut, le trait\u00e9 inclut la cr\u00e9ation d\u2019un tribunal priv\u00e9 gr\u00e2ce auquel les entreprises pourraient attaquer les lois des \u00c9tats qui entravent leur profit et exiger de leur part des compensations financi\u00e8res (aux frais du contribuable). Il s\u2019agit du RDIE, un syst\u00e8me de R\u00e8glement des Diff\u00e9rends Investisseurs-\u00c9tats qui existe d\u00e9j\u00e0 dans de nombreux trait\u00e9s internationaux. Des proc\u00e8s de ce type ont en effet d\u00e9j\u00e0 eu lieu. \n\n\nPar exemple, en 2012, la compagnie d\u2019\u00e9nergie nucl\u00e9aire su\u00e9doise Vattenfall a fait une demande d\u2019arbitrage apr\u00e8s que l\u2019Allemagne ait annonc\u00e9 sa sortie du nucl\u00e9aire.\nLes \u00c9tats, par contre, n\u2019auraient pas le droit de poursuivre les entreprises. On d\u00e9nombre 514 diff\u00e9rends investisseurs-\u00c9tats dans le monde en 2012 dont 31% des jugements ont \u00e9t\u00e9 favorables aux premiers. <span class=\"footnote_referrer\"><a role=\"button\" tabindex=\"0\" onclick=\"footnote_moveToReference_12655_1('footnote_plugin_reference_12655_1_9');\" onkeypress=\"footnote_moveToReference_12655_1('footnote_plugin_reference_12655_1_9');\" ><sup id=\"footnote_plugin_tooltip_12655_1_9\" class=\"footnote_plugin_tooltip_text\">[9]<\/sup><\/a><span id=\"footnote_plugin_tooltip_text_12655_1_9\" class=\"footnote_tooltip\">CNE, <a href=\"http:\/\/www.cne-gnc.be\/cmsfiles\/file\/A\/CNE\/PUBLICATIONS\/THEMATIQUES\/TTIPp.pdf\">\u00ab Le trait\u00e9 transatlantique : le comprendre pour le couler \u00bb<\/a><\/span><\/span><script type=\"text\/javascript\"> jQuery('#footnote_plugin_tooltip_12655_1_9').tooltip({ tip: '#footnote_plugin_tooltip_text_12655_1_9', tipClass: 'footnote_tooltip', effect: 'fade', predelay: 0, fadeInSpeed: 200, delay: 400, fadeOutSpeed: 200, position: 'top center', relative: true, offset: [-7, 0], });<\/script>\n\n\nGroen qualifie d\u2019absurde cette pratique, rejoint par le PTB+ qui regrette qu\u2019un processus de d\u00e9cision d\u00e9mocratique soit mis sur le m\u00eame pied que les ambitions des entreprises pr\u00e9occup\u00e9es d\u2019int\u00e9r\u00eats particuliers. Le SP.a r\u00e9affirm\u00e9 que les valeurs et les normes europ\u00e9ennes doivent \u00eatre le fil rouge de la n\u00e9gociation. Et le cdH de faire remarquer que c\u2019est l\u2019Europe qui est demandeuse de ce syst\u00e8me d\u2019arbitrage.\n\n\n\n<ul><li> Environnement :<\/li><\/ul>\n\n\nLe 12 mars, Karel De Gucht a annonc\u00e9 en Commission de la Chambre des Repr\u00e9sentants (Belgique) que l\u2019exploration de gaz de schiste (ou fracking) ferait partie du mandat des n\u00e9gociations sur l\u2019accord de libre-\u00e9change avec les \u00c9tats-Unis. Notons que si l\u2019UE entendait respecter l\u2019objectif de r\u00e9duction de 80 \u00e0 95% des \u00e9missions de gaz \u00e0 effets de serre fix\u00e9 par le GIEC <span class=\"footnote_referrer\"><a role=\"button\" tabindex=\"0\" onclick=\"footnote_moveToReference_12655_1('footnote_plugin_reference_12655_1_10');\" onkeypress=\"footnote_moveToReference_12655_1('footnote_plugin_reference_12655_1_10');\" ><sup id=\"footnote_plugin_tooltip_12655_1_10\" class=\"footnote_plugin_tooltip_text\">[10]<\/sup><\/a><span id=\"footnote_plugin_tooltip_text_12655_1_10\" class=\"footnote_tooltip\">Groupe d\u2019experts intergouvernemental sur l\u2019\u00e9volution du climat<\/span><\/span><script type=\"text\/javascript\"> jQuery('#footnote_plugin_tooltip_12655_1_10').tooltip({ tip: '#footnote_plugin_tooltip_text_12655_1_10', tipClass: 'footnote_tooltip', effect: 'fade', predelay: 0, fadeInSpeed: 200, delay: 400, fadeOutSpeed: 200, position: 'top center', relative: true, offset: [-7, 0], });<\/script> \u00e0 l\u2019horizon de 2050, elle devrait d\u00e9j\u00e0 r\u00e9duire ceux-ci de 55 \u00e0 60% pour 2030 et s\u2019orienter largement vers les \u00e9nergies renouvelables. \n\n\nPourtant, les parlementaires europ\u00e9ens ont vot\u00e9 en f\u00e9vrier dernier tous ces objectifs \u00e0 la baisse, se limitant \u00e0 40%. Comment, dans ce contexte, est-il possible de concilier la volont\u00e9 de croissance du commerce international et l\u2019atteinte d\u2019objectifs environnementaux essentiels ? N\u2019y a-t-il pas un risque de voir \u00e9merger de fausses solutions comme celle du gaz de schiste, repr\u00e9sentant \u00e0 la fois un danger pour l\u2019environnement et les populations? <span class=\"footnote_referrer\"><a role=\"button\" tabindex=\"0\" onclick=\"footnote_moveToReference_12655_1('footnote_plugin_reference_12655_1_11');\" onkeypress=\"footnote_moveToReference_12655_1('footnote_plugin_reference_12655_1_11');\" ><sup id=\"footnote_plugin_tooltip_12655_1_11\" class=\"footnote_plugin_tooltip_text\">[11]<\/sup><\/a><span id=\"footnote_plugin_tooltip_text_12655_1_11\" class=\"footnote_tooltip\">Chaque puits d\u2019extraction n\u00e9cessite entre 4 et 30 millions de litres d\u2019eau et de 80 \u00e0 300 tonnes de produits chimiques canc\u00e9rig\u00e8nes, comme le benz\u00e8ne, le tolu\u00e8ne, l\u2019\u00e9thylbenz\u00e8ne ou le&nbsp;&#x2026; <span class=\"footnote_tooltip_continue\"  onclick=\"footnote_moveToReference_12655_1('footnote_plugin_reference_12655_1_11');\">Continuer la lecture<\/span><\/span><\/span><script type=\"text\/javascript\"> jQuery('#footnote_plugin_tooltip_12655_1_11').tooltip({ tip: '#footnote_plugin_tooltip_text_12655_1_11', tipClass: 'footnote_tooltip', effect: 'fade', predelay: 0, fadeInSpeed: 200, delay: 400, fadeOutSpeed: 200, position: 'top center', relative: true, offset: [-7, 0], });<\/script>\n\n\nFace \u00e0 cette probl\u00e9matique, Groen refuse cat\u00e9goriquement l\u2019exploitation du gaz de schiste et rappelle notre devoir de trouver des alternatives aux combustibles fossiles. Le cdH admet que les techniques d\u2019extraction sont inqui\u00e9tantes mais souligne que l\u2019Europe importe d\u00e9j\u00e0 du gaz issu des \u00c9tats-Unis. Georges Dallemagne souligne la n\u00e9cessit\u00e9 d\u2019une politique \u00e9nerg\u00e9tique europ\u00e9enne commune qui imposerait plus de coh\u00e9rence \u00e0 ce niveau. \n\n\nLe SP.a se positionne contre le gaz de schiste mais indique que les pays de l\u2019UE sont divis\u00e9s \u00e0 ce sujet. Selon le PTB+, l\u2019exploitation du gaz de schiste r\u00e9pond \u00e0 des ambitions \u00e9conomiques de l\u2019UE qui risquent de ruiner notre petite chance de sauver la plan\u00e8te. Tim Joye invite \u00e0 se tourner vers les mouvements sociaux qui am\u00e8nent le v\u00e9ritable changement.\n<\/bloc>\n\n\n<bloc>Une opposition r\u00e9aliste ?\n\n\n\u00c9couter ces 4 partis permet de se rendre compte de leurs r\u00e9ticences devant les diff\u00e9rents aspects \u00e9voqu\u00e9s du trait\u00e9. Si celui-ci venait \u00e0 rester inchang\u00e9, les partis mettraient un terme aux n\u00e9gociations. Mais contrairement \u00e0 Groen et au PTB, le cdH et le SP.a restent pour le moment ouverts \u00e0 la discussion, le SP.a allant jusqu\u2019\u00e0 affirmer qu\u2019une alliance UE- \u00c9tats-Unis permettrait d\u2019\u00eatre \u00ab plus forts \u00bb que la Chine, qui serait ainsi \u00ab contrainte de nous suivre \u00bb.\n\n\nMais ces positionnements en apparence encourageants s\u2019effacent vite lorsqu\u2019il s\u2019agit de les assumer au sein des gouvernements, reconnait avec honn\u00eatet\u00e9 le SP.a. Les opinions c\u00e8dent la place aux calculs strat\u00e9giques et le r\u00e9alisme peureux reprend le dessus. Un mot d\u2019ordre :<blockquote>\u00ab Citoyens, gardez l\u2019\u0153il ouvert, restez critiques, et ne vous laissez pas embobiner ! \u00bb<\/blockquote>.\n<\/bloc>\n\n\nG\u00e9raldine Duquenne \n<h2 class=\"wp-block-heading\">Documents joints<\/h2>\n\n\n\n<div class=\"wp-block-file\"><a href=\"http:\/\/demop.netbaz.be\/2021\/jp\/wp-content\/uploads\/2014\/05\/pdf_2014_Analyse_Libre-echange_-_quels_sont_les_enjeux.pdf\">Libre-\u00e9change : quels sont les enjeux ?<\/a><\/div>\n\n\n<div class=\"speaker-mute footnotes_reference_container\"> <div class=\"footnote_container_prepare\"><p><span role=\"button\" tabindex=\"0\" class=\"footnote_reference_container_label pointer\" onclick=\"footnote_expand_collapse_reference_container_12655_1();\">Notes<\/span><span role=\"button\" tabindex=\"0\" class=\"footnote_reference_container_collapse_button\" style=\"display: none;\" onclick=\"footnote_expand_collapse_reference_container_12655_1();\">[<a id=\"footnote_reference_container_collapse_button_12655_1\">+<\/a>]<\/span><\/p><\/div> <div id=\"footnote_references_container_12655_1\" style=\"\"><table class=\"footnotes_table footnote-reference-container\"><caption class=\"accessibility\">Notes<\/caption> <tbody> \r\n\r\n<tr class=\"footnotes_plugin_reference_row\"> <th scope=\"row\" id=\"footnote_plugin_reference_12655_1_1\" class=\"footnote_plugin_index pointer\" onclick=\"footnote_moveToAnchor_12655_1('footnote_plugin_tooltip_12655_1_1');\"><a role=\"button\" tabindex=\"0\" class=\"footnote_plugin_link\" ><span class=\"footnote_index_arrow\">&#8593;<\/span>1<\/a><\/th> <td class=\"footnote_plugin_text\">Zacharie  Arnaud,  \u00ab<a href=\" http:\/\/www.cncd.be\/IMG\/pdf\/cahier_08.pdf\"> Les  accords  commerciaux  bilat\u00e9raux  et  r\u00e9gionaux :  la  raison  du  plus  fort ? \u00bb<\/a>,<\/td><\/tr>\r\n\r\n<tr class=\"footnotes_plugin_reference_row\"> <th scope=\"row\" id=\"footnote_plugin_reference_12655_1_2\" class=\"footnote_plugin_index pointer\" onclick=\"footnote_moveToAnchor_12655_1('footnote_plugin_tooltip_12655_1_2');\"><a role=\"button\" tabindex=\"0\" class=\"footnote_plugin_link\" ><span class=\"footnote_index_arrow\">&#8593;<\/span>2<\/a><\/th> <td class=\"footnote_plugin_text\">Le libre-\u00e9change Nord-Sud signifie qu\u2019un accord de type commercial est conclu entre un pays \u00ab riche \u00bb du Nord et un pays dit \u00ab en d\u00e9veloppement \u00bb du Sud.<\/td><\/tr>\r\n\r\n<tr class=\"footnotes_plugin_reference_row\"> <th scope=\"row\" id=\"footnote_plugin_reference_12655_1_3\" class=\"footnote_plugin_index pointer\" onclick=\"footnote_moveToAnchor_12655_1('footnote_plugin_tooltip_12655_1_3');\"><a role=\"button\" tabindex=\"0\" class=\"footnote_plugin_link\" ><span class=\"footnote_index_arrow\">&#8593;<\/span>3<\/a><\/th> <td class=\"footnote_plugin_text\">Il s\u2019agit d\u2019un projet de marchandisation des services publics (sant\u00e9, \u00e9ducation, services sociaux\u2026)\tqui renforceraient les tendances \u00e0 la privatisation et \u00e0 la commercialisation de ceux-ci<\/td><\/tr>\r\n\r\n<tr class=\"footnotes_plugin_reference_row\"> <th scope=\"row\" id=\"footnote_plugin_reference_12655_1_4\" class=\"footnote_plugin_index pointer\" onclick=\"footnote_moveToAnchor_12655_1('footnote_plugin_tooltip_12655_1_4');\"><a role=\"button\" tabindex=\"0\" class=\"footnote_plugin_link\" ><span class=\"footnote_index_arrow\">&#8593;<\/span>4<\/a><\/th> <td class=\"footnote_plugin_text\">Lire l&rsquo;<a href=\"http:\/\/www.mediapart.fr\/journal\/economie\/190213\/le-retour-d-un-zombie-l-accord-de-libre-echange- transatlantique?page_article=2\">article complet<\/a> sur Mediapart<\/td><\/tr>\r\n\r\n<tr class=\"footnotes_plugin_reference_row\"> <th scope=\"row\" id=\"footnote_plugin_reference_12655_1_5\" class=\"footnote_plugin_index pointer\" onclick=\"footnote_moveToAnchor_12655_1('footnote_plugin_tooltip_12655_1_5');\"><a role=\"button\" tabindex=\"0\" class=\"footnote_plugin_link\" ><span class=\"footnote_index_arrow\">&#8593;<\/span>5<\/a><\/th> <td class=\"footnote_plugin_text\">Mentionn\u00e9  dans  CNE, <a href=\"http:\/\/www.cne- gnc.be\/cmsfiles\/file\/A\/CNE\/PUBLICATIONS\/THEMATIQUES\/TTIPp.pdf\">\u00ab Le  trait\u00e9  transatlantique :  le  comprendre  pour  le  couler \u00bb<\/a> <\/td><\/tr>\r\n\r\n<tr class=\"footnotes_plugin_reference_row\"> <th scope=\"row\" id=\"footnote_plugin_reference_12655_1_6\" class=\"footnote_plugin_index pointer\" onclick=\"footnote_moveToAnchor_12655_1('footnote_plugin_tooltip_12655_1_6');\"><a role=\"button\" tabindex=\"0\" class=\"footnote_plugin_link\" ><span class=\"footnote_index_arrow\">&#8593;<\/span>6<\/a><\/th> <td class=\"footnote_plugin_text\">Il s\u2019agit d\u2019une taxe pr\u00e9lev\u00e9e sur une marchandise import\u00e9e lors de son passage \u00e0 la fronti\u00e8re. Les droits de douane s\u2019\u00e9l\u00e8vent en moyenne \u00e0 5,2% pour les biens \u00e0 destination de l\u2019UE et \u00e0 3,5% pour les biens \u00e0 destination des \u00c9tats-Unis.<\/td><\/tr>\r\n\r\n<tr class=\"footnotes_plugin_reference_row\"> <th scope=\"row\" id=\"footnote_plugin_reference_12655_1_7\" class=\"footnote_plugin_index pointer\" onclick=\"footnote_moveToAnchor_12655_1('footnote_plugin_tooltip_12655_1_7');\"><a role=\"button\" tabindex=\"0\" class=\"footnote_plugin_link\" ><span class=\"footnote_index_arrow\">&#8593;<\/span>7<\/a><\/th> <td class=\"footnote_plugin_text\">WALLACH Lori M., <a href=\"http:\/\/www.monde- diplomatique.fr\/2013\/11\/WALLACH\/49803\">\u00ab Le trait\u00e9 transatlantique, un typhon qui menace les europ\u00e9ens \u00bb<\/a>.<\/td><\/tr>\r\n\r\n<tr class=\"footnotes_plugin_reference_row\"> <th scope=\"row\" id=\"footnote_plugin_reference_12655_1_8\" class=\"footnote_plugin_index pointer\" onclick=\"footnote_moveToAnchor_12655_1('footnote_plugin_tooltip_12655_1_8');\"><a role=\"button\" tabindex=\"0\" class=\"footnote_plugin_link\" ><span class=\"footnote_index_arrow\">&#8593;<\/span>8<\/a><\/th> <td class=\"footnote_plugin_text\">Ce terme d\u00e9signe les usines de montage situ\u00e9es \u00e0 la fronti\u00e8re entre le Mexique et les \u00c9tats-Unis o\u00f9 sont produits \u00e0 bas prix des biens de diff\u00e9rents secteurs comme le textile, la chimie et agrochimie, l\u2019\u00e9lectronique et les automobiles<\/td><\/tr>\r\n\r\n<tr class=\"footnotes_plugin_reference_row\"> <th scope=\"row\" id=\"footnote_plugin_reference_12655_1_9\" class=\"footnote_plugin_index pointer\" onclick=\"footnote_moveToAnchor_12655_1('footnote_plugin_tooltip_12655_1_9');\"><a role=\"button\" tabindex=\"0\" class=\"footnote_plugin_link\" ><span class=\"footnote_index_arrow\">&#8593;<\/span>9<\/a><\/th> <td class=\"footnote_plugin_text\">CNE, <a href=\"http:\/\/www.cne-gnc.be\/cmsfiles\/file\/A\/CNE\/PUBLICATIONS\/THEMATIQUES\/TTIPp.pdf\">\u00ab Le trait\u00e9 transatlantique : le comprendre pour le couler \u00bb<\/a><\/td><\/tr>\r\n\r\n<tr class=\"footnotes_plugin_reference_row\"> <th scope=\"row\" id=\"footnote_plugin_reference_12655_1_10\" class=\"footnote_plugin_index pointer\" onclick=\"footnote_moveToAnchor_12655_1('footnote_plugin_tooltip_12655_1_10');\"><a role=\"button\" tabindex=\"0\" class=\"footnote_plugin_link\" ><span class=\"footnote_index_arrow\">&#8593;<\/span>10<\/a><\/th> <td class=\"footnote_plugin_text\">Groupe d\u2019experts intergouvernemental sur l\u2019\u00e9volution du climat<\/td><\/tr>\r\n\r\n<tr class=\"footnotes_plugin_reference_row\"> <th scope=\"row\" id=\"footnote_plugin_reference_12655_1_11\" class=\"footnote_plugin_index pointer\" onclick=\"footnote_moveToAnchor_12655_1('footnote_plugin_tooltip_12655_1_11');\"><a role=\"button\" tabindex=\"0\" class=\"footnote_plugin_link\" ><span class=\"footnote_index_arrow\">&#8593;<\/span>11<\/a><\/th> <td class=\"footnote_plugin_text\">Chaque puits d\u2019extraction n\u00e9cessite entre 4 et 30 millions de litres d\u2019eau et de 80 \u00e0 300 tonnes de produits chimiques canc\u00e9rig\u00e8nes, comme le benz\u00e8ne, le tolu\u00e8ne, l\u2019\u00e9thylbenz\u00e8ne ou le xyl\u00e8ne.<\/td><\/tr>\r\n\r\n <\/tbody> <\/table> <\/div><\/div><script type=\"text\/javascript\"> function footnote_expand_reference_container_12655_1() { jQuery('#footnote_references_container_12655_1').show(); jQuery('#footnote_reference_container_collapse_button_12655_1').text('\u2212'); } function footnote_collapse_reference_container_12655_1() { jQuery('#footnote_references_container_12655_1').hide(); jQuery('#footnote_reference_container_collapse_button_12655_1').text('+'); } function footnote_expand_collapse_reference_container_12655_1() { if (jQuery('#footnote_references_container_12655_1').is(':hidden')) { footnote_expand_reference_container_12655_1(); } else { footnote_collapse_reference_container_12655_1(); } } function footnote_moveToReference_12655_1(p_str_TargetID) { footnote_expand_reference_container_12655_1(); var l_obj_Target = jQuery('#' + p_str_TargetID); if (l_obj_Target.length) { jQuery( 'html, body' ).delay( 0 ); jQuery('html, body').animate({ scrollTop: l_obj_Target.offset().top - window.innerHeight * 0.2 }, 380); } } function footnote_moveToAnchor_12655_1(p_str_TargetID) { footnote_expand_reference_container_12655_1(); var l_obj_Target = jQuery('#' + p_str_TargetID); if (l_obj_Target.length) { jQuery( 'html, body' ).delay( 0 ); jQuery('html, body').animate({ scrollTop: l_obj_Target.offset().top - window.innerHeight * 0.2 }, 380); } }<\/script>","protected":false},"excerpt":{"rendered":"<p>Entre 1995 et 1997, les 29 \u00c9tats membres de l\u2019OCDE (Organisation de coop\u00e9ration et de d\u00e9veloppement \u00e9conomiques) avaient entrepris en secret la n\u00e9gociation d\u2019un accord multilat\u00e9ral sur l\u2019investissement (AMI) qui consacrait la pr\u00e9valence du droit des entreprises multinationales sur celui des peuples. Aujourd\u2019hui, cet accord avort\u00e9 revient sous une nouvelle forme non moins n\u00e9faste: le [&hellip;]<\/p>\n","protected":false},"author":1,"featured_media":12654,"comment_status":"closed","ping_status":"open","sticky":false,"template":"","format":"standard","meta":{"_acf_changed":false,"_seopress_robots_primary_cat":"","_seopress_titles_title":"","_seopress_titles_desc":"","_seopress_robots_index":"","footnotes":""},"categories":[2722],"tags":[2824,2821,2811,2834],"class_list":["post-12655","post","type-post","status-publish","format-standard","has-post-thumbnail","hentry","category-articles-nos-publications","tag-droits-humains","tag-economie","tag-ressources-naturelles","tag-union-europeenne"],"acf":[],"_links":{"self":[{"href":"http:\/\/www.justicepaix.be\/en\/wp-json\/wp\/v2\/posts\/12655","targetHints":{"allow":["GET"]}}],"collection":[{"href":"http:\/\/www.justicepaix.be\/en\/wp-json\/wp\/v2\/posts"}],"about":[{"href":"http:\/\/www.justicepaix.be\/en\/wp-json\/wp\/v2\/types\/post"}],"author":[{"embeddable":true,"href":"http:\/\/www.justicepaix.be\/en\/wp-json\/wp\/v2\/users\/1"}],"replies":[{"embeddable":true,"href":"http:\/\/www.justicepaix.be\/en\/wp-json\/wp\/v2\/comments?post=12655"}],"version-history":[{"count":0,"href":"http:\/\/www.justicepaix.be\/en\/wp-json\/wp\/v2\/posts\/12655\/revisions"}],"wp:featuredmedia":[{"embeddable":true,"href":"http:\/\/www.justicepaix.be\/en\/wp-json\/wp\/v2\/media\/12654"}],"wp:attachment":[{"href":"http:\/\/www.justicepaix.be\/en\/wp-json\/wp\/v2\/media?parent=12655"}],"wp:term":[{"taxonomy":"category","embeddable":true,"href":"http:\/\/www.justicepaix.be\/en\/wp-json\/wp\/v2\/categories?post=12655"},{"taxonomy":"post_tag","embeddable":true,"href":"http:\/\/www.justicepaix.be\/en\/wp-json\/wp\/v2\/tags?post=12655"}],"curies":[{"name":"wp","href":"https:\/\/api.w.org\/{rel}","templated":true}]}}