{"id":12514,"date":"2014-01-25T12:19:00","date_gmt":"2014-01-25T12:19:00","guid":{"rendered":"https:\/\/demop.netbaz.be\/2021\/jp\/2014\/01\/25\/et-si-l-economie-nous-parlait-du-bonheur-780\/"},"modified":"2014-01-25T12:19:00","modified_gmt":"2014-01-25T12:19:00","slug":"et-si-l-economie-nous-parlait-du-bonheur-780","status":"publish","type":"post","link":"http:\/\/www.justicepaix.be\/en\/et-si-l-economie-nous-parlait-du-bonheur-780\/","title":{"rendered":"What if economics told us about happiness?"},"content":{"rendered":"<p class=\"post_excerpt\">Laure Malchair est l\u2019invit\u00e9e de l\u2019\u00e9mission \u00ab\u00a0Entre&rsquo;Premi\u00e8re, sur la Radio \u00ab\u00a0La Premi\u00e8re\u00a0\u00bb \u00e0 propos de son \u00e9tude \u00ab\u00a0Et si l\u2019\u00e9conomie nous parlait du bonheur ? Des indicateurs de prosp\u00e9rit\u00e9 citoyens\u00a0\u00bb. \u00bb <\/p>\n<p><!--more--><br \/>\n<a href=\" http:\/\/www.rtbf.be\/radio\/podcast\/player?id=1888574&#038;channel=lapremiere\">Listen to the show<\/a><\/p>\n<p><a href=\"https:\/\/www.justicepaix.be\/en\/?article754\">Commander l&rsquo;\u00c9tude<\/a><\/p>","protected":false},"excerpt":{"rendered":"<p>Laure Malchair est l\u2019invit\u00e9e de l\u2019\u00e9mission \u00ab\u00a0Entre&rsquo;Premi\u00e8re, sur la Radio \u00ab\u00a0La Premi\u00e8re\u00a0\u00bb \u00e0 propos de son \u00e9tude \u00ab\u00a0Et si l\u2019\u00e9conomie nous parlait du bonheur ? Des indicateurs de prosp\u00e9rit\u00e9 citoyens\u00a0\u00bb. \u00bb<\/p>","protected":false},"author":1,"featured_media":0,"comment_status":"closed","ping_status":"open","sticky":false,"template":"","format":"standard","meta":{"_acf_changed":false,"_seopress_robots_primary_cat":"","_seopress_titles_title":"","_seopress_titles_desc":"","_seopress_robots_index":"","footnotes":""},"categories":[2846,2686],"tags":[2809,2802,2821,2839,2822,2819],"class_list":["post-12514","post","type-post","status-publish","format-standard","hentry","category-dans-les-medias","category-pre-2015","tag-actions-citoyennes","tag-bonne-gouvernance","tag-economie","tag-justice-sociale","tag-mondialisation","tag-questions-sociales"],"acf":[],"_links":{"self":[{"href":"http:\/\/www.justicepaix.be\/en\/wp-json\/wp\/v2\/posts\/12514","targetHints":{"allow":["GET"]}}],"collection":[{"href":"http:\/\/www.justicepaix.be\/en\/wp-json\/wp\/v2\/posts"}],"about":[{"href":"http:\/\/www.justicepaix.be\/en\/wp-json\/wp\/v2\/types\/post"}],"author":[{"embeddable":true,"href":"http:\/\/www.justicepaix.be\/en\/wp-json\/wp\/v2\/users\/1"}],"replies":[{"embeddable":true,"href":"http:\/\/www.justicepaix.be\/en\/wp-json\/wp\/v2\/comments?post=12514"}],"version-history":[{"count":0,"href":"http:\/\/www.justicepaix.be\/en\/wp-json\/wp\/v2\/posts\/12514\/revisions"}],"wp:attachment":[{"href":"http:\/\/www.justicepaix.be\/en\/wp-json\/wp\/v2\/media?parent=12514"}],"wp:term":[{"taxonomy":"category","embeddable":true,"href":"http:\/\/www.justicepaix.be\/en\/wp-json\/wp\/v2\/categories?post=12514"},{"taxonomy":"post_tag","embeddable":true,"href":"http:\/\/www.justicepaix.be\/en\/wp-json\/wp\/v2\/tags?post=12514"}],"curies":[{"name":"wp","href":"https:\/\/api.w.org\/{rel}","templated":true}]}}