{"id":12189,"date":"2013-03-04T00:00:00","date_gmt":"2013-03-04T00:00:00","guid":{"rendered":"https:\/\/demop.netbaz.be\/2021\/jp\/2013\/03\/04\/le-developpement-durable-comme-instrument-de-paix\/"},"modified":"2021-04-14T11:45:33","modified_gmt":"2021-04-14T11:45:33","slug":"le-developpement-durable-comme-instrument-de-paix","status":"publish","type":"post","link":"http:\/\/www.justicepaix.be\/en\/le-developpement-durable-comme-instrument-de-paix\/","title":{"rendered":"Sustainable development as an instrument of peace"},"content":{"rendered":"<img decoding=\"async\" class=\"alignleft size-full wp-image-12187\" src=\"http:\/\/demop.netbaz.be\/2021\/jp\/wp-content\/uploads\/2013\/03\/jpg_2013_justice_et_paix_revue_pppx_82_trimestre1_couverture.jpg\" alt=\"2013_justice_et_paix_revue_pppx_82_trimestre1_couverture.jpg\" align=\"left\" width=\"127\" height=\"180\" \/>L\u2019actualit\u00e9. Regards et positions : En chemin pour une r\u00e9forme agraire : victoire des sans-terre indiens\nDossier : Le d\u00e9veloppement durable comme instrument de paix\n&#8211;<strong>First thought:<\/strong> La crise environnementale chinoise : menace pour la stabilit\u00e9 du r\u00e9gime ?\n&#8211;<strong>Second thought:<\/strong> Nig\u00e9ria : dynamisme priv\u00e9 extraordinaire, secteur public oubli\u00e9. Une fatalit\u00e9 ?\n&#8211;<strong>Portrait\/Point of view:<\/strong> When the academic world opens its doors to actors in the field\n\n<a href=\"http:\/\/demop.netbaz.be\/2021\/jp\/wp-content\/uploads\/2013\/03\/pdf_Justice_et_Paix-Pour_parler_de_paix-No82.pdf\">Pour Parler de Paix n\u00b082 &#8211; mars 2013<\/a>\n\n<h2>\u00c9dito: Le d\u00e9veloppement durable comme instrument de paix<\/h2>\n\nLes 31 janvier et 1er f\u00e9vrier a eu lieu, \u00e0 Namur, le premier Congr\u00e8s Interdisciplinaire sur le d\u00e9veloppement durable.\n\nL\u2019occasion pour Justice et Paix de profiter de ce formidable lieu d\u2019ouverture acad\u00e9mique pour y amener sa vision de terrain. Selon nous, le d\u00e9veloppement ne peut \u00eatre consid\u00e9r\u00e9 comme durable que si nous tenons compte non seulement des aspects environnementaux mais aussi d\u2019une dimension humaine et sociale. Cette durabilit\u00e9 ne sera atteignable que si une r\u00e9elle vision \u201cNord-Sud\u201d est pr\u00e9conis\u00e9e.\n\nD\u2019une part, parce que nos gestes citoyens et les politiques d\u00e9velopp\u00e9es par nos pays occidentaux ainsi que par les puissances \u00e9mergentes ont des cons\u00e9quences sur les populations locales. Nous nous devons non seulement d\u2019en \u00eatre bien inform\u00e9s, mais \u00e9galement d\u2019en tenir compte dans nos actions&#8230; au risque sinon de voir la paix sociale mondiale encore plus fragilis\u00e9e. D\u2019autre part, il est plus que temps de reconna\u00eetre la r\u00e9ussite des bonnes pratiques des acteurs locaux, du Sud comme du Nord de la plan\u00e8te.\n\nC\u2019est autour de ce message que nous avons choisi, chers lecteurs, de centrer ce num\u00e9ro du Pour Parler de Paix : proposer une vision globale autour du d\u00e9veloppement durable : sociale aussi bien qu\u2019\u00e9cologique ; mondiale aussi bien que valorisatrice d\u2019exp\u00e9riences et de v\u00e9cus locaux.<div id='gallery-1' class='gallery galleryid-12189 gallery-columns-3 gallery-size-thumbnail'><figure class='gallery-item'>\n\t\t\t<div class='gallery-icon portrait'>\n\t\t\t\t<a href='https:\/\/www.justicepaix.be\/wp-content\/uploads\/2013\/03\/jpg_2013_justice_et_paix_revue_pppx_82_trimestre1_couverture.jpg'><img decoding=\"async\" width=\"127\" height=\"150\" src=\"https:\/\/www.justicepaix.be\/wp-content\/uploads\/2013\/03\/jpg_2013_justice_et_paix_revue_pppx_82_trimestre1_couverture-127x150.jpg\" class=\"attachment-thumbnail size-thumbnail\" alt=\"2013_justice_et_paix_revue_pppx_82_trimestre1_couverture.jpg\" \/><\/a>\n\t\t\t<\/div><\/figure>\n\t\t<\/div>\n\n<h2 class=\"wp-block-heading\">Attachments<\/h2>\n\n\n\n<div class=\"wp-block-file\"><a href=\"http:\/\/demop.netbaz.be\/2021\/jp\/wp-content\/uploads\/2013\/03\/pdf_Justice_et_Paix-Pour_parler_de_paix-No82.pdf\">Pour Parler de Paix n\u00b082 &#8211; mars 2013<\/a><\/div>","protected":false},"excerpt":{"rendered":"<p>L\u2019actualit\u00e9. Regards et positions : En chemin pour une r\u00e9forme agraire : victoire des sans-terre indiens Dossier : Le d\u00e9veloppement durable comme instrument de paix &#8211;Premi\u00e8re r\u00e9flexion : La crise environnementale chinoise : menace pour la stabilit\u00e9 du r\u00e9gime ? &#8211;Seconde r\u00e9flexion : Nig\u00e9ria : dynamisme priv\u00e9 extraordinaire, secteur public oubli\u00e9. Une fatalit\u00e9 ? &#8211;Portrait\/Point [&hellip;]<\/p>\n","protected":false},"author":1,"featured_media":12186,"comment_status":"closed","ping_status":"open","sticky":false,"template":"","format":"standard","meta":{"_acf_changed":false,"_seopress_robots_primary_cat":"","_seopress_titles_title":"","_seopress_titles_desc":"","_seopress_robots_index":"","footnotes":""},"categories":[2726],"tags":[],"class_list":["post-12189","post","type-post","status-publish","format-standard","has-post-thumbnail","hentry","category-les-numeros"],"acf":[],"_links":{"self":[{"href":"http:\/\/www.justicepaix.be\/en\/wp-json\/wp\/v2\/posts\/12189","targetHints":{"allow":["GET"]}}],"collection":[{"href":"http:\/\/www.justicepaix.be\/en\/wp-json\/wp\/v2\/posts"}],"about":[{"href":"http:\/\/www.justicepaix.be\/en\/wp-json\/wp\/v2\/types\/post"}],"author":[{"embeddable":true,"href":"http:\/\/www.justicepaix.be\/en\/wp-json\/wp\/v2\/users\/1"}],"replies":[{"embeddable":true,"href":"http:\/\/www.justicepaix.be\/en\/wp-json\/wp\/v2\/comments?post=12189"}],"version-history":[{"count":0,"href":"http:\/\/www.justicepaix.be\/en\/wp-json\/wp\/v2\/posts\/12189\/revisions"}],"wp:featuredmedia":[{"embeddable":true,"href":"http:\/\/www.justicepaix.be\/en\/wp-json\/wp\/v2\/media\/12186"}],"wp:attachment":[{"href":"http:\/\/www.justicepaix.be\/en\/wp-json\/wp\/v2\/media?parent=12189"}],"wp:term":[{"taxonomy":"category","embeddable":true,"href":"http:\/\/www.justicepaix.be\/en\/wp-json\/wp\/v2\/categories?post=12189"},{"taxonomy":"post_tag","embeddable":true,"href":"http:\/\/www.justicepaix.be\/en\/wp-json\/wp\/v2\/tags?post=12189"}],"curies":[{"name":"wp","href":"https:\/\/api.w.org\/{rel}","templated":true}]}}