{"id":12028,"date":"2012-10-10T12:02:32","date_gmt":"2012-10-10T12:02:32","guid":{"rendered":"https:\/\/demop.netbaz.be\/2021\/jp\/2012\/10\/10\/un-chantier-solidaire-a-l-etranger\/"},"modified":"2012-10-10T12:02:32","modified_gmt":"2012-10-10T12:02:32","slug":"un-chantier-solidaire-a-l-etranger","status":"publish","type":"post","link":"http:\/\/www.justicepaix.be\/en\/un-chantier-solidaire-a-l-etranger\/","title":{"rendered":"A solidarity project abroad"},"content":{"rendered":"<p class=\"post_excerpt\">B\u00e9n\u00e9volat. Des nombreux Belges s&rsquo;impliquent aux quatre coins du monde. Fa\u00e7on originale de mettre ses cong\u00e9s \u00e0 profit, les chantiers internationaux accueillent chaque \u00e9t\u00e9 de nombreux volontaires belges. En Finlande, Mathilde Pepinster vient de d\u00e9couvrir ces \u00e9changes culturels au sein d&rsquo;une ferme biodynamique.\n<\/p>\n<p><!--more--><br \/>\nA <a href=\"http:\/\/www.dailymotion.com\/video\/xtxoto_finlande-camp-chantier_school\">capsule vid\u00e9o<\/a> diffus\u00e9e lors du 27\u00e8me Festival International du Film francophone de Namur a \u00e9t\u00e9 r\u00e9alis\u00e9e.<\/p>\n<p><strong>Un projet men\u00e9 par Justice et Paix, en collaboration avec <a href=\"http:\/\/www.fiff.be\/fr\/FIFF-Campus\/Projet-federateur\">le Festival International du Film de Namur<\/a> and the <a href=\"\/en\/www.scibelgium.be\/\">Service Civil International<\/a>.<\/strong><\/p>\n<p>Ce projet est soutenu par le <a href=\"\/en\/www.lebij.be\/\">Bureau International de la Jeunesse (BIJ)<\/a> et la Direction g\u00e9n\u00e9rale Coop\u00e9ration au D\u00e9veloppement et Aide humanitaire. <\/p>","protected":false},"excerpt":{"rendered":"<p>B\u00e9n\u00e9volat. Des nombreux Belges s&rsquo;impliquent aux quatre coins du monde. Fa\u00e7on originale de mettre ses cong\u00e9s \u00e0 profit, les chantiers internationaux accueillent chaque \u00e9t\u00e9 de nombreux volontaires belges. En Finlande, Mathilde Pepinster vient de d\u00e9couvrir ces \u00e9changes culturels au sein d&rsquo;une ferme biodynamique.<\/p>","protected":false},"author":1,"featured_media":0,"comment_status":"closed","ping_status":"open","sticky":false,"template":"","format":"standard","meta":{"_acf_changed":false,"_seopress_robots_primary_cat":"","_seopress_titles_title":"","_seopress_titles_desc":"","_seopress_robots_index":"","footnotes":""},"categories":[2846,2686],"tags":[2835,2851],"class_list":["post-12028","post","type-post","status-publish","format-standard","hentry","category-dans-les-medias","category-pre-2015","tag-democratie","tag-volontariat"],"acf":[],"_links":{"self":[{"href":"http:\/\/www.justicepaix.be\/en\/wp-json\/wp\/v2\/posts\/12028","targetHints":{"allow":["GET"]}}],"collection":[{"href":"http:\/\/www.justicepaix.be\/en\/wp-json\/wp\/v2\/posts"}],"about":[{"href":"http:\/\/www.justicepaix.be\/en\/wp-json\/wp\/v2\/types\/post"}],"author":[{"embeddable":true,"href":"http:\/\/www.justicepaix.be\/en\/wp-json\/wp\/v2\/users\/1"}],"replies":[{"embeddable":true,"href":"http:\/\/www.justicepaix.be\/en\/wp-json\/wp\/v2\/comments?post=12028"}],"version-history":[{"count":0,"href":"http:\/\/www.justicepaix.be\/en\/wp-json\/wp\/v2\/posts\/12028\/revisions"}],"wp:attachment":[{"href":"http:\/\/www.justicepaix.be\/en\/wp-json\/wp\/v2\/media?parent=12028"}],"wp:term":[{"taxonomy":"category","embeddable":true,"href":"http:\/\/www.justicepaix.be\/en\/wp-json\/wp\/v2\/categories?post=12028"},{"taxonomy":"post_tag","embeddable":true,"href":"http:\/\/www.justicepaix.be\/en\/wp-json\/wp\/v2\/tags?post=12028"}],"curies":[{"name":"wp","href":"https:\/\/api.w.org\/{rel}","templated":true}]}}