{"id":11990,"date":"2012-09-14T17:00:00","date_gmt":"2012-09-14T17:00:00","guid":{"rendered":"https:\/\/demop.netbaz.be\/2021\/jp\/2012\/09\/14\/les-mines-peruviennes\/"},"modified":"2012-09-14T17:00:00","modified_gmt":"2012-09-14T17:00:00","slug":"les-mines-peruviennes","status":"publish","type":"post","link":"http:\/\/www.justicepaix.be\/en\/les-mines-peruviennes\/","title":{"rendered":"Peruvian mines"},"content":{"rendered":"<p class=\"post_excerpt\">Les extractions mini\u00e8res au P\u00e9rou posent probl\u00e8mes tant au niveau \u00e9conomique que social ou environnemental. Le point sur cette activit\u00e9 o\u00f9 les ONG s\u2019y opposant sont fortement r\u00e9prim\u00e9es par le gouvernement. Avec la participation de FEDEPAZ, organisation p\u00e9ruvienne de d\u00e9fense des Droits de l&rsquo;Homme invit\u00e9e par Justice et Paix.<\/p>\n<p><!--more--><br \/>\n&#8211;<a href=\"http:\/\/www.rtbf.be\/lapremiere\/emission_nuwa?id=992\">Plus d&rsquo;informations sur l&rsquo;\u00e9mission<\/a><\/p>\n<p>&#8211;<a href=\"http:\/\/www.rtbf.be\/radio\/player\/lapremiere?id=1759235&#038;e=\">\u00c9couter le podcast<\/a><\/p>","protected":false},"excerpt":{"rendered":"<p>Les extractions mini\u00e8res au P\u00e9rou posent probl\u00e8mes tant au niveau \u00e9conomique que social ou environnemental. Le point sur cette activit\u00e9 o\u00f9 les ONG s\u2019y opposant sont fortement r\u00e9prim\u00e9es par le gouvernement. Avec la participation de FEDEPAZ, organisation p\u00e9ruvienne de d\u00e9fense des Droits de l&rsquo;Homme invit\u00e9e par Justice et Paix.<\/p>","protected":false},"author":1,"featured_media":0,"comment_status":"closed","ping_status":"open","sticky":false,"template":"","format":"standard","meta":{"_acf_changed":false,"_seopress_robots_primary_cat":"","_seopress_titles_title":"","_seopress_titles_desc":"","_seopress_robots_index":"","footnotes":""},"categories":[2846,2686],"tags":[2809,2817,2835,2839,2818,2811],"class_list":["post-11990","post","type-post","status-publish","format-standard","hentry","category-dans-les-medias","category-pre-2015","tag-actions-citoyennes","tag-amerique-latine","tag-democratie","tag-justice-sociale","tag-perou","tag-ressources-naturelles"],"acf":[],"_links":{"self":[{"href":"http:\/\/www.justicepaix.be\/en\/wp-json\/wp\/v2\/posts\/11990","targetHints":{"allow":["GET"]}}],"collection":[{"href":"http:\/\/www.justicepaix.be\/en\/wp-json\/wp\/v2\/posts"}],"about":[{"href":"http:\/\/www.justicepaix.be\/en\/wp-json\/wp\/v2\/types\/post"}],"author":[{"embeddable":true,"href":"http:\/\/www.justicepaix.be\/en\/wp-json\/wp\/v2\/users\/1"}],"replies":[{"embeddable":true,"href":"http:\/\/www.justicepaix.be\/en\/wp-json\/wp\/v2\/comments?post=11990"}],"version-history":[{"count":0,"href":"http:\/\/www.justicepaix.be\/en\/wp-json\/wp\/v2\/posts\/11990\/revisions"}],"wp:attachment":[{"href":"http:\/\/www.justicepaix.be\/en\/wp-json\/wp\/v2\/media?parent=11990"}],"wp:term":[{"taxonomy":"category","embeddable":true,"href":"http:\/\/www.justicepaix.be\/en\/wp-json\/wp\/v2\/categories?post=11990"},{"taxonomy":"post_tag","embeddable":true,"href":"http:\/\/www.justicepaix.be\/en\/wp-json\/wp\/v2\/tags?post=11990"}],"curies":[{"name":"wp","href":"https:\/\/api.w.org\/{rel}","templated":true}]}}