{"id":11791,"date":"2011-12-14T15:33:20","date_gmt":"2011-12-14T15:33:20","guid":{"rendered":"https:\/\/demop.netbaz.be\/2021\/jp\/2011\/12\/14\/cette-dette-ecologique-dont-on-ne-se-soucie-guere-journal-dimanche-11-decembre\/"},"modified":"2021-04-14T11:45:18","modified_gmt":"2021-04-14T11:45:18","slug":"cette-dette-ecologique-dont-on-ne-se-soucie-guere-journal-dimanche-11-decembre","status":"publish","type":"post","link":"http:\/\/www.justicepaix.be\/en\/cette-dette-ecologique-dont-on-ne-se-soucie-guere-journal-dimanche-11-decembre\/","title":{"rendered":"This ecological debt that we hardly care about (Journal \u201c Dimanche \u201d, December 11, 2011)"},"content":{"rendered":"<p class=\"post_excerpt\">A l&rsquo;heure o\u00f9 l&rsquo;on parle tant de crise financi\u00e8re et d&rsquo;endettement, d&rsquo;argent de plus en plus difficile \u00e0 gagner, d&rsquo;Etats au bord de la ruine et d&rsquo;Europe en mal de finances, il existe, sur le plan mondial, une autre forme de dette nettement moins m\u00e9diatis\u00e9e, mais tout aussi d\u00e9vastatrice, qui s&rsquo;appelle la dette \u00e9cologique. \n\nJustice et Paix s&rsquo;est pench\u00e9e sur la question.<\/p>\n\n\n<!--more-->\n<a href=\"http:\/\/demop.netbaz.be\/2021\/jp\/wp-content\/uploads\/2011\/12\/pdf_detteecologiqueJOURNALDIMANCHE11decembre2011.pdf\">detteecologiqueJOURNALDIMANCHE11decembre2011.pdf<\/a>\n<h2 class=\"wp-block-heading\">Attachments<\/h2>\n\n\n\n<div class=\"wp-block-file\"><a href=\"http:\/\/demop.netbaz.be\/2021\/jp\/wp-content\/uploads\/2011\/12\/pdf_detteecologiqueJOURNALDIMANCHE11decembre2011.pdf\">detteecologiqueJOURNALDIMANCHE11decembre2011.pdf<\/a><\/div>","protected":false},"excerpt":{"rendered":"<p>A l&rsquo;heure o\u00f9 l&rsquo;on parle tant de crise financi\u00e8re et d&rsquo;endettement, d&rsquo;argent de plus en plus difficile \u00e0 gagner, d&rsquo;Etats au bord de la ruine et d&rsquo;Europe en mal de finances, il existe, sur le plan mondial, une autre forme de dette nettement moins m\u00e9diatis\u00e9e, mais tout aussi d\u00e9vastatrice, qui s&rsquo;appelle la dette \u00e9cologique. Justice [&hellip;]<\/p>\n","protected":false},"author":1,"featured_media":0,"comment_status":"closed","ping_status":"open","sticky":false,"template":"","format":"standard","meta":{"_acf_changed":false,"_seopress_robots_primary_cat":"","_seopress_titles_title":"","_seopress_titles_desc":"","_seopress_robots_index":"","footnotes":""},"categories":[2686],"tags":[],"class_list":["post-11791","post","type-post","status-publish","format-standard","hentry","category-pre-2015"],"acf":[],"_links":{"self":[{"href":"http:\/\/www.justicepaix.be\/en\/wp-json\/wp\/v2\/posts\/11791","targetHints":{"allow":["GET"]}}],"collection":[{"href":"http:\/\/www.justicepaix.be\/en\/wp-json\/wp\/v2\/posts"}],"about":[{"href":"http:\/\/www.justicepaix.be\/en\/wp-json\/wp\/v2\/types\/post"}],"author":[{"embeddable":true,"href":"http:\/\/www.justicepaix.be\/en\/wp-json\/wp\/v2\/users\/1"}],"replies":[{"embeddable":true,"href":"http:\/\/www.justicepaix.be\/en\/wp-json\/wp\/v2\/comments?post=11791"}],"version-history":[{"count":0,"href":"http:\/\/www.justicepaix.be\/en\/wp-json\/wp\/v2\/posts\/11791\/revisions"}],"wp:attachment":[{"href":"http:\/\/www.justicepaix.be\/en\/wp-json\/wp\/v2\/media?parent=11791"}],"wp:term":[{"taxonomy":"category","embeddable":true,"href":"http:\/\/www.justicepaix.be\/en\/wp-json\/wp\/v2\/categories?post=11791"},{"taxonomy":"post_tag","embeddable":true,"href":"http:\/\/www.justicepaix.be\/en\/wp-json\/wp\/v2\/tags?post=11791"}],"curies":[{"name":"wp","href":"https:\/\/api.w.org\/{rel}","templated":true}]}}