{"id":11754,"date":"2011-10-01T00:00:00","date_gmt":"2011-10-01T00:00:00","guid":{"rendered":"https:\/\/demop.netbaz.be\/2021\/jp\/2011\/10\/01\/election-au-guatemala-quel-avenir-pour-les-droits-de-l-homme-et-de-l\/"},"modified":"2021-04-14T11:45:17","modified_gmt":"2021-04-14T11:45:17","slug":"election-au-guatemala-quel-avenir-pour-les-droits-de-l-homme-et-de-l","status":"publish","type":"post","link":"http:\/\/www.justicepaix.be\/en\/election-au-guatemala-quel-avenir-pour-les-droits-de-l-homme-et-de-l\/","title":{"rendered":"Election in Guatemala: what future for human and environmental rights?"},"content":{"rendered":"<p class=\"post_excerpt\">Les r\u00e9sultats du premier tour de l\u2019\u00e9lection pr\u00e9sidentielle au Guatemala sont tomb\u00e9s peu de temps apr\u00e8s notre visite \u00e0 la Comisi\u00f3n Pastoral Paz y Ecolog\u00eda (COPAE) de San Marcos, au Nord-ouest du pays. Sans surprise, c\u2019est l\u2019ex-g\u00e9n\u00e9ral Otto Perez Molina du Partido Patriota qui arrive en t\u00eate avec 36,01% des voix. Il est aujourd\u2019hui quasi-certain qu\u2019il remporte le deuxi\u00e8me tour qui l\u2019oppose \u00e0 Manuel Baldizon du Parti L\u00edder, un autre parti de droite. Les membres de la COPAE sont aujourd\u2019hui tr\u00e8s pr\u00e9occup\u00e9s par ce r\u00e9sultat. En effet, l\u2019ancien g\u00e9n\u00e9ral est tr\u00e8s favorable \u00e0 l\u2019ouverture de m\u00e9gaprojets d\u2019exploitation de ressources naturelles pour relancer  l\u2019\u00e9conomie. Cependant, depuis l\u2019ouverture de la mine Marlin en 2004, les habitants de la r\u00e9gion de San Marcos connaissent tr\u00e8s bien les dangers li\u00e9s \u00e0 l\u2019exploitation intensive des ressources et redoutent que d\u2019autres r\u00e9gions connaissent le m\u00eame sort.<\/p>\n\n\n<!--more-->\n\n<h2 class=\"wp-block-heading\">Attachments<\/h2>\n\n\n\n<div class=\"wp-block-file\"><a href=\"http:\/\/demop.netbaz.be\/2021\/jp\/wp-content\/uploads\/2011\/11\/pdf_2011_Analyse_Election_au_Guatemala_quel_avenir_pour_les_droits_de_l_homme_et_de_l_environnement.pdf\">Election in Guatemala: what future for human and environmental rights?<\/a><\/div>","protected":false},"excerpt":{"rendered":"<p>Les r\u00e9sultats du premier tour de l\u2019\u00e9lection pr\u00e9sidentielle au Guatemala sont tomb\u00e9s peu de temps apr\u00e8s notre visite \u00e0 la Comisi\u00f3n Pastoral Paz y Ecolog\u00eda (COPAE) de San Marcos, au Nord-ouest du pays. Sans surprise, c\u2019est l\u2019ex-g\u00e9n\u00e9ral Otto Perez Molina du Partido Patriota qui arrive en t\u00eate avec 36,01% des voix. Il est aujourd\u2019hui quasi-certain [&hellip;]<\/p>\n","protected":false},"author":1,"featured_media":0,"comment_status":"closed","ping_status":"open","sticky":false,"template":"","format":"standard","meta":{"_acf_changed":false,"_seopress_robots_primary_cat":"","_seopress_titles_title":"","_seopress_titles_desc":"","_seopress_robots_index":"","footnotes":""},"categories":[2722],"tags":[2817,2795,2814,2824,2816,2821,2820,2796,2822,2807,2825,2832,2811,2834],"class_list":["post-11754","post","type-post","status-publish","format-standard","hentry","category-articles-nos-publications","tag-amerique-latine","tag-article","tag-developpement-durable","tag-droits-humains","tag-eau","tag-economie","tag-guatemala","tag-lutte-contre-limpunite","tag-mondialisation","tag-organisations-internationales","tag-prevention-des-conflits","tag-responsabilite-du-consommateur","tag-ressources-naturelles","tag-union-europeenne"],"acf":[],"_links":{"self":[{"href":"http:\/\/www.justicepaix.be\/en\/wp-json\/wp\/v2\/posts\/11754","targetHints":{"allow":["GET"]}}],"collection":[{"href":"http:\/\/www.justicepaix.be\/en\/wp-json\/wp\/v2\/posts"}],"about":[{"href":"http:\/\/www.justicepaix.be\/en\/wp-json\/wp\/v2\/types\/post"}],"author":[{"embeddable":true,"href":"http:\/\/www.justicepaix.be\/en\/wp-json\/wp\/v2\/users\/1"}],"replies":[{"embeddable":true,"href":"http:\/\/www.justicepaix.be\/en\/wp-json\/wp\/v2\/comments?post=11754"}],"version-history":[{"count":0,"href":"http:\/\/www.justicepaix.be\/en\/wp-json\/wp\/v2\/posts\/11754\/revisions"}],"wp:attachment":[{"href":"http:\/\/www.justicepaix.be\/en\/wp-json\/wp\/v2\/media?parent=11754"}],"wp:term":[{"taxonomy":"category","embeddable":true,"href":"http:\/\/www.justicepaix.be\/en\/wp-json\/wp\/v2\/categories?post=11754"},{"taxonomy":"post_tag","embeddable":true,"href":"http:\/\/www.justicepaix.be\/en\/wp-json\/wp\/v2\/tags?post=11754"}],"curies":[{"name":"wp","href":"https:\/\/api.w.org\/{rel}","templated":true}]}}