{"id":11638,"date":"2011-06-29T17:30:49","date_gmt":"2011-06-29T17:30:49","guid":{"rendered":"https:\/\/demop.netbaz.be\/2021\/jp\/2011\/06\/29\/opinion-sur-les-negociations-gouvernementales-en-belgique-la-libre-belgique-29\/"},"modified":"2021-04-14T11:45:13","modified_gmt":"2021-04-14T11:45:13","slug":"opinion-sur-les-negociations-gouvernementales-en-belgique-la-libre-belgique-29","status":"publish","type":"post","link":"http:\/\/www.justicepaix.be\/en\/opinion-sur-les-negociations-gouvernementales-en-belgique-la-libre-belgique-29\/","title":{"rendered":"Opinion on government negotiations in Belgium (La Libre Belgique, June 29, 2011)"},"content":{"rendered":"<p class=\"post_excerpt\">A reflection from Justice and Peace, Pax Christi Wallonia-Brussels, Pax Christi Vlaanderen and the Netwerk Rechtvaardigheid en Vrede.\n<\/p>\n\n\n<!--more-->\nUne r\u00e9flexion commune entre francophones et n\u00e9erlandophones pour pousser nos repr\u00e9sentants politiques \u00e0 enfin aboutir \u00e0 un accord gouvernemental !\n\n<a href=\"http:\/\/demop.netbaz.be\/2021\/jp\/wp-content\/uploads\/2011\/06\/pdf_LaLibreBelgique29062011CJPPC.pdf\">LaLibreBelgique29062011CJPPC.pdf<\/a>\n<h2 class=\"wp-block-heading\">Attachments<\/h2>\n\n\n\n<div class=\"wp-block-file\"><a href=\"http:\/\/demop.netbaz.be\/2021\/jp\/wp-content\/uploads\/2011\/06\/pdf_LaLibreBelgique29062011CJPPC.pdf\">LaLibreBelgique29062011CJPPC.pdf<\/a><\/div>","protected":false},"excerpt":{"rendered":"<p>A reflection from Justice and Peace, Pax Christi Wallonia-Brussels, Pax Christi Vlaanderen and the Netwerk Rechtvaardigheid en Vrede.<\/p>","protected":false},"author":1,"featured_media":0,"comment_status":"closed","ping_status":"open","sticky":false,"template":"","format":"standard","meta":{"_acf_changed":false,"_seopress_robots_primary_cat":"","_seopress_titles_title":"","_seopress_titles_desc":"","_seopress_robots_index":"","footnotes":""},"categories":[2686],"tags":[],"class_list":["post-11638","post","type-post","status-publish","format-standard","hentry","category-pre-2015"],"acf":[],"_links":{"self":[{"href":"http:\/\/www.justicepaix.be\/en\/wp-json\/wp\/v2\/posts\/11638","targetHints":{"allow":["GET"]}}],"collection":[{"href":"http:\/\/www.justicepaix.be\/en\/wp-json\/wp\/v2\/posts"}],"about":[{"href":"http:\/\/www.justicepaix.be\/en\/wp-json\/wp\/v2\/types\/post"}],"author":[{"embeddable":true,"href":"http:\/\/www.justicepaix.be\/en\/wp-json\/wp\/v2\/users\/1"}],"replies":[{"embeddable":true,"href":"http:\/\/www.justicepaix.be\/en\/wp-json\/wp\/v2\/comments?post=11638"}],"version-history":[{"count":0,"href":"http:\/\/www.justicepaix.be\/en\/wp-json\/wp\/v2\/posts\/11638\/revisions"}],"wp:attachment":[{"href":"http:\/\/www.justicepaix.be\/en\/wp-json\/wp\/v2\/media?parent=11638"}],"wp:term":[{"taxonomy":"category","embeddable":true,"href":"http:\/\/www.justicepaix.be\/en\/wp-json\/wp\/v2\/categories?post=11638"},{"taxonomy":"post_tag","embeddable":true,"href":"http:\/\/www.justicepaix.be\/en\/wp-json\/wp\/v2\/tags?post=11638"}],"curies":[{"name":"wp","href":"https:\/\/api.w.org\/{rel}","templated":true}]}}