{"id":11567,"date":"2011-04-22T15:20:23","date_gmt":"2011-04-22T15:20:23","guid":{"rendered":"https:\/\/demop.netbaz.be\/2021\/jp\/2011\/04\/22\/lutte-contre-la-pauvrete-l-europe-fait-elle-suffisamment-journal-dimanche-27\/"},"modified":"2021-04-14T11:45:10","modified_gmt":"2021-04-14T11:45:10","slug":"lutte-contre-la-pauvrete-l-europe-fait-elle-suffisamment-journal-dimanche-27","status":"publish","type":"post","link":"http:\/\/www.justicepaix.be\/en\/lutte-contre-la-pauvrete-l-europe-fait-elle-suffisamment-journal-dimanche-27\/","title":{"rendered":"Fight against poverty. Is Europe doing enough? (Newspaper \u201cSunday\u201d, March 27, 2011)"},"content":{"rendered":"<p class=\"post_excerpt\">L&rsquo;Europe est l&rsquo;une des r\u00e9gions les plus riches de la plan\u00e8te. Pourtant 17 % des Europ\u00e9ens ont si peu de ressources qu&rsquo;ils ne peuvent couvrir leurs besoins \u00e9l\u00e9mentaires.<\/p>\n\n\n<!--more-->\nVoil\u00e0 pourquoi l&rsquo;Union s&rsquo;est associ\u00e9e aux Etats membres pour faire de 2010 l&rsquo;Ann\u00e9e europ\u00e9enne de lutte contre la pauvret\u00e9 et l&rsquo;exclusion sociale.\n\nBilan avec <strong>Arnaud Gorgemans, president of Justice and Peace<\/strong> et Camille Baise, pr\u00e9sident de Pax Christi Wallonie-Bruxelles.\n\n<strong>Learn more on the topic:<\/strong>\n\n&#8211;<a href=\"https:\/\/www.justicepaix.be\/en\/?article385\">Lutte contre la pauvret\u00e9 : remettre l\u2019humain au centre du d\u00e9bat europ\u00e9en!<\/a>\n\n\n<a href=\"http:\/\/demop.netbaz.be\/2021\/jp\/wp-content\/uploads\/2011\/04\/pdf_Dimanchepauvrete27032011.pdf\">Dimanchepauvrete27032011.pdf<\/a>\n<h2 class=\"wp-block-heading\">Attachments<\/h2>\n\n\n\n<div class=\"wp-block-file\"><a href=\"http:\/\/demop.netbaz.be\/2021\/jp\/wp-content\/uploads\/2011\/04\/pdf_Dimanchepauvrete27032011.pdf\">Dimanchepauvrete27032011.pdf<\/a><\/div>","protected":false},"excerpt":{"rendered":"<p>L&rsquo;Europe est l&rsquo;une des r\u00e9gions les plus riches de la plan\u00e8te. Pourtant 17 % des Europ\u00e9ens ont si peu de ressources qu&rsquo;ils ne peuvent couvrir leurs besoins \u00e9l\u00e9mentaires.<\/p>","protected":false},"author":1,"featured_media":0,"comment_status":"closed","ping_status":"open","sticky":false,"template":"","format":"standard","meta":{"_acf_changed":false,"_seopress_robots_primary_cat":"","_seopress_titles_title":"","_seopress_titles_desc":"","_seopress_robots_index":"","footnotes":""},"categories":[2686],"tags":[],"class_list":["post-11567","post","type-post","status-publish","format-standard","hentry","category-pre-2015"],"acf":[],"_links":{"self":[{"href":"http:\/\/www.justicepaix.be\/en\/wp-json\/wp\/v2\/posts\/11567","targetHints":{"allow":["GET"]}}],"collection":[{"href":"http:\/\/www.justicepaix.be\/en\/wp-json\/wp\/v2\/posts"}],"about":[{"href":"http:\/\/www.justicepaix.be\/en\/wp-json\/wp\/v2\/types\/post"}],"author":[{"embeddable":true,"href":"http:\/\/www.justicepaix.be\/en\/wp-json\/wp\/v2\/users\/1"}],"replies":[{"embeddable":true,"href":"http:\/\/www.justicepaix.be\/en\/wp-json\/wp\/v2\/comments?post=11567"}],"version-history":[{"count":0,"href":"http:\/\/www.justicepaix.be\/en\/wp-json\/wp\/v2\/posts\/11567\/revisions"}],"wp:attachment":[{"href":"http:\/\/www.justicepaix.be\/en\/wp-json\/wp\/v2\/media?parent=11567"}],"wp:term":[{"taxonomy":"category","embeddable":true,"href":"http:\/\/www.justicepaix.be\/en\/wp-json\/wp\/v2\/categories?post=11567"},{"taxonomy":"post_tag","embeddable":true,"href":"http:\/\/www.justicepaix.be\/en\/wp-json\/wp\/v2\/tags?post=11567"}],"curies":[{"name":"wp","href":"https:\/\/api.w.org\/{rel}","templated":true}]}}