{"id":11392,"date":"2010-09-20T14:24:00","date_gmt":"2010-09-20T14:24:00","guid":{"rendered":"https:\/\/demop.netbaz.be\/2021\/jp\/2010\/09\/20\/declaration-finale-de-la-conference-des-commissions-justice-et-paix-d-europe\/"},"modified":"2021-04-14T11:45:03","modified_gmt":"2021-04-14T11:45:03","slug":"declaration-finale-de-la-conference-des-commissions-justice-et-paix-d-europe","status":"publish","type":"post","link":"http:\/\/www.justicepaix.be\/en\/declaration-finale-de-la-conference-des-commissions-justice-et-paix-d-europe\/","title":{"rendered":"Final declaration of the Conference of European Justice and Peace Commissions \u2013 Vilinius, September 2010"},"content":{"rendered":"<p class=\"post_excerpt\">\u2018Le don de la libert\u00e9 : une histoire de transitions et de d\u00e9fis\u2019\n\nS\u00e9minaire International et Assembl\u00e9e g\u00e9n\u00e9rale, Vilnius, 17-21 Septembre 2010\n<\/p>\n\n\n<!--more-->\nD\u00e9claration finale\n\nLe s\u00e9minaire international et l\u2019Assembl\u00e9e g\u00e9n\u00e9rale de la Conf\u00e9rence des commissions Justice et Paix d\u2019Europe, regroupant 31 commissions nationales \u00e0 travers l\u2019Europe, se sont tenus \u00e0 Vilnius, en Lituanie du 17 au 21 Septembre \u00e0 l\u2019invitation de Mgr Sigitas Tamkevicius archev\u00eaque de Kaunas et pr\u00e9sident de la Commission Justice et Paix lituanienne.\nLe s\u00e9minaire avait pour th\u00e8me \u201cLe don de la libert\u00e9 : une histoire de transitions et de d\u00e9fis \u00bb, soulignant ainsi l\u2019importance de l\u2019ann\u00e9e 2010 marquant le vingti\u00e8me anniversaire du r\u00e9tablissement de l\u2019ind\u00e9pendance de la Lituanie. Durant ce s\u00e9minaire, les participants ont rencontr\u00e9 de nombreuses personnes d\u2019\u00e2ges et d\u2019origines tr\u00e8s divers, repr\u00e9sentant une grande vari\u00e9t\u00e9 d\u2019exp\u00e9riences et de perspectives. Ils ont donn\u00e9 un aper\u00e7u des difficult\u00e9s que la Lituanie a eu \u00e0 affronter dans sa lutte pour l\u2019ind\u00e9pendance et des d\u00e9fis qui demeurent en raison de son pass\u00e9 douloureux.\n\n<a href=\"http:\/\/demop.netbaz.be\/2021\/jp\/wp-content\/uploads\/2010\/09\/pdf_Final_decl_CEJPC_Vilnius-FR-2.pdf\">Final_decl_CEJPC_Vilnius-FR-2.pdf<\/a>\n<h2 class=\"wp-block-heading\">Attachments<\/h2>\n\n\n\n<div class=\"wp-block-file\"><a href=\"http:\/\/demop.netbaz.be\/2021\/jp\/wp-content\/uploads\/2010\/10\/pdf_Final_decl_CEJPC_Vilnius-FR-2.pdf\">Final_decl_CEJPC_Vilnius-FR-2.pdf<\/a><\/div>","protected":false},"excerpt":{"rendered":"<p>\u2018Le don de la libert\u00e9 : une histoire de transitions et de d\u00e9fis\u2019 S\u00e9minaire International et Assembl\u00e9e g\u00e9n\u00e9rale, Vilnius, 17-21 Septembre 2010<\/p>","protected":false},"author":1,"featured_media":0,"comment_status":"closed","ping_status":"open","sticky":false,"template":"","format":"standard","meta":{"_acf_changed":false,"_seopress_robots_primary_cat":"","_seopress_titles_title":"","_seopress_titles_desc":"","_seopress_robots_index":"","footnotes":""},"categories":[2686],"tags":[],"class_list":["post-11392","post","type-post","status-publish","format-standard","hentry","category-pre-2015"],"acf":[],"_links":{"self":[{"href":"http:\/\/www.justicepaix.be\/en\/wp-json\/wp\/v2\/posts\/11392","targetHints":{"allow":["GET"]}}],"collection":[{"href":"http:\/\/www.justicepaix.be\/en\/wp-json\/wp\/v2\/posts"}],"about":[{"href":"http:\/\/www.justicepaix.be\/en\/wp-json\/wp\/v2\/types\/post"}],"author":[{"embeddable":true,"href":"http:\/\/www.justicepaix.be\/en\/wp-json\/wp\/v2\/users\/1"}],"replies":[{"embeddable":true,"href":"http:\/\/www.justicepaix.be\/en\/wp-json\/wp\/v2\/comments?post=11392"}],"version-history":[{"count":0,"href":"http:\/\/www.justicepaix.be\/en\/wp-json\/wp\/v2\/posts\/11392\/revisions"}],"wp:attachment":[{"href":"http:\/\/www.justicepaix.be\/en\/wp-json\/wp\/v2\/media?parent=11392"}],"wp:term":[{"taxonomy":"category","embeddable":true,"href":"http:\/\/www.justicepaix.be\/en\/wp-json\/wp\/v2\/categories?post=11392"},{"taxonomy":"post_tag","embeddable":true,"href":"http:\/\/www.justicepaix.be\/en\/wp-json\/wp\/v2\/tags?post=11392"}],"curies":[{"name":"wp","href":"https:\/\/api.w.org\/{rel}","templated":true}]}}