{"id":11351,"date":"2010-09-24T10:49:57","date_gmt":"2010-09-24T10:49:57","guid":{"rendered":"https:\/\/demop.netbaz.be\/2021\/jp\/2010\/09\/24\/pressions-sur-les-terres-devenir-des-agricultures-paysannes\/"},"modified":"2010-09-24T10:49:57","modified_gmt":"2010-09-24T10:49:57","slug":"pressions-sur-les-terres-devenir-des-agricultures-paysannes","status":"publish","type":"post","link":"http:\/\/www.justicepaix.be\/en\/pressions-sur-les-terres-devenir-des-agricultures-paysannes\/","title":{"rendered":"Pressions sur les terres. Devenir des agricultures paysannes"},"content":{"rendered":"<p class=\"post_excerpt\">Points de vue du Sud, Alternatives Sud, Vol. XVII &#8211; 2010, # 2\n<\/p>\n<p><!--more--><br \/>\nLa Commission Justice et Paix \u00e0 le plaisir de vous informer de la parution d\u2019un nouveau num\u00e9ro d\u2019Alternatives Sud, collection d\u2019ouvrages collectifs coordonn\u00e9s par le CETRI, \u00e9labor\u00e9 en collaboration avec Entraide et Fraternit\u00e9.<\/p>\n<p>La crise alimentaire a jet\u00e9 une lumi\u00e8re crue sur les aberrations du mod\u00e8le de d\u00e9veloppement agricole promu dans le Sud. Bien que des r\u00e9coltes record y soient enregistr\u00e9es, la faim progresse. Paradoxe tout aussi flagrant, les trois quarts des sous-aliment\u00e9s sont des ruraux, producteurs eux-m\u00eames de denr\u00e9es alimentaires.<\/p>\n<p>Impos\u00e9s dans des conditions d&rsquo;in\u00e9galit\u00e9s extr\u00eames &#8211; fonci\u00e8res, techniques\u2026-, la lib\u00e9ralisation des march\u00e9s agricoles et le retrait concomitant des soutiens publics ont conduit \u00e0 la marginalisation des petites paysanneries du Sud, dans l&rsquo;incapacit\u00e9 de faire face \u00e0 la concurrence mondiale. Les orientations dominantes propos\u00e9es aujourd\u2019hui reposent sur un mod\u00e8le de cohabitation harmonieuse entre agricultures paysannes et agrobusiness. Mod\u00e8le qui de facto fait l&rsquo;impasse sur les d\u00e9sastreuses cons\u00e9quences sociales et environnementales de l&rsquo;intense concurrence pour l&rsquo;accaparement des sols, des sous-sols et des ressources que se livrent multinationales et autres investisseurs ext\u00e9rieurs.<\/p>\n<p>Les mouvements paysans y opposent l&rsquo;alternative de la souverainet\u00e9 alimentaire. Garantie de survie des petites exploitations agricoles \u2013 qui repr\u00e9sentent 80% des actifs en zones rurales \u2013, elle suppose d&rsquo;abord et avant tout l\u2019acc\u00e8s \u00e0 la terre et la ma\u00eetrise des ressources naturelles.<\/p>\n<p>Coordination : <strong>Laurent Delcourt, charg\u00e9 d&rsquo;\u00e9tude au CETRI<\/strong> &#8211; Centre tricontinental (Louvain-la-Neuve, Belgique).<\/p>\n<p>Autres auteurs : experts et activistes d\u2019Afrique, d\u2019Asie et d\u2019Am\u00e9rique latine.<\/p>\n<p>-Pour se procurer un exemplaire aupr\u00e8s de Justice et Paix : <a href=\"\/en\/info@justicepaix.be\/\">par email<\/a> ou au 02 738 08 01<br \/>\n-Prix : 10\u20ac<\/p>","protected":false},"excerpt":{"rendered":"<p>Points de vue du Sud, Alternatives Sud, Vol. XVII &#8211; 2010, # 2<\/p>","protected":false},"author":1,"featured_media":0,"comment_status":"closed","ping_status":"open","sticky":false,"template":"","format":"standard","meta":{"_acf_changed":false,"_seopress_robots_primary_cat":"","_seopress_titles_title":"","_seopress_titles_desc":"","_seopress_robots_index":"","footnotes":""},"categories":[2686],"tags":[],"class_list":["post-11351","post","type-post","status-publish","format-standard","hentry","category-pre-2015"],"acf":[],"_links":{"self":[{"href":"http:\/\/www.justicepaix.be\/en\/wp-json\/wp\/v2\/posts\/11351","targetHints":{"allow":["GET"]}}],"collection":[{"href":"http:\/\/www.justicepaix.be\/en\/wp-json\/wp\/v2\/posts"}],"about":[{"href":"http:\/\/www.justicepaix.be\/en\/wp-json\/wp\/v2\/types\/post"}],"author":[{"embeddable":true,"href":"http:\/\/www.justicepaix.be\/en\/wp-json\/wp\/v2\/users\/1"}],"replies":[{"embeddable":true,"href":"http:\/\/www.justicepaix.be\/en\/wp-json\/wp\/v2\/comments?post=11351"}],"version-history":[{"count":0,"href":"http:\/\/www.justicepaix.be\/en\/wp-json\/wp\/v2\/posts\/11351\/revisions"}],"wp:attachment":[{"href":"http:\/\/www.justicepaix.be\/en\/wp-json\/wp\/v2\/media?parent=11351"}],"wp:term":[{"taxonomy":"category","embeddable":true,"href":"http:\/\/www.justicepaix.be\/en\/wp-json\/wp\/v2\/categories?post=11351"},{"taxonomy":"post_tag","embeddable":true,"href":"http:\/\/www.justicepaix.be\/en\/wp-json\/wp\/v2\/tags?post=11351"}],"curies":[{"name":"wp","href":"https:\/\/api.w.org\/{rel}","templated":true}]}}