{"id":11340,"date":"2010-09-14T09:39:52","date_gmt":"2010-09-14T09:39:52","guid":{"rendered":"https:\/\/demop.netbaz.be\/2021\/jp\/2010\/09\/14\/recul-des-droits-humains-au-perou\/"},"modified":"2021-04-14T11:45:01","modified_gmt":"2021-04-14T11:45:01","slug":"decline-of-human-rights-in-peru","status":"publish","type":"post","link":"http:\/\/www.justicepaix.be\/en\/recul-des-droits-humains-au-perou\/","title":{"rendered":"Human rights setback in Peru"},"content":{"rendered":"<p class=\"post_excerpt\">Members of the Europe-Peru Platform (PEP) express their concern over the promulgation by the Peruvian Government of a series of decrees opening the door to a regime of impunity for those responsible for crimes committed during the internal armed conflict (1980-2000). ). The PEP calls on the European Union and its member states to denounce the adoption of its new laws.<\/p>\n\n\n<!--more-->\n<a href=\"http:\/\/demop.netbaz.be\/2021\/jp\/wp-content\/uploads\/2010\/09\/pdf_FINAL_PEP_Statement_-_Legislative_Decrees_130910_.pdf\">FINAL_PEP_Statement_-_Legislative_Decrees_130910_.pdf<\/a>\n<h2 class=\"wp-block-heading\">Attachments<\/h2>\n\n\n\n<div class=\"wp-block-file\"><a href=\"http:\/\/demop.netbaz.be\/2021\/jp\/wp-content\/uploads\/2010\/09\/pdf_FINAL_PEP_Statement_-_Legislative_Decrees_130910_.pdf\">FINAL_PEP_Statement_-_Legislative_Decrees_130910_.pdf<\/a><\/div>","protected":false},"excerpt":{"rendered":"<p>Les membres de la Plateforme Europe P\u00e9rou (PEP) expriment leur pr\u00e9occupation sur la promulgation par le Gouvernement p\u00e9ruvien d&rsquo;une s\u00e9rie de d\u00e9crets ouvrant la porte \u00e0 un r\u00e9gime d&rsquo;impunit\u00e9 pour les responsables des crimes commis pendant le conflit arm\u00e9 interne (1980-2000). La PEP demande \u00e0 l&rsquo;Union europ\u00e9enne et \u00e0 ses Etats membres de d\u00e9noncer l&rsquo;adoption [&hellip;]<\/p>\n","protected":false},"author":1,"featured_media":0,"comment_status":"closed","ping_status":"open","sticky":false,"template":"","format":"standard","meta":{"_acf_changed":false,"_seopress_robots_primary_cat":"","_seopress_titles_title":"","_seopress_titles_desc":"","_seopress_robots_index":"","footnotes":""},"categories":[2686],"tags":[],"class_list":["post-11340","post","type-post","status-publish","format-standard","hentry","category-pre-2015"],"acf":[],"_links":{"self":[{"href":"http:\/\/www.justicepaix.be\/en\/wp-json\/wp\/v2\/posts\/11340","targetHints":{"allow":["GET"]}}],"collection":[{"href":"http:\/\/www.justicepaix.be\/en\/wp-json\/wp\/v2\/posts"}],"about":[{"href":"http:\/\/www.justicepaix.be\/en\/wp-json\/wp\/v2\/types\/post"}],"author":[{"embeddable":true,"href":"http:\/\/www.justicepaix.be\/en\/wp-json\/wp\/v2\/users\/1"}],"replies":[{"embeddable":true,"href":"http:\/\/www.justicepaix.be\/en\/wp-json\/wp\/v2\/comments?post=11340"}],"version-history":[{"count":0,"href":"http:\/\/www.justicepaix.be\/en\/wp-json\/wp\/v2\/posts\/11340\/revisions"}],"wp:attachment":[{"href":"http:\/\/www.justicepaix.be\/en\/wp-json\/wp\/v2\/media?parent=11340"}],"wp:term":[{"taxonomy":"category","embeddable":true,"href":"http:\/\/www.justicepaix.be\/en\/wp-json\/wp\/v2\/categories?post=11340"},{"taxonomy":"post_tag","embeddable":true,"href":"http:\/\/www.justicepaix.be\/en\/wp-json\/wp\/v2\/tags?post=11340"}],"curies":[{"name":"wp","href":"https:\/\/api.w.org\/{rel}","templated":true}]}}