{"id":11311,"date":"2010-07-19T10:56:54","date_gmt":"2010-07-19T10:56:54","guid":{"rendered":"https:\/\/demop.netbaz.be\/2021\/jp\/2010\/07\/19\/eurac-envoie-une-mission-d-observation-aux-elections-legislatives-au-burundi\/"},"modified":"2010-07-19T10:56:54","modified_gmt":"2010-07-19T10:56:54","slug":"eurac-envoie-une-mission-d-observation-aux-elections-legislatives-au-burundi","status":"publish","type":"post","link":"http:\/\/www.justicepaix.be\/en\/eurac-envoie-une-mission-d-observation-aux-elections-legislatives-au-burundi\/","title":{"rendered":"EurAc sends observation mission to legislative elections in Burundi"},"content":{"rendered":"<p>Bruxelles, 18 juillet 2010<\/p>\n<p>EurAc sends observation mission to legislative elections in Burundi<\/p>\n<p>Ce dimanche matin 18 juillet 2010, une \u00e9quipe d\u2019EurAc (r\u00e9seau des ONG europ\u00e9ennes qui travaillent en Afrique Centrale) est partie au Burundi pour observer les \u00e9lections l\u00e9gislatives pr\u00e9vues pour le 23 juillet. L\u2019\u00e9quipe est compos\u00e9e de cadres, d\u2019animateurs et de b\u00e9n\u00e9voles des associations-membres d\u2019EurAc, et sera coordonn\u00e9e par Donatella Rostagno, Policy Officer d\u2019EurAc. Les observateurs d\u2019EurAc renforceront l\u2019action de la Cosome (Coalition de la Soci\u00e9t\u00e9 civile pour le Monitoring Electorale), une structure de la soci\u00e9t\u00e9 civile burundaise. Il s\u2019agit de la deuxi\u00e8me \u00e9quipe d\u2019observateurs d\u2019EurAc dans le cycle \u00e9lectoral actuel, apr\u00e8s le scrutin communal du 24 mai.<\/p>\n<p>Nous sommes convaincus que cette mission d\u2019observation \u00e9lectorale contribuera au caract\u00e8re libre et transparent du cycle \u00e9lectoral qui, s\u2019il se d\u00e9roule bien, permettra au Burundi de tourner d\u00e9finitivement la page du conflit et de se concentrer sur la bonne gouvernance et la lutte contre la pauvret\u00e9.<\/p>\n<p>Nous d\u00e9plorons que des acteurs politiques importants se soient retir\u00e9s du processus. N\u00e9anmoins, nous restons convaincus de la pertinence de notre mission et de notre appui au monitoring des \u00e9lections par la soci\u00e9t\u00e9 civile burundaise.  <\/p>\n<p>Renseignements compl\u00e9mentaires :<\/p>\n<p>Donatella Rostagno (au Burundi)+32.496.074905<\/p>\n<p>Kris Berwouts (\u00e0 Bruxelles) +32.485.070852<\/p>","protected":false},"excerpt":{"rendered":"<p>Bruxelles, 18 juillet 2010 EurAc envoie une mission d\u2019observation aux \u00e9lections l\u00e9gislatives au Burundi Ce dimanche matin 18 juillet 2010, une \u00e9quipe d\u2019EurAc (r\u00e9seau des ONG europ\u00e9ennes qui travaillent en Afrique Centrale) est partie au Burundi pour observer les \u00e9lections l\u00e9gislatives pr\u00e9vues pour le 23 juillet. L\u2019\u00e9quipe est compos\u00e9e de cadres, d\u2019animateurs et de b\u00e9n\u00e9voles [&hellip;]<\/p>\n","protected":false},"author":1,"featured_media":0,"comment_status":"closed","ping_status":"open","sticky":false,"template":"","format":"standard","meta":{"_acf_changed":false,"_seopress_robots_primary_cat":"","_seopress_titles_title":"","_seopress_titles_desc":"","_seopress_robots_index":"","footnotes":""},"categories":[2686],"tags":[],"class_list":["post-11311","post","type-post","status-publish","format-standard","hentry","category-pre-2015"],"acf":[],"_links":{"self":[{"href":"http:\/\/www.justicepaix.be\/en\/wp-json\/wp\/v2\/posts\/11311","targetHints":{"allow":["GET"]}}],"collection":[{"href":"http:\/\/www.justicepaix.be\/en\/wp-json\/wp\/v2\/posts"}],"about":[{"href":"http:\/\/www.justicepaix.be\/en\/wp-json\/wp\/v2\/types\/post"}],"author":[{"embeddable":true,"href":"http:\/\/www.justicepaix.be\/en\/wp-json\/wp\/v2\/users\/1"}],"replies":[{"embeddable":true,"href":"http:\/\/www.justicepaix.be\/en\/wp-json\/wp\/v2\/comments?post=11311"}],"version-history":[{"count":0,"href":"http:\/\/www.justicepaix.be\/en\/wp-json\/wp\/v2\/posts\/11311\/revisions"}],"wp:attachment":[{"href":"http:\/\/www.justicepaix.be\/en\/wp-json\/wp\/v2\/media?parent=11311"}],"wp:term":[{"taxonomy":"category","embeddable":true,"href":"http:\/\/www.justicepaix.be\/en\/wp-json\/wp\/v2\/categories?post=11311"},{"taxonomy":"post_tag","embeddable":true,"href":"http:\/\/www.justicepaix.be\/en\/wp-json\/wp\/v2\/tags?post=11311"}],"curies":[{"name":"wp","href":"https:\/\/api.w.org\/{rel}","templated":true}]}}