{"id":11136,"date":"2009-12-01T00:00:00","date_gmt":"2009-12-01T00:00:00","guid":{"rendered":"https:\/\/demop.netbaz.be\/2021\/jp\/2009\/12\/01\/le-genre-cle-de-lecture-indispensable-a-la-lutte-contre-les-violences-socio\/"},"modified":"2021-04-14T11:44:47","modified_gmt":"2021-04-14T11:44:47","slug":"le-genre-cle-de-lecture-indispensable-a-la-lutte-contre-les-violences-socio","status":"publish","type":"post","link":"http:\/\/www.justicepaix.be\/en\/le-genre-cle-de-lecture-indispensable-a-la-lutte-contre-les-violences-socio\/","title":{"rendered":"Gender: an essential key to the fight against socio-economic violence"},"content":{"rendered":"<p class=\"post_excerpt\">Cette analyse se r\u00e9f\u00e9rera au concept largement (re)connu de \u00ab genre \u00bb. Celui-ci nous permet notamment d\u2019envisager un changement, une transformation sociale vers des rapports plus justes entre les femmes et les hommes. Ce changement s\u2019impose au Nord, o\u00f9 les femmes continuent d\u2019\u00eatre victimes des violences pr\u00e9c\u00e9demment \u00e9voqu\u00e9es, et au Sud o\u00f9, leur fragilisation est souvent port\u00e9e \u00e0 l\u2019extr\u00eame.<\/p>\n\n\n<!--more-->\n\n<h2 class=\"wp-block-heading\">Attachments<\/h2>\n\n\n\n<div class=\"wp-block-file\"><a href=\"http:\/\/demop.netbaz.be\/2021\/jp\/wp-content\/uploads\/2010\/01\/pdf_2009_Analyse_le_genre_cle_de_lecture_indispensable_a_la_lutte_contre_les_violences_socioeconomiques.pdf\">Gender: an essential key to the fight against socio-economic violence<\/a><\/div>","protected":false},"excerpt":{"rendered":"<p>Cette analyse se r\u00e9f\u00e9rera au concept largement (re)connu de \u00ab genre \u00bb. Celui-ci nous permet notamment d\u2019envisager un changement, une transformation sociale vers des rapports plus justes entre les femmes et les hommes. Ce changement s\u2019impose au Nord, o\u00f9 les femmes continuent d\u2019\u00eatre victimes des violences pr\u00e9c\u00e9demment \u00e9voqu\u00e9es, et au Sud o\u00f9, leur fragilisation est [&hellip;]<\/p>\n","protected":false},"author":52,"featured_media":11135,"comment_status":"closed","ping_status":"open","sticky":false,"template":"","format":"standard","meta":{"_acf_changed":false,"_seopress_robots_primary_cat":"","_seopress_titles_title":"","_seopress_titles_desc":"","_seopress_robots_index":"","footnotes":""},"categories":[2722],"tags":[2795,2824,2821,2830,2839,2838],"class_list":["post-11136","post","type-post","status-publish","format-standard","has-post-thumbnail","hentry","category-articles-nos-publications","tag-article","tag-droits-humains","tag-economie","tag-genre","tag-justice-sociale","tag-pauvrete"],"acf":[],"_links":{"self":[{"href":"http:\/\/www.justicepaix.be\/en\/wp-json\/wp\/v2\/posts\/11136","targetHints":{"allow":["GET"]}}],"collection":[{"href":"http:\/\/www.justicepaix.be\/en\/wp-json\/wp\/v2\/posts"}],"about":[{"href":"http:\/\/www.justicepaix.be\/en\/wp-json\/wp\/v2\/types\/post"}],"author":[{"embeddable":true,"href":"http:\/\/www.justicepaix.be\/en\/wp-json\/wp\/v2\/users\/52"}],"replies":[{"embeddable":true,"href":"http:\/\/www.justicepaix.be\/en\/wp-json\/wp\/v2\/comments?post=11136"}],"version-history":[{"count":0,"href":"http:\/\/www.justicepaix.be\/en\/wp-json\/wp\/v2\/posts\/11136\/revisions"}],"wp:featuredmedia":[{"embeddable":true,"href":"http:\/\/www.justicepaix.be\/en\/wp-json\/wp\/v2\/media\/11135"}],"wp:attachment":[{"href":"http:\/\/www.justicepaix.be\/en\/wp-json\/wp\/v2\/media?parent=11136"}],"wp:term":[{"taxonomy":"category","embeddable":true,"href":"http:\/\/www.justicepaix.be\/en\/wp-json\/wp\/v2\/categories?post=11136"},{"taxonomy":"post_tag","embeddable":true,"href":"http:\/\/www.justicepaix.be\/en\/wp-json\/wp\/v2\/tags?post=11136"}],"curies":[{"name":"wp","href":"https:\/\/api.w.org\/{rel}","templated":true}]}}