{"id":11047,"date":"2006-01-01T00:00:00","date_gmt":"2006-01-01T00:00:00","guid":{"rendered":"https:\/\/demop.netbaz.be\/2021\/jp\/2006\/01\/01\/des-resultats-electoraux-contestes\/"},"modified":"2021-04-14T11:44:44","modified_gmt":"2021-04-14T11:44:44","slug":"des-resultats-electoraux-contestes","status":"publish","type":"post","link":"http:\/\/www.justicepaix.be\/en\/des-resultats-electoraux-contestes\/","title":{"rendered":"Des r\u00e9sultats \u00e9lectoraux contest\u00e9s"},"content":{"rendered":"Le 2 juillet 2006, les Mexicains se rendaient aux urnes. Les r\u00e9sultats de cette \u00e9lection, pourtant contest\u00e9s par une grand partie de la population (on a parl\u00e9 de fraude \u00e9lectorale), donnent pour vainqueur le conservateur Felipe Calder\u00f3n qui devra faire face \u00e0 de lourds d\u00e9fis.\n\n<a href=\"http:\/\/demop.netbaz.be\/2021\/jp\/wp-content\/uploads\/2006\/01\/pdf_2006-Mexiquedesresultats.pdf\" data-description=\"4 pages\">2006-Mexiquedesresultats.pdf<\/a>\n<h2 class=\"wp-block-heading\">Attachments<\/h2>\n\n\n\n<div class=\"wp-block-file\"><a href=\"http:\/\/demop.netbaz.be\/2021\/jp\/wp-content\/uploads\/2009\/10\/pdf_2006-Mexiquedesresultats.pdf\">2006-Mexiquedesresultats.pdf<\/a><\/div>","protected":false},"excerpt":{"rendered":"<p>Le 2 juillet 2006, les Mexicains se rendaient aux urnes. Les r\u00e9sultats de cette \u00e9lection, pourtant contest\u00e9s par une grand partie de la population (on a parl\u00e9 de fraude \u00e9lectorale), donnent pour vainqueur le conservateur Felipe Calder\u00f3n qui devra faire face \u00e0 de lourds d\u00e9fis. 2006-Mexiquedesresultats.pdf Documents joints<\/p>","protected":false},"author":1,"featured_media":0,"comment_status":"closed","ping_status":"open","sticky":false,"template":"","format":"standard","meta":{"_acf_changed":false,"_seopress_robots_primary_cat":"","_seopress_titles_title":"","_seopress_titles_desc":"","_seopress_robots_index":"","footnotes":""},"categories":[2686],"tags":[2817,2795,2803,2771],"class_list":["post-11047","post","type-post","status-publish","format-standard","hentry","category-pre-2015","tag-amerique-latine","tag-article","tag-elections","tag-mexique"],"acf":[],"_links":{"self":[{"href":"http:\/\/www.justicepaix.be\/en\/wp-json\/wp\/v2\/posts\/11047","targetHints":{"allow":["GET"]}}],"collection":[{"href":"http:\/\/www.justicepaix.be\/en\/wp-json\/wp\/v2\/posts"}],"about":[{"href":"http:\/\/www.justicepaix.be\/en\/wp-json\/wp\/v2\/types\/post"}],"author":[{"embeddable":true,"href":"http:\/\/www.justicepaix.be\/en\/wp-json\/wp\/v2\/users\/1"}],"replies":[{"embeddable":true,"href":"http:\/\/www.justicepaix.be\/en\/wp-json\/wp\/v2\/comments?post=11047"}],"version-history":[{"count":0,"href":"http:\/\/www.justicepaix.be\/en\/wp-json\/wp\/v2\/posts\/11047\/revisions"}],"wp:attachment":[{"href":"http:\/\/www.justicepaix.be\/en\/wp-json\/wp\/v2\/media?parent=11047"}],"wp:term":[{"taxonomy":"category","embeddable":true,"href":"http:\/\/www.justicepaix.be\/en\/wp-json\/wp\/v2\/categories?post=11047"},{"taxonomy":"post_tag","embeddable":true,"href":"http:\/\/www.justicepaix.be\/en\/wp-json\/wp\/v2\/tags?post=11047"}],"curies":[{"name":"wp","href":"https:\/\/api.w.org\/{rel}","templated":true}]}}