{"id":11043,"date":"2006-01-01T00:00:00","date_gmt":"2006-01-01T00:00:00","guid":{"rendered":"https:\/\/demop.netbaz.be\/2021\/jp\/2006\/01\/01\/la-lutte-de-la-societe-civile-au-perou\/"},"modified":"2021-04-14T11:44:44","modified_gmt":"2021-04-14T11:44:44","slug":"la-lutte-de-la-societe-civile-au-perou","status":"publish","type":"post","link":"http:\/\/www.justicepaix.be\/en\/la-lutte-de-la-societe-civile-au-perou\/","title":{"rendered":"The struggle of civil society in Peru."},"content":{"rendered":"\u00c0 l&rsquo;occasion de la visite de Gaston Garatea Jori en Belgique, et dans le cadre des rencontres organis\u00e9es par Justice et Paix avec des responsables politiques belges et europ\u00e9ens ainsi que lors de rencontres avec des jeunes, Justice et Paix se penche sur le contexte actuel au P\u00e9rou ainsi que sur les enjeux pour le futur du pays : les suivis de la Commission V\u00e9rit\u00e9 et R\u00e9conciliation ainsi que la lutte contre la pauvret\u00e9 sont quelques-unes des priorit\u00e9s. Il s&rsquo;agit d&rsquo;une responsabilit\u00e9 de l&rsquo;Etat p\u00e9ruvien, mais aussi de la Communaut\u00e9 Internationale.\n\n<a href=\"http:\/\/demop.netbaz.be\/2021\/jp\/wp-content\/uploads\/2006\/01\/pdf_2006-Perouveritepauvrete-analyse.pdf\" data-description=\"5 pages\">2006-Perouveritepauvrete-analyse.pdf<\/a>\n<h2 class=\"wp-block-heading\">Attachments<\/h2>\n\n\n\n<div class=\"wp-block-file\"><a href=\"http:\/\/demop.netbaz.be\/2021\/jp\/wp-content\/uploads\/2009\/10\/pdf_2006-Perouveritepauvrete-analyse.pdf\">2006-Perouveritepauvrete-analyse.pdf<\/a><\/div>","protected":false},"excerpt":{"rendered":"<p>\u00c0 l&rsquo;occasion de la visite de Gaston Garatea Jori en Belgique, et dans le cadre des rencontres organis\u00e9es par Justice et Paix avec des responsables politiques belges et europ\u00e9ens ainsi que lors de rencontres avec des jeunes, Justice et Paix se penche sur le contexte actuel au P\u00e9rou ainsi que sur les enjeux pour le [&hellip;]<\/p>\n","protected":false},"author":1,"featured_media":0,"comment_status":"closed","ping_status":"open","sticky":false,"template":"","format":"standard","meta":{"_acf_changed":false,"_seopress_robots_primary_cat":"","_seopress_titles_title":"","_seopress_titles_desc":"","_seopress_robots_index":"","footnotes":""},"categories":[2686],"tags":[2817,2795,2824,2796,2838,2818,2793],"class_list":["post-11043","post","type-post","status-publish","format-standard","hentry","category-pre-2015","tag-amerique-latine","tag-article","tag-droits-humains","tag-lutte-contre-limpunite","tag-pauvrete","tag-perou","tag-societe-civile"],"acf":[],"_links":{"self":[{"href":"http:\/\/www.justicepaix.be\/en\/wp-json\/wp\/v2\/posts\/11043","targetHints":{"allow":["GET"]}}],"collection":[{"href":"http:\/\/www.justicepaix.be\/en\/wp-json\/wp\/v2\/posts"}],"about":[{"href":"http:\/\/www.justicepaix.be\/en\/wp-json\/wp\/v2\/types\/post"}],"author":[{"embeddable":true,"href":"http:\/\/www.justicepaix.be\/en\/wp-json\/wp\/v2\/users\/1"}],"replies":[{"embeddable":true,"href":"http:\/\/www.justicepaix.be\/en\/wp-json\/wp\/v2\/comments?post=11043"}],"version-history":[{"count":0,"href":"http:\/\/www.justicepaix.be\/en\/wp-json\/wp\/v2\/posts\/11043\/revisions"}],"wp:attachment":[{"href":"http:\/\/www.justicepaix.be\/en\/wp-json\/wp\/v2\/media?parent=11043"}],"wp:term":[{"taxonomy":"category","embeddable":true,"href":"http:\/\/www.justicepaix.be\/en\/wp-json\/wp\/v2\/categories?post=11043"},{"taxonomy":"post_tag","embeddable":true,"href":"http:\/\/www.justicepaix.be\/en\/wp-json\/wp\/v2\/tags?post=11043"}],"curies":[{"name":"wp","href":"https:\/\/api.w.org\/{rel}","templated":true}]}}