{"id":11035,"date":"2006-01-01T00:00:00","date_gmt":"2006-01-01T00:00:00","guid":{"rendered":"https:\/\/demop.netbaz.be\/2021\/jp\/2006\/01\/01\/un-enieme-ordre-mondial\/"},"modified":"2021-04-14T11:44:43","modified_gmt":"2021-04-14T11:44:43","slug":"un-enieme-ordre-mondial","status":"publish","type":"post","link":"http:\/\/www.justicepaix.be\/en\/un-enieme-ordre-mondial\/","title":{"rendered":"Un \u00e9ni\u00e8me ordre mondial ?"},"content":{"rendered":"<p class=\"post_excerpt\">Nous vivons un changement d&rsquo;\u00e9poque : le monde bipolaire s&rsquo;est mu\u00e9 en multipolaire. La notion de tiers-monde a \u00e9clat\u00e9. Pas mal de pays, en Asie et en Am\u00e9rique latine, progressent et les rapports de force se modifient. \n<\/p>\n\n\n<!--more-->\nComment expliquer l&rsquo;\u00e9mergence de ces nouvelles puissances, telles que le Br\u00e9sil, l&rsquo;Inde ou la Chine ? Quels crit\u00e8res doit remplir un Etat pour \u00eatre reconnu comme \u00ab\u00a0grande puissance\u00a0\u00bb ? Quelles sont les cons\u00e9quences pour le fondement de nos d\u00e9mocraties, au sein des Etats, eux-m\u00eames soumis \u00e0 de profondes mutations ?\n\n<a href=\"http:\/\/demop.netbaz.be\/2021\/jp\/wp-content\/uploads\/2006\/01\/pdf_2006-Grandespuissances.pdf\" data-description=\"8 pages\">2006-Grandespuissances.pdf<\/a>\n<h2 class=\"wp-block-heading\">Attachments<\/h2>\n\n\n\n<div class=\"wp-block-file\"><a href=\"http:\/\/demop.netbaz.be\/2021\/jp\/wp-content\/uploads\/2009\/10\/pdf_2006-Grandespuissances.pdf\">2006-Grandespuissances.pdf<\/a><\/div>","protected":false},"excerpt":{"rendered":"<p>Nous vivons un changement d&rsquo;\u00e9poque : le monde bipolaire s&rsquo;est mu\u00e9 en multipolaire. La notion de tiers-monde a \u00e9clat\u00e9. Pas mal de pays, en Asie et en Am\u00e9rique latine, progressent et les rapports de force se modifient.<\/p>","protected":false},"author":1,"featured_media":0,"comment_status":"closed","ping_status":"open","sticky":false,"template":"","format":"standard","meta":{"_acf_changed":false,"_seopress_robots_primary_cat":"","_seopress_titles_title":"","_seopress_titles_desc":"","_seopress_robots_index":"","footnotes":""},"categories":[2686],"tags":[2799,2795,2805],"class_list":["post-11035","post","type-post","status-publish","format-standard","hentry","category-pre-2015","tag-armes-desarmement","tag-article","tag-geopolitique"],"acf":[],"_links":{"self":[{"href":"http:\/\/www.justicepaix.be\/en\/wp-json\/wp\/v2\/posts\/11035","targetHints":{"allow":["GET"]}}],"collection":[{"href":"http:\/\/www.justicepaix.be\/en\/wp-json\/wp\/v2\/posts"}],"about":[{"href":"http:\/\/www.justicepaix.be\/en\/wp-json\/wp\/v2\/types\/post"}],"author":[{"embeddable":true,"href":"http:\/\/www.justicepaix.be\/en\/wp-json\/wp\/v2\/users\/1"}],"replies":[{"embeddable":true,"href":"http:\/\/www.justicepaix.be\/en\/wp-json\/wp\/v2\/comments?post=11035"}],"version-history":[{"count":0,"href":"http:\/\/www.justicepaix.be\/en\/wp-json\/wp\/v2\/posts\/11035\/revisions"}],"wp:attachment":[{"href":"http:\/\/www.justicepaix.be\/en\/wp-json\/wp\/v2\/media?parent=11035"}],"wp:term":[{"taxonomy":"category","embeddable":true,"href":"http:\/\/www.justicepaix.be\/en\/wp-json\/wp\/v2\/categories?post=11035"},{"taxonomy":"post_tag","embeddable":true,"href":"http:\/\/www.justicepaix.be\/en\/wp-json\/wp\/v2\/tags?post=11035"}],"curies":[{"name":"wp","href":"https:\/\/api.w.org\/{rel}","templated":true}]}}