{"id":10903,"date":"2006-01-01T00:00:00","date_gmt":"2006-01-01T00:00:00","guid":{"rendered":"https:\/\/demop.netbaz.be\/2021\/jp\/2006\/01\/01\/pinochet-fin-suites\/"},"modified":"2021-04-14T11:44:39","modified_gmt":"2021-04-14T11:44:39","slug":"pinochet-fin-suites","status":"publish","type":"post","link":"http:\/\/www.justicepaix.be\/en\/pinochet-fin-suites\/","title":{"rendered":"Pinochet\u2026 END\u2026 sequels!"},"content":{"rendered":"<p class=\"post_excerpt\">Il est mort dans son lit et sans jugement. Le g\u00e9n\u00e9ral Pinochet, le dictateur de 17 ann\u00e9es de terreur au Chili, vient de quitter notre monde, celui qu\u2019il n\u2019a pas voulu et qu\u2019il a m\u00eame combattu avec force.<\/p>\n\n\n<!--more-->\nNotre monde, c\u2019est celui de la libert\u00e9 et du respect de l\u2019humain. S\u2019il ne peut \u00eatre jug\u00e9 par le droit international ou mieux, par le droit chilien, il reste que le jugement de l\u2019histoire lui est d\u00e9j\u00e0 d\u00e9favorable.\n\n<a href=\"http:\/\/demop.netbaz.be\/2021\/jp\/wp-content\/uploads\/2006\/01\/pdf_Regardactualite-Pinochet.pdf\">Regardactualite-Pinochet.pdf<\/a>\n<h2 class=\"wp-block-heading\">Attachments<\/h2>\n\n\n\n<div class=\"wp-block-file\"><a href=\"http:\/\/demop.netbaz.be\/2021\/jp\/wp-content\/uploads\/2009\/10\/pdf_Regardactualite-Pinochet.pdf\">Regardactualite-Pinochet.pdf<\/a><\/div>","protected":false},"excerpt":{"rendered":"<p>Il est mort dans son lit et sans jugement. Le g\u00e9n\u00e9ral Pinochet, le dictateur de 17 ann\u00e9es de terreur au Chili, vient de quitter notre monde, celui qu\u2019il n\u2019a pas voulu et qu\u2019il a m\u00eame combattu avec force.<\/p>","protected":false},"author":1,"featured_media":0,"comment_status":"closed","ping_status":"open","sticky":false,"template":"","format":"standard","meta":{"_acf_changed":false,"_seopress_robots_primary_cat":"","_seopress_titles_title":"","_seopress_titles_desc":"","_seopress_robots_index":"","footnotes":""},"categories":[2686],"tags":[2815],"class_list":["post-10903","post","type-post","status-publish","format-standard","hentry","category-pre-2015","tag-plaidoyer"],"acf":[],"_links":{"self":[{"href":"http:\/\/www.justicepaix.be\/en\/wp-json\/wp\/v2\/posts\/10903","targetHints":{"allow":["GET"]}}],"collection":[{"href":"http:\/\/www.justicepaix.be\/en\/wp-json\/wp\/v2\/posts"}],"about":[{"href":"http:\/\/www.justicepaix.be\/en\/wp-json\/wp\/v2\/types\/post"}],"author":[{"embeddable":true,"href":"http:\/\/www.justicepaix.be\/en\/wp-json\/wp\/v2\/users\/1"}],"replies":[{"embeddable":true,"href":"http:\/\/www.justicepaix.be\/en\/wp-json\/wp\/v2\/comments?post=10903"}],"version-history":[{"count":0,"href":"http:\/\/www.justicepaix.be\/en\/wp-json\/wp\/v2\/posts\/10903\/revisions"}],"wp:attachment":[{"href":"http:\/\/www.justicepaix.be\/en\/wp-json\/wp\/v2\/media?parent=10903"}],"wp:term":[{"taxonomy":"category","embeddable":true,"href":"http:\/\/www.justicepaix.be\/en\/wp-json\/wp\/v2\/categories?post=10903"},{"taxonomy":"post_tag","embeddable":true,"href":"http:\/\/www.justicepaix.be\/en\/wp-json\/wp\/v2\/tags?post=10903"}],"curies":[{"name":"wp","href":"https:\/\/api.w.org\/{rel}","templated":true}]}}