{"id":10869,"date":"2004-01-01T00:00:00","date_gmt":"2004-01-01T00:00:00","guid":{"rendered":"https:\/\/demop.netbaz.be\/2021\/jp\/2004\/01\/01\/l-onu-en-question\/"},"modified":"2004-01-01T00:00:00","modified_gmt":"2004-01-01T00:00:00","slug":"l-onu-en-question","status":"publish","type":"post","link":"http:\/\/www.justicepaix.be\/en\/l-onu-en-question\/","title":{"rendered":"The UN in question\u2026"},"content":{"rendered":"<p>Contribution au d\u00e9bat sur une r\u00e9forme des institutions europ\u00e9ennes et internationales en mati\u00e8re de paix et de s\u00e9curit\u00e9 (extraits de deux journ\u00e9es de travail organis\u00e9es conjointement avec Pax Christi Wallonie-Bruxelles).<\/p>\n<p><em>Order by <a href=\"\/en\/info@justicepaix.be\/\">e-mail<\/a> ou au +32 (0) 2 738 08 01. (42 pages, 4\u20ac)<\/em><\/p>","protected":false},"excerpt":{"rendered":"<p>Contribution au d\u00e9bat sur une r\u00e9forme des institutions europ\u00e9ennes et internationales en mati\u00e8re de paix et de s\u00e9curit\u00e9 (extraits de deux journ\u00e9es de travail organis\u00e9es conjointement avec Pax Christi Wallonie-Bruxelles). Commandez par courriel ou au +32 (0) 2 738 08 01. (42 pages, 4\u20ac)<\/p>","protected":false},"author":1,"featured_media":0,"comment_status":"closed","ping_status":"open","sticky":false,"template":"","format":"standard","meta":{"_acf_changed":false,"_seopress_robots_primary_cat":"","_seopress_titles_title":"","_seopress_titles_desc":"","_seopress_robots_index":"","footnotes":""},"categories":[2686],"tags":[2807],"class_list":["post-10869","post","type-post","status-publish","format-standard","hentry","category-pre-2015","tag-organisations-internationales"],"acf":[],"_links":{"self":[{"href":"http:\/\/www.justicepaix.be\/en\/wp-json\/wp\/v2\/posts\/10869","targetHints":{"allow":["GET"]}}],"collection":[{"href":"http:\/\/www.justicepaix.be\/en\/wp-json\/wp\/v2\/posts"}],"about":[{"href":"http:\/\/www.justicepaix.be\/en\/wp-json\/wp\/v2\/types\/post"}],"author":[{"embeddable":true,"href":"http:\/\/www.justicepaix.be\/en\/wp-json\/wp\/v2\/users\/1"}],"replies":[{"embeddable":true,"href":"http:\/\/www.justicepaix.be\/en\/wp-json\/wp\/v2\/comments?post=10869"}],"version-history":[{"count":0,"href":"http:\/\/www.justicepaix.be\/en\/wp-json\/wp\/v2\/posts\/10869\/revisions"}],"wp:attachment":[{"href":"http:\/\/www.justicepaix.be\/en\/wp-json\/wp\/v2\/media?parent=10869"}],"wp:term":[{"taxonomy":"category","embeddable":true,"href":"http:\/\/www.justicepaix.be\/en\/wp-json\/wp\/v2\/categories?post=10869"},{"taxonomy":"post_tag","embeddable":true,"href":"http:\/\/www.justicepaix.be\/en\/wp-json\/wp\/v2\/tags?post=10869"}],"curies":[{"name":"wp","href":"https:\/\/api.w.org\/{rel}","templated":true}]}}