{"id":10864,"date":"2005-01-01T00:00:00","date_gmt":"2005-01-01T00:00:00","guid":{"rendered":"https:\/\/demop.netbaz.be\/2021\/jp\/2005\/01\/01\/le-mexique-et-l-union-europeenne-les-memes-defis\/"},"modified":"2005-01-01T00:00:00","modified_gmt":"2005-01-01T00:00:00","slug":"le-mexique-et-l-union-europeenne-les-memes-defis","status":"publish","type":"post","link":"http:\/\/www.justicepaix.be\/en\/le-mexique-et-l-union-europeenne-les-memes-defis\/","title":{"rendered":"Mexico and the European Union: the same challenges"},"content":{"rendered":"<p>Principalement bas\u00e9e sur des t\u00e9moignages, cette publication traite de l&rsquo;impact social des politiques commerciales.<\/p>\n<p><em>Disponible en fran\u00e7ais ou en espagnol au secr\u00e9tariat de Justice et Paix ou au secr\u00e9tariat de <a href=\"\/en\/cifca@cifca.ngonet.be\/\">CIFCA<\/a> (t\u00e9l. +32 (0) 2 536 19 12). (23 pages, gratuit)<\/em><\/p>","protected":false},"excerpt":{"rendered":"<p>Principalement bas\u00e9e sur des t\u00e9moignages, cette publication traite de l&rsquo;impact social des politiques commerciales. Disponible en fran\u00e7ais ou en espagnol au secr\u00e9tariat de Justice et Paix ou au secr\u00e9tariat de CIFCA (t\u00e9l. +32 (0) 2 536 19 12). (23 pages, gratuit)<\/p>","protected":false},"author":1,"featured_media":0,"comment_status":"closed","ping_status":"open","sticky":false,"template":"","format":"standard","meta":{"_acf_changed":false,"_seopress_robots_primary_cat":"","_seopress_titles_title":"","_seopress_titles_desc":"","_seopress_robots_index":"","footnotes":""},"categories":[2686],"tags":[2817,2821,2823,2833,2771,2822],"class_list":["post-10864","post","type-post","status-publish","format-standard","hentry","category-pre-2015","tag-amerique-latine","tag-economie","tag-etude","tag-europe","tag-mexique","tag-mondialisation"],"acf":[],"_links":{"self":[{"href":"http:\/\/www.justicepaix.be\/en\/wp-json\/wp\/v2\/posts\/10864","targetHints":{"allow":["GET"]}}],"collection":[{"href":"http:\/\/www.justicepaix.be\/en\/wp-json\/wp\/v2\/posts"}],"about":[{"href":"http:\/\/www.justicepaix.be\/en\/wp-json\/wp\/v2\/types\/post"}],"author":[{"embeddable":true,"href":"http:\/\/www.justicepaix.be\/en\/wp-json\/wp\/v2\/users\/1"}],"replies":[{"embeddable":true,"href":"http:\/\/www.justicepaix.be\/en\/wp-json\/wp\/v2\/comments?post=10864"}],"version-history":[{"count":0,"href":"http:\/\/www.justicepaix.be\/en\/wp-json\/wp\/v2\/posts\/10864\/revisions"}],"wp:attachment":[{"href":"http:\/\/www.justicepaix.be\/en\/wp-json\/wp\/v2\/media?parent=10864"}],"wp:term":[{"taxonomy":"category","embeddable":true,"href":"http:\/\/www.justicepaix.be\/en\/wp-json\/wp\/v2\/categories?post=10864"},{"taxonomy":"post_tag","embeddable":true,"href":"http:\/\/www.justicepaix.be\/en\/wp-json\/wp\/v2\/tags?post=10864"}],"curies":[{"name":"wp","href":"https:\/\/api.w.org\/{rel}","templated":true}]}}