{"id":10838,"date":"2009-09-30T11:40:45","date_gmt":"2009-09-30T11:40:45","guid":{"rendered":"https:\/\/demop.netbaz.be\/2021\/jp\/2009\/09\/30\/eduquer-a-la-paix-pour-les-grands-lacs-les-diasporas-comme-intermediaires\/"},"modified":"2021-04-14T11:44:36","modified_gmt":"2021-04-14T11:44:36","slug":"eduquer-a-la-paix-pour-les-grands-lacs-les-diasporas-comme-intermediaires","status":"publish","type":"post","link":"http:\/\/www.justicepaix.be\/en\/eduquer-a-la-paix-pour-les-grands-lacs-les-diasporas-comme-intermediaires\/","title":{"rendered":"Educating for peace for the Great Lakes: diasporas as intermediaries?"},"content":{"rendered":"<p class=\"post_excerpt\">Depuis deux ans, Justice et Paix s\u2019attelle \u00e0 \u00e9tudier les m\u00e9canismes de la lutte contre l\u2019impunit\u00e9 et de la r\u00e9conciliation apr\u00e8s un conflit violent. Une des conclusions de ce travail, outre le besoin primordial que justice soit rendue aux victimes et que les auteurs des crimes soient tenus responsables de leurs actes, est la n\u00e9cessit\u00e9 d\u2019instaurer une paix durable pour permettre \u00e0 ces processus de r\u00e9ussir .\n<\/p>\n\n\n<!--more-->\n\n<h2 class=\"wp-block-heading\">Attachments<\/h2>\n\n\n\n<div class=\"wp-block-file\"><a href=\"http:\/\/demop.netbaz.be\/2021\/jp\/wp-content\/uploads\/2009\/09\/pdf_2009analyseeduqueralapaixpourlesgrandslacslesdiasporascommeintermediaireexplorationdelaquest.pdf\">Educating for peace for the Great Lakes: diasporas as intermediaries?<\/a><\/div>","protected":false},"excerpt":{"rendered":"<p>Depuis deux ans, Justice et Paix s\u2019attelle \u00e0 \u00e9tudier les m\u00e9canismes de la lutte contre l\u2019impunit\u00e9 et de la r\u00e9conciliation apr\u00e8s un conflit violent. Une des conclusions de ce travail, outre le besoin primordial que justice soit rendue aux victimes et que les auteurs des crimes soient tenus responsables de leurs actes, est la n\u00e9cessit\u00e9 [&hellip;]<\/p>\n","protected":false},"author":1,"featured_media":0,"comment_status":"closed","ping_status":"open","sticky":false,"template":"","format":"standard","meta":{"_acf_changed":false,"_seopress_robots_primary_cat":"","_seopress_titles_title":"","_seopress_titles_desc":"","_seopress_robots_index":"","footnotes":""},"categories":[2722],"tags":[2794,2795,2796,2825,2792,2826],"class_list":["post-10838","post","type-post","status-publish","format-standard","hentry","category-articles-nos-publications","tag-afrique-centrale","tag-article","tag-lutte-contre-limpunite","tag-prevention-des-conflits","tag-rd-congo","tag-reconciliation"],"acf":[],"_links":{"self":[{"href":"http:\/\/www.justicepaix.be\/en\/wp-json\/wp\/v2\/posts\/10838","targetHints":{"allow":["GET"]}}],"collection":[{"href":"http:\/\/www.justicepaix.be\/en\/wp-json\/wp\/v2\/posts"}],"about":[{"href":"http:\/\/www.justicepaix.be\/en\/wp-json\/wp\/v2\/types\/post"}],"author":[{"embeddable":true,"href":"http:\/\/www.justicepaix.be\/en\/wp-json\/wp\/v2\/users\/1"}],"replies":[{"embeddable":true,"href":"http:\/\/www.justicepaix.be\/en\/wp-json\/wp\/v2\/comments?post=10838"}],"version-history":[{"count":0,"href":"http:\/\/www.justicepaix.be\/en\/wp-json\/wp\/v2\/posts\/10838\/revisions"}],"wp:attachment":[{"href":"http:\/\/www.justicepaix.be\/en\/wp-json\/wp\/v2\/media?parent=10838"}],"wp:term":[{"taxonomy":"category","embeddable":true,"href":"http:\/\/www.justicepaix.be\/en\/wp-json\/wp\/v2\/categories?post=10838"},{"taxonomy":"post_tag","embeddable":true,"href":"http:\/\/www.justicepaix.be\/en\/wp-json\/wp\/v2\/tags?post=10838"}],"curies":[{"name":"wp","href":"https:\/\/api.w.org\/{rel}","templated":true}]}}